{"id":12915,"date":"2025-04-09T15:10:22","date_gmt":"2025-04-09T15:10:22","guid":{"rendered":"https:\/\/www.europesays.com\/fr\/12915\/"},"modified":"2025-04-09T15:10:22","modified_gmt":"2025-04-09T15:10:22","slug":"une-identite-forte-en-phase-avec-le-film-assure-le-realisateur","status":"publish","type":"post","link":"https:\/\/www.europesays.com\/fr\/12915\/","title":{"rendered":"\u00ab\u00a0Une identit\u00e9 forte, en phase avec le film\u00a0\u00bb, assure le r\u00e9alisateur"},"content":{"rendered":"<p>Thriller rondement men\u00e9, <a href=\"https:\/\/www.laprovence.com\/article\/culture-loisirs\/1942957249517515\/sortie-du-film-the-amateur-jai-une-attirance-envers-les-personnages-fragiles-confie-rami-malek\" target=\"_blank\" rel=\"nofollow noopener\">The Amateur<\/a> place son action \u00e0 Londres, Paris, Bruxelles, Istanbul\u2026 et <a href=\"https:\/\/www.laprovence.com\/region\/Edition-marseille\" target=\"_blank\" rel=\"nofollow noopener\">Marseille<\/a>. Une destination qui a particuli\u00e8rement s\u00e9duit le r\u00e9alisateur James Hawes qui a ainsi abandonn\u00e9 l\u2019id\u00e9e de faire effectuer au personnage de Charlie Heller, interpr\u00e9t\u00e9 par <a href=\"https:\/\/www.laprovence.com\/article\/region\/1425338069333516\/lacteur-rami-malek-apercu-a-marseille-un-tournage-en-cours\" target=\"_blank\" rel=\"nofollow noopener\">Rami Malek<\/a>, un voyage direct entre les capitales fran\u00e7aise et belge. \u00ab\u00a0C\u2019\u00e9tait peu excitant. On a choisi la cit\u00e9 phoc\u00e9enne parce que c\u2019est plus marquant. \u00c0 ce moment du film Charlie vient de tuer pour la premi\u00e8re fois, il est dans un mood sombre, il s\u2019isole et a besoin de se ressaisir\u00a0\u00bb, confie-t-il en avouant avoir d\u00e9j\u00e0 pos\u00e9 ses pieds dans la ville\u2026 il y a 25\u00a0ans\u00a0!<\/p>\n<p>\u00ab\u00a0C\u2019\u00e9tait bien d\u2019y revenir et d\u2019avoir du temps sur place. L\u2019\u00e9nergie qui s\u2019en d\u00e9gage m\u2019a inspir\u00e9. On a aim\u00e9 ce qu\u2019elle offre\u00a0: une vraie vie nocturne, des clubs, un quartier avec une sc\u00e8ne musicale. \u00c7a a apport\u00e9 une nouvelle couleur au film, en phase avec l\u2019\u00e9tat d\u2019esprit que devait avoir Rami.\u00a0\u00bb La principale s\u00e9quence se d\u00e9roule de nuit, autour du quartier de <a href=\"https:\/\/www.laprovence.com\/article\/societe\/8233685341541414\/marseille-notre-dame-du-mont-quartier-le-plus-cool-du-monde-selon-le-magazine-time-out\" target=\"_blank\" rel=\"nofollow noopener\">Notre-Dame-du-Mont<\/a>. L\u2019envie n\u2019est pas de filmer le soleil, les plages, mais de cr\u00e9er un univers underground. Il explique \u00e0 ce sujet\u00a0: \u00ab\u00a0Marseille a des contrastes, des formes vari\u00e9es, une subculture que j\u2019aime. Les graffitis sont graphiques, m\u00eame si on a d\u00fb parfois les remplacer par les n\u00f4tres, faute d\u2019autorisation. On y d\u00e9couvre une identit\u00e9 forte, en phase avec le film.\u00a0\u00bb<\/p>\n<p>Une arriv\u00e9e \u00e0 la gare Saint-Charles, comme dans \u00ab\u00a0Stillwater\u00a0\u00bb<\/p>\n<p>De mani\u00e8re plus inattendue, certains passages cens\u00e9s se d\u00e9rouler en Turquie ont aussi \u00e9t\u00e9 tourn\u00e9s dans la r\u00e9gion. \u00ab\u00a0On a recr\u00e9\u00e9 une petite partie d\u2019Istanbul dans un lieu \u00e0 l\u2019ext\u00e9rieur de la ville. C\u2019\u00e9tait parfait, tr\u00e8s \u00e9vocateur\u00a0\u00bb, souligne l\u2019artiste britannique qui s\u2019est attach\u00e9 \u00e0 \u00e9viter de montrer le c\u00f4t\u00e9 touristique\u2026 Y compris lors de l\u2019arriv\u00e9e du personnage interpr\u00e9t\u00e9 par Rami Malek \u00e0 Saint-Charles.<\/p>\n<p>\u00ab\u00a0Bien entendu, j\u2019ai vu la sc\u00e8ne o\u00f9 Matt Damon, dans <a href=\"https:\/\/www.laprovence.com\/article\/sorties-loisirs\/6526225\/lilou-matt-damon-et-moi-communiquions-par-signes.html\" target=\"_blank\" rel=\"nofollow noopener\">Stillwater<\/a>, d\u00e9barque \u00e0 la gare routi\u00e8re. Comme on avait une sc\u00e8ne similaire \u00e0 tourner, j\u2019ai voulu \u00e9viter de la copier et me suis attach\u00e9 \u00e0 trouver des angles de prises de vue diff\u00e9rents tout en montrant l\u2019ampleur de la ville.\u00a0\u00bb De quoi, en somme, faire de Marseille un d\u00e9cor vivant, en r\u00e9sonance avec ce thriller nerveux qui saura ravir les adeptes du genre.<\/p>\n","protected":false},"excerpt":{"rendered":"Thriller rondement men\u00e9, The Amateur place son action \u00e0 Londres, Paris, Bruxelles, Istanbul\u2026 et Marseille. Une destination qui&hellip;\n","protected":false},"author":2,"featured_media":12916,"comment_status":"","ping_status":"","sticky":false,"template":"","format":"standard","meta":{"footnotes":""},"categories":[2814],"tags":[17,1111,11,5891,251,1777,674,1011,27,5893,884,12,882,25,5890,3989,5892,96],"class_list":{"0":"post-12915","1":"post","2":"type-post","3":"status-publish","4":"format-standard","5":"has-post-thumbnail","7":"category-marseille","8":"tag-17","9":"tag-actu","10":"tag-actualites","11":"tag-amateur","12":"tag-culture","13":"tag-eu","14":"tag-europe","15":"tag-fr","16":"tag-france","17":"tag-identite","18":"tag-marseille","19":"tag-news","20":"tag-provence-alpes-cote-dazur","21":"tag-republique-francaise","22":"tag-scenes","23":"tag-the","24":"tag-tournees","25":"tag-une"},"share_on_mastodon":{"url":"https:\/\/pubeurope.com\/@fr\/114308646416351725","error":""},"_links":{"self":[{"href":"https:\/\/www.europesays.com\/fr\/wp-json\/wp\/v2\/posts\/12915","targetHints":{"allow":["GET"]}}],"collection":[{"href":"https:\/\/www.europesays.com\/fr\/wp-json\/wp\/v2\/posts"}],"about":[{"href":"https:\/\/www.europesays.com\/fr\/wp-json\/wp\/v2\/types\/post"}],"author":[{"embeddable":true,"href":"https:\/\/www.europesays.com\/fr\/wp-json\/wp\/v2\/users\/2"}],"replies":[{"embeddable":true,"href":"https:\/\/www.europesays.com\/fr\/wp-json\/wp\/v2\/comments?post=12915"}],"version-history":[{"count":0,"href":"https:\/\/www.europesays.com\/fr\/wp-json\/wp\/v2\/posts\/12915\/revisions"}],"wp:featuredmedia":[{"embeddable":true,"href":"https:\/\/www.europesays.com\/fr\/wp-json\/wp\/v2\/media\/12916"}],"wp:attachment":[{"href":"https:\/\/www.europesays.com\/fr\/wp-json\/wp\/v2\/media?parent=12915"}],"wp:term":[{"taxonomy":"category","embeddable":true,"href":"https:\/\/www.europesays.com\/fr\/wp-json\/wp\/v2\/categories?post=12915"},{"taxonomy":"post_tag","embeddable":true,"href":"https:\/\/www.europesays.com\/fr\/wp-json\/wp\/v2\/tags?post=12915"}],"curies":[{"name":"wp","href":"https:\/\/api.w.org\/{rel}","templated":true}]}}