{"id":129195,"date":"2025-05-26T12:07:09","date_gmt":"2025-05-26T12:07:09","guid":{"rendered":"https:\/\/www.europesays.com\/fr\/129195\/"},"modified":"2025-05-26T12:07:09","modified_gmt":"2025-05-26T12:07:09","slug":"le-dialogue-est-il-rompu-entre-elon-musk-et-donald-trump","status":"publish","type":"post","link":"https:\/\/www.europesays.com\/fr\/129195\/","title":{"rendered":"le dialogue est-il rompu entre Elon Musk et Donald Trump ?"},"content":{"rendered":"<p itemprop=\"description\">La relation entre Elon Musk et Donald Trump semble s\u2019effriter. Une distance et des silences \u00e9loquents marquent peut-\u00eatre la fin d\u2019une alliance qui a secou\u00e9 l\u2019Am\u00e9rique.<\/p>\n<p>EN BREF<\/p>\n<ul class=\"bloc_resume_post_list\">\n<li>\n<p>\t\t\t\t\t\t\t\tElon Musk, alli\u00e9 de Donald Trump, voit son influence diminuer \u00e0 la Maison-Blanche apr\u00e8s avoir soutenu sa r\u00e9\u00e9lection.\n\t\t\t\t\t\t<\/li>\n<li>\n<p>\t\t\t\t\t\t\t\tMusk r\u00e9duit son engagement politique, affectant Tesla avec des boycotts et une baisse de popularit\u00e9.\n\t\t\t\t\t\t<\/li>\n<li>\n<p>\t\t\t\t\t\t\t\tLe silence de Trump et la crise chez Tesla marquent la fin d&rsquo;une alliance autrefois forte.\n\t\t\t\t\t\t<\/li>\n<\/ul>\n<p>Elon Musk, proche alli\u00e9 de Donald Trump, voit son influence s\u2019\u00e9roder \u00e0 la Maison-Blanche. Apr\u00e8s avoir soutenu financi\u00e8rement et m\u00e9diatiquement la r\u00e9\u00e9lection de Trump, le patron de Tesla r\u00e9duit son engagement politique, affect\u00e9 par des pol\u00e9miques et une chute de popularit\u00e9. Cette rupture fragilise Tesla, confront\u00e9 \u00e0 des boycotts et des tensions commerciales. Les silences de Trump confirment une relation en crise.<\/p>\n<p>    Elon Musk \/ Donald Trump, une amiti\u00e9 d\u00e9sormais dans l\u2019ombre <\/p>\n<p>Il n\u2019y a pas si longtemps, l\u2019image d<a href=\"https:\/\/www.autoplus.fr\/actualite\/il-nous-doit-des-milliers-elon-musk-de-nouveau-dans-la-tourmente-1380674.html\" rel=\"nofollow noopener\" target=\"_blank\">\u2019Elon Musk<\/a> et de <a href=\"https:\/\/www.autoplus.fr\/actualite\/on-sattend-perte-denviron-1-milliard-de-dollars-constructeur-paie-frasques-administration-trump-1379525.html\" rel=\"nofollow noopener\" target=\"_blank\">Donald Trump<\/a> c\u00f4te \u00e0 c\u00f4te semblait incarner une alliance et une amiti\u00e9 ind\u00e9fectible. <strong>Le patron de Tesla avait investi plus de 250 millions de dollars dans la campagne de r\u00e9\u00e9lection de Trump<\/strong>, devenant un soutien de poids pour le r\u00e9publicain. \u00c0 Mar-a-Lago, la r\u00e9sidence floridienne de Trump, Musk \u00e9tait presque chez lui, logeant m\u00eame temporairement sur place. Les observateurs parlaient m\u00eame d\u2019une \u201cbromance\u201d politique. Pourtant, en quelques mois, et \u00e0 en croire les m\u00e9dias am\u00e9ricains, ce tableau s\u2019est assombri. Selon le <a href=\"https:\/\/www.politico.com\/news\/2025\/05\/19\/elon-musk-disappears-trump-world-00355313\" rel=\"nofollow noopener\" target=\"_blank\">Politico<\/a>, <strong>Trump n\u2019a pas mentionn\u00e9 Musk sur son r\u00e9seau Truth Social depuis plus d\u2019un mois<\/strong>, un silence assourdissant quand on sait que le pr\u00e9sident vantait auparavant son alli\u00e9 \u201ctous les jours, ou presque\u201d.<\/p>\n<p>Cela ne semble pas vraiment anodin.<strong> Les r\u00e9publicains semblent vouloir prendre leurs distances avec un homme dont la popularit\u00e9 s\u2019effrite<\/strong>. D\u2019apr\u00e8s le m\u00eame m\u00e9dia, Musk, autrefois per\u00e7u comme un atout pour Trump, est devenu un poids. Le patron de SpaceX semble avoir capt\u00e9 le message. Lors d\u2019une intervention \u00e0 un forum \u00e9conomique \u00e0 Doha, il a annonc\u00e9 vouloir \u201cr\u00e9duire consid\u00e9rablement\u201d son implication politique. \u201cJ\u2019ai assez donn\u00e9\u201d, a-t-il l\u00e2ch\u00e9, ajoutant qu\u2019il ne voyait \u201caucune raison\u201d de poursuivre cet engagement pour l\u2019instant.<\/p>\n<p>    Tesla, victime collat\u00e9rale d\u2019un engagement politique ? <\/p>\n<p>Si la relation entre Musk et Trump se complique, les r\u00e9percussions se font sentir bien au-del\u00e0 de la sph\u00e8re politique. <a href=\"https:\/\/www.autoplus.fr\/marque\/tesla\" rel=\"nofollow noopener\" target=\"_blank\">Tesla<\/a> traverse une p\u00e9riode difficile. L\u2019engagement politique de son patron, notamment son soutien controvers\u00e9 \u00e0 des mouvements comme l\u2019AfD en Allemagne, a provoqu\u00e9 un v\u00e9ritable toll\u00e9. En Europe et aux \u00c9tats-Unis, des appels au boycott ont \u00e9merg\u00e9, certains allant jusqu\u2019\u00e0 des actes extr\u00eames avec des showrooms Tesla vandalis\u00e9s et des v\u00e9hicules incendi\u00e9s. <strong>La valeur boursi\u00e8re de Tesla a m\u00eame chut\u00e9<\/strong>, bien que depuis quelques jours, l\u2019action Tesla a retrouv\u00e9 un peu de couleur. Les investisseurs s\u2019inqui\u00e8tent de l\u2019image de la marque qui est d\u00e9sormais associ\u00e9e \u00e0 des pol\u00e9miques politiques. Pour Musk, il n\u2019y a pas lieu de s\u2019inqui\u00e9ter : \u201cTesla va bien. En dehors de l\u2019Europe, nous sommes solides partout ailleurs.\u201d Une assurance qui ne convainc pas tout le monde, alors que les ventes en Europe montrent des signes de faiblesse.<\/p>\n<p>L\u2019implication de Musk dans l\u2019administration Trump n\u2019a pas arrang\u00e9 les choses. Nomm\u00e9 \u201ccollaborateur sp\u00e9cial\u201d \u00e0 la t\u00eate du <strong>DOGE<\/strong> (Department of Government Efficiency), il a pilot\u00e9 des coupes budg\u00e9taires drastiques, touchant des agences comme l\u2019USAID, avec des cons\u00e9quences parfois lourdes. Ces d\u00e9cisions, bien que soutenues par une partie de la base r\u00e9publicaine, ont aliment\u00e9 les critiques contre Musk, accus\u00e9 de privil\u00e9gier une vision id\u00e9ologique au d\u00e9triment de l\u2019int\u00e9r\u00eat public. Son r\u00f4le au DOGE, qu\u2019il a lui-m\u00eame r\u00e9duit \u00e0 deux jours par semaine, semble aujourd\u2019hui en sursis, tout comme son influence \u00e0 Washington.\u00a0 Le silence de Trump est r\u00e9v\u00e9lateur. Lui qui n\u2019h\u00e9sitait pas \u00e0 d\u00e9fendre Musk, reste muet. Ce mutisme, coupl\u00e9 \u00e0 la volont\u00e9 affich\u00e9e de Musk de se recentrer sur ses entreprises, laisse peu de doute : la \u201cbromance\u201d qui fascinait l\u2019Am\u00e9rique appartient peut-\u00eatre d\u00e9j\u00e0 au pass\u00e9.<\/p>\n","protected":false},"excerpt":{"rendered":"La relation entre Elon Musk et Donald Trump semble s\u2019effriter. Une distance et des silences \u00e9loquents marquent peut-\u00eatre&hellip;\n","protected":false},"author":2,"featured_media":129196,"comment_status":"","ping_status":"","sticky":false,"template":"","format":"standard","meta":{"footnotes":""},"categories":[1359],"tags":[58,59,1011,27,1638,973],"class_list":{"0":"post-129195","1":"post","2":"type-post","3":"status-publish","4":"format-standard","5":"has-post-thumbnail","7":"category-people","8":"tag-divertissement","9":"tag-entertainment","10":"tag-fr","11":"tag-france","12":"tag-has_diapo","13":"tag-people"},"share_on_mastodon":{"url":"https:\/\/pubeurope.com\/@fr\/114574055465705806","error":""},"_links":{"self":[{"href":"https:\/\/www.europesays.com\/fr\/wp-json\/wp\/v2\/posts\/129195","targetHints":{"allow":["GET"]}}],"collection":[{"href":"https:\/\/www.europesays.com\/fr\/wp-json\/wp\/v2\/posts"}],"about":[{"href":"https:\/\/www.europesays.com\/fr\/wp-json\/wp\/v2\/types\/post"}],"author":[{"embeddable":true,"href":"https:\/\/www.europesays.com\/fr\/wp-json\/wp\/v2\/users\/2"}],"replies":[{"embeddable":true,"href":"https:\/\/www.europesays.com\/fr\/wp-json\/wp\/v2\/comments?post=129195"}],"version-history":[{"count":0,"href":"https:\/\/www.europesays.com\/fr\/wp-json\/wp\/v2\/posts\/129195\/revisions"}],"wp:featuredmedia":[{"embeddable":true,"href":"https:\/\/www.europesays.com\/fr\/wp-json\/wp\/v2\/media\/129196"}],"wp:attachment":[{"href":"https:\/\/www.europesays.com\/fr\/wp-json\/wp\/v2\/media?parent=129195"}],"wp:term":[{"taxonomy":"category","embeddable":true,"href":"https:\/\/www.europesays.com\/fr\/wp-json\/wp\/v2\/categories?post=129195"},{"taxonomy":"post_tag","embeddable":true,"href":"https:\/\/www.europesays.com\/fr\/wp-json\/wp\/v2\/tags?post=129195"}],"curies":[{"name":"wp","href":"https:\/\/api.w.org\/{rel}","templated":true}]}}