{"id":12921,"date":"2025-04-09T15:13:09","date_gmt":"2025-04-09T15:13:09","guid":{"rendered":"https:\/\/www.europesays.com\/fr\/12921\/"},"modified":"2025-04-09T15:13:09","modified_gmt":"2025-04-09T15:13:09","slug":"la-victime-resiste-les-deux-voleurs-la-passent-a-tabac-dans-les-rues-de-lyon","status":"publish","type":"post","link":"https:\/\/www.europesays.com\/fr\/12921\/","title":{"rendered":"La victime r\u00e9siste, les deux voleurs la passent \u00e0 tabac dans les rues de Lyon"},"content":{"rendered":"<p>La victime r\u00e9siste, les deux voleurs la passent \u00e0 tabac dans les rues de Lyon &#8211; LyonMag<\/p>\n<p itemprop=\"description\"><strong>Dans la nuit de lundi \u00e0 mardi, un homme a \u00e9t\u00e9 victime d&rsquo;une violente tentative de vol.<\/strong><\/p>\n<p>Deux individus lui sont tomb\u00e9s dessus alors qu&rsquo;il marchait rue Saint-Antoine dans le 3e arrondissement de Lyon. Ils ont tent\u00e9 de lui arracher sa cha\u00eene en or ainsi que son t\u00e9l\u00e9phone portable. Mais comme la victime r\u00e9sistait, ils l&rsquo;ont rou\u00e9e de coups avant de prendre la fuite, la laissant dans un \u00e9tat inqui\u00e9tant sur le sol.<\/p>\n<p>Pris en charge par les secours, l&rsquo;homme gri\u00e8vement bless\u00e9 a \u00e9t\u00e9 hospitalis\u00e9 entre la vie et la mort. Le personnel hospitalier est finalement parvenu \u00e0 le stabiliser.<\/p>\n<p>Gr\u00e2ce au signalement donn\u00e9 des deux suspects, un \u00e9quipage de la BAC \u00e9tait parvenu, quelques heures apr\u00e8s l&rsquo;agression, \u00e0 les retrouver et \u00e0 les interpeller.<\/p>\n<p>Ils ont \u00e9t\u00e9 plac\u00e9s en garde \u00e0 vue, l&rsquo;enqu\u00eate se poursuit.<\/p>\n","protected":false},"excerpt":{"rendered":"La victime r\u00e9siste, les deux voleurs la passent \u00e0 tabac dans les rues de Lyon &#8211; LyonMag Dans&hellip;\n","protected":false},"author":2,"featured_media":12922,"comment_status":"","ping_status":"","sticky":false,"template":"","format":"standard","meta":{"footnotes":""},"categories":[1889],"tags":[1111,11,2813,2190,2430,1109,251,1112,2811,1777,674,118,1011,27,1922,1110,1114,2428,2810,12,241,316,25,2812,517,800],"class_list":{"0":"post-12921","1":"post","2":"type-post","3":"status-publish","4":"format-standard","5":"has-post-thumbnail","7":"category-lyon","8":"tag-actu","9":"tag-actualites","10":"tag-article","11":"tag-asvel","12":"tag-auvergne-rhone-alpes","13":"tag-breves","14":"tag-culture","15":"tag-depeches","16":"tag-economique","17":"tag-eu","18":"tag-europe","19":"tag-faits-divers","20":"tag-fr","21":"tag-france","22":"tag-info","23":"tag-informations","24":"tag-infos","25":"tag-lyon","26":"tag-lyonmag","27":"tag-news","28":"tag-ol","29":"tag-politique","30":"tag-republique-francaise","31":"tag-sociale","32":"tag-sport","33":"tag-transports"},"share_on_mastodon":{"url":"https:\/\/pubeurope.com\/@fr\/114308658267722840","error":""},"_links":{"self":[{"href":"https:\/\/www.europesays.com\/fr\/wp-json\/wp\/v2\/posts\/12921","targetHints":{"allow":["GET"]}}],"collection":[{"href":"https:\/\/www.europesays.com\/fr\/wp-json\/wp\/v2\/posts"}],"about":[{"href":"https:\/\/www.europesays.com\/fr\/wp-json\/wp\/v2\/types\/post"}],"author":[{"embeddable":true,"href":"https:\/\/www.europesays.com\/fr\/wp-json\/wp\/v2\/users\/2"}],"replies":[{"embeddable":true,"href":"https:\/\/www.europesays.com\/fr\/wp-json\/wp\/v2\/comments?post=12921"}],"version-history":[{"count":0,"href":"https:\/\/www.europesays.com\/fr\/wp-json\/wp\/v2\/posts\/12921\/revisions"}],"wp:featuredmedia":[{"embeddable":true,"href":"https:\/\/www.europesays.com\/fr\/wp-json\/wp\/v2\/media\/12922"}],"wp:attachment":[{"href":"https:\/\/www.europesays.com\/fr\/wp-json\/wp\/v2\/media?parent=12921"}],"wp:term":[{"taxonomy":"category","embeddable":true,"href":"https:\/\/www.europesays.com\/fr\/wp-json\/wp\/v2\/categories?post=12921"},{"taxonomy":"post_tag","embeddable":true,"href":"https:\/\/www.europesays.com\/fr\/wp-json\/wp\/v2\/tags?post=12921"}],"curies":[{"name":"wp","href":"https:\/\/api.w.org\/{rel}","templated":true}]}}