{"id":129210,"date":"2025-05-26T12:15:09","date_gmt":"2025-05-26T12:15:09","guid":{"rendered":"https:\/\/www.europesays.com\/fr\/129210\/"},"modified":"2025-05-26T12:15:09","modified_gmt":"2025-05-26T12:15:09","slug":"la-comedienne-dun-si-grand-soleil-est-en-couple-avec-un-celebre-sportif","status":"publish","type":"post","link":"https:\/\/www.europesays.com\/fr\/129210\/","title":{"rendered":"la com\u00e9dienne d&rsquo;Un si grand soleil est en couple avec un c\u00e9l\u00e8bre sportif"},"content":{"rendered":"<p>R\u00e9v\u00e9l\u00e9e au grand public dans la s\u00e9rie Un si grand soleil, M\u00e9lanie Maudran s\u00e9duit par sa sensibilit\u00e9 et son talent. Si elle incarne des h\u00e9ro\u00efnes fortes \u00e0 la t\u00e9l\u00e9vision, sa vie priv\u00e9e est, elle, empreinte de douceur et de stabilit\u00e9. \u00c0 45 ans, l\u2019actrice partage depuis de nombreuses ann\u00e9es la vie d\u2019un c\u00e9l\u00e8bre sportif fran\u00e7ais.<\/p>\n<p><strong>M\u00e9lanie Maudran<\/strong> fait partie de ces visages familiers qui accompagnent chaque soir les t\u00e9l\u00e9spectateurs de France 2. Dans la peau de Claire Estrela, h\u00e9ro\u00efne de Un si grand soleil, elle incarne force, d\u00e9termination et \u00e9motion. Mais au-del\u00e0 des cam\u00e9ras, la com\u00e9dienne de 45 ans m\u00e8ne une vie paisible, loin de l\u2019agitation m\u00e9diatique. Elle partage son quotidien <strong>avec un homme tout aussi charismatique un ancien champion de tennis devenu consultant, Thomas Enqvist<\/strong>. Ensemble, ils forment un couple uni, discret et profond\u00e9ment complice. une belle histoire d\u2019amour qui traverse les ann\u00e9es en toute simplicit\u00e9.<\/p>\n<p> \t\t\t  M\u00e9lanie Maudran, une actrice \u00e9panouie aux c\u00f4t\u00e9s d\u2019un ancien tennisman   Une actrice lumineuse entre fiction et r\u00e9alit\u00e9  <\/p>\n<p>Chaque soir, M\u00e9lanie Maudran illumine les \u00e9crans dans Un si grand soleil. Mais loin des projecteurs, l&rsquo;actrice r\u00e9v\u00e8le une facette tout aussi inspirante de sa personnalit\u00e9, celle d\u2019une femme amoureuse et investie. <strong>Mari\u00e9e \u00e0 l\u2019ex-tennisman Thierry Ascione, elle conjugue passion et discr\u00e9tion, art et famille<\/strong>. Ce tandem harmonieux s\u2019est construit au fil des ann\u00e9es, entre tapis rouges et devoirs d\u2019\u00e9cole, dans un \u00e9quilibre remarquable que peu de couples m\u00e9diatiques parviennent \u00e0 atteindre.<\/p>\n<p>    Un duo parfaitement r\u00f4d\u00e9  <\/p>\n<p>D\u2019apr\u00e8s <a href=\"https:\/\/www.purepeople.com\/article\/melanie-maudran-mariee-a-un-celebre-sportif-leur-quotidien-tres-organise-pour-soccuper-de-leurs-deux-jeunes-enfants_a537307\/1\" target=\"_blank\" rel=\"noopener\">Purepeople<\/a>, chez les Ascione-Maudran, le mot \u00ab\u00a0\u00e9quipe\u00a0\u00bb n\u2019est pas un effet de style, mais un v\u00e9ritable mode de vie. Quand l\u2019une tourne sans rel\u00e2che, l\u2019autre prend les commandes \u00e0 la maison. Et inversement. M\u00e9lanie l\u2019a confi\u00e9 \u00e0 T\u00e9l\u00e9 Star que leur organisation est millim\u00e9tr\u00e9e, presque chor\u00e9graphi\u00e9e. Lui a port\u00e9 les enfants \u00e0 bout de bras lorsque la s\u00e9rie a d\u00e9marr\u00e9. Elle, en retour, a lev\u00e9 le pied pour soutenir son mari dans ses projets sportifs.<\/p>\n<p>  Tom et L\u00e9o, au c\u0153ur de toutes les priorit\u00e9s  <\/p>\n<p>N\u00e9s en 2014 et 2015, Tom et L\u00e9o sont les piliers silencieux de cette belle histoire. <strong>M\u00e9lanie et Thierry ont fait le choix d\u2019un quotidien structur\u00e9<\/strong>, loin des excentricit\u00e9s du showbiz, pour offrir \u00e0 leurs enfants une stabilit\u00e9 essentielle. Devoirs, rendez-vous, activit\u00e9s extrascolaires, chaque d\u00e9tail compte. Et s\u2019il faut parfois r\u00e9\u00e9crire une sc\u00e8ne ou reporter un tournoi, c\u2019est pour \u00eatre l\u00e0, ensemble, dans les moments qui comptent vraiment.<\/p>\n<p>     L\u2019actrice d\u2019Un si grand soleil \u00e9voque son quotidien avec Thierry Ascione   Une carri\u00e8re et des concessions  <\/p>\n<p>\u00catre femme, m\u00e8re et com\u00e9dienne, c\u2019est un num\u00e9ro d\u2019\u00e9quilibriste. M\u00e9lanie Maudran le sait mieux que quiconque et consid\u00e8re que <a href=\"https:\/\/www.pleinevie.fr\/loisirs\/celebrites\/interview-melanie-maudran-continuer-a-travailler-est-une-chance-9477.html\" target=\"_blank\" rel=\"noopener\">travailler est une chance<\/a>. Heureusement, elle peut compter sur une <strong>production bienveillante<\/strong>. Elle l\u2019affirme avec \u00e9l\u00e9gance : \u00ab\u00a0Trouver l\u2019harmonie entre ses multiples r\u00f4les demande du doigt\u00e9\u2026 mais c\u2019est possible.\u00a0\u00bb Cette souplesse professionnelle lui permet <strong>de s\u2019\u00e9panouir sans renoncer \u00e0 sa vie de famille<\/strong>. Le succ\u00e8s n\u2019a de saveur, dit-elle entre les lignes, que lorsqu\u2019il est partag\u00e9.<\/p>\n<p>  La douceur d\u2019une vie dans le Sud  <\/p>\n<p>Oubliez les embouteillages parisiens car le bonheur, pour M\u00e9lanie, se conjugue d\u00e9sormais avec l\u2019accent chantant du Sud. \u00c0 Montpellier, entre mer et garrigue, <strong>elle a trouv\u00e9 un havre de paix<\/strong>. <strong>Elle y savoure la lumi\u00e8re<\/strong>, la lenteur des jours, la proximit\u00e9 des siens. Une vie presque m\u00e9ditative, o\u00f9 chaque journ\u00e9e offre la promesse d\u2019un \u00e9quilibre retrouv\u00e9. \u00ab\u00a0Ici, la pluie est une surprise\u00a0\u00bb, sourit-elle. Une phrase qui r\u00e9sume toute la po\u00e9sie de sa nouvelle existence.<\/p>\n<p>     Un amour enracin\u00e9 dans le r\u00e9el  <\/p>\n<p><strong>Thierry Ascione et M\u00e9lanie Maudran forment un couple \u00e0 l\u2019\u00e9l\u00e9gance rare<\/strong>. Pas de tapage, pas de flambe, juste deux parcours qui s\u2019accordent avec humilit\u00e9 et admiration. Lui, coach et entrepreneur sportif, elle com\u00e9dienne engag\u00e9e. Leurs carri\u00e8res, bien que distinctes, avancent main dans la main. Ensemble, ils prouvent qu\u2019il est<strong> possible d\u2019allier r\u00e9ussite et simplicit\u00e9<\/strong>, notori\u00e9t\u00e9 et intimit\u00e9. Amour, complicit\u00e9 et \u00e9quilibre rythment la vie de M\u00e9lanie Maudran, entre carri\u00e8re passionn\u00e9e et quotidien familial empreint de tendresse, d&rsquo;engagement et de sinc\u00e9rit\u00e9.<\/p>\n","protected":false},"excerpt":{"rendered":"R\u00e9v\u00e9l\u00e9e au grand public dans la s\u00e9rie Un si grand soleil, M\u00e9lanie Maudran s\u00e9duit par sa sensibilit\u00e9 et&hellip;\n","protected":false},"author":2,"featured_media":129211,"comment_status":"","ping_status":"","sticky":false,"template":"","format":"standard","meta":{"footnotes":""},"categories":[8],"tags":[10281,58,59,1011,27],"class_list":{"0":"post-129210","1":"post","2":"type-post","3":"status-publish","4":"format-standard","5":"has-post-thumbnail","7":"category-divertissement","8":"tag-buzz-nonli","9":"tag-divertissement","10":"tag-entertainment","11":"tag-fr","12":"tag-france"},"share_on_mastodon":{"url":"https:\/\/pubeurope.com\/@fr\/114574087010265093","error":""},"_links":{"self":[{"href":"https:\/\/www.europesays.com\/fr\/wp-json\/wp\/v2\/posts\/129210","targetHints":{"allow":["GET"]}}],"collection":[{"href":"https:\/\/www.europesays.com\/fr\/wp-json\/wp\/v2\/posts"}],"about":[{"href":"https:\/\/www.europesays.com\/fr\/wp-json\/wp\/v2\/types\/post"}],"author":[{"embeddable":true,"href":"https:\/\/www.europesays.com\/fr\/wp-json\/wp\/v2\/users\/2"}],"replies":[{"embeddable":true,"href":"https:\/\/www.europesays.com\/fr\/wp-json\/wp\/v2\/comments?post=129210"}],"version-history":[{"count":0,"href":"https:\/\/www.europesays.com\/fr\/wp-json\/wp\/v2\/posts\/129210\/revisions"}],"wp:featuredmedia":[{"embeddable":true,"href":"https:\/\/www.europesays.com\/fr\/wp-json\/wp\/v2\/media\/129211"}],"wp:attachment":[{"href":"https:\/\/www.europesays.com\/fr\/wp-json\/wp\/v2\/media?parent=129210"}],"wp:term":[{"taxonomy":"category","embeddable":true,"href":"https:\/\/www.europesays.com\/fr\/wp-json\/wp\/v2\/categories?post=129210"},{"taxonomy":"post_tag","embeddable":true,"href":"https:\/\/www.europesays.com\/fr\/wp-json\/wp\/v2\/tags?post=129210"}],"curies":[{"name":"wp","href":"https:\/\/api.w.org\/{rel}","templated":true}]}}