{"id":129222,"date":"2025-05-26T12:21:08","date_gmt":"2025-05-26T12:21:08","guid":{"rendered":"https:\/\/www.europesays.com\/fr\/129222\/"},"modified":"2025-05-26T12:21:08","modified_gmt":"2025-05-26T12:21:08","slug":"le-chu-de-saint-etienne-annonce-un-nouveau-batiment-dedie-a-la-femme-et-a-lenfant","status":"publish","type":"post","link":"https:\/\/www.europesays.com\/fr\/129222\/","title":{"rendered":"Le CHU de Saint-\u00c9tienne annonce un nouveau b\u00e2timent d\u00e9di\u00e9 \u00e0 la Femme et \u00e0 l&rsquo;Enfant"},"content":{"rendered":"<p>\u00c0 l&rsquo;occasion de la Journ\u00e9e internationale d&rsquo;action pour la sant\u00e9 des femmes, mardi 28 mai, le CHU de Saint-\u00c9tienne a r\u00e9affirm\u00e9 son engagement en faveur de la sant\u00e9 f\u00e9minine avec une annonce forte : la construction d&rsquo;un nouveau b\u00e2timent enti\u00e8rement d\u00e9di\u00e9 \u00e0 la Femme, \u00e0 la M\u00e8re, au Couple et \u00e0 l&rsquo;Enfant (FMCE). Ce projet d&rsquo;envergure verra le jour sur le site Nord de l&rsquo;h\u00f4pital avec des travaux qui d\u00e9buteront fin 2025 pour une ouverture pr\u00e9vue fin 2027 ou d\u00e9but 2028.<\/p>\n<p>Un <b>nouveau b\u00e2timent<\/b> va \u00eatre construit au <b>CHU de Saint-\u00c9tienne<\/b> ! Il sera d\u00e9di\u00e9 \u00e0 la <b>Femme, \u00e0 la M\u00e8re, au Couple et \u00e0 l&rsquo;Enfant (FMCE) <\/b>et ouvrira <b>fin 2027<\/b> ou <b>d\u00e9but 2028.<\/b><\/p>\n<p>Un p\u00f4le unique pour un parcours de soin coh\u00e9rent<\/p>\n<p>Ce nouveau b\u00e2timent regroupera toutes les activit\u00e9s du p\u00f4le FMCE, actuellement dispers\u00e9es, en une seule entit\u00e9.\u00a0<\/p>\n<p>Il a pour ambition de <b>moderniser l&rsquo;offre de soins, am\u00e9liorer les conditions de travail du personnel soignant<\/b> et <b>fluidifier les parcours patients.<br \/><\/b><br \/>Le permis de construire a \u00e9t\u00e9 d\u00e9pos\u00e9 d\u00e9but 2025. Avant la construction, un parking \u00e0 \u00e9tages sera \u00e9difi\u00e9 sur l&rsquo;actuel <b>parking P2<\/b>.\u00a0<\/p>\n<p>Le projet immobilier se d\u00e9coupe en deux phases : d&rsquo;abord la <b>construction du b\u00e2timent neuf<\/b>, puis la <b>r\u00e9habilitation partielle des b\u00e2timents E et F existants.<\/b><\/p>\n<p>Un b\u00e2timent moderne sur six niveaux<\/p>\n<p><b>Le nouveau b\u00e2timent<\/b>, qui prendra place <b>sur l&rsquo;actuel parking P1<\/b>, sera<b> reli\u00e9 au b\u00e2timent E<\/b> via plusieurs galeries. Il accueillera sur six niveaux :<\/p>\n<p>\u2022 Consultations gyn\u00e9cologiques et obst\u00e9triques, Unit\u00e9 d&rsquo;accueil p\u00e9diatrique enfants en danger (UAPED), prise en charge de la mort inattendue du nourrisson (<b>rez-de-jardin<\/b>)<\/p>\n<p>\u2022 Urgences et unit\u00e9 d&rsquo;hospitalisation de courte dur\u00e9e p\u00e9diatriques (UHCD) (<b>niveau 00<\/b>)<\/p>\n<p>\u2022 Soins intensifs, r\u00e9animation n\u00e9onatale, n\u00e9onatalogie (<b>niveau 1<\/b>)<\/p>\n<p>\u2022 Deux services de maternit\u00e9 (<b>niveau 2<\/b>)<\/p>\n<p>\u2022 Pathologie de la grossesse, chirurgie gyn\u00e9cologique, p\u00e9diatrie C (<b>niveau 3<\/b>)<\/p>\n<p>\u2022 Urgences gyn\u00e9cologiques et obst\u00e9triques, salles de naissance, blocs op\u00e9ratoires (<b>niveau 4<\/b>)<\/p>\n<p>Accessibilit\u00e9, fluidit\u00e9, qualit\u00e9 d&rsquo;accueil<\/p>\n<p>Le projet architectural met l&rsquo;accent sur la<b> lisibilit\u00e9 des acc\u00e8s, la fluidit\u00e9 des d\u00e9placements et la qualit\u00e9 des espaces d&rsquo;accueil.\u00a0<\/b><\/p>\n<p>Le <b>futur hall<\/b>, pens\u00e9 comme une <b>rue int\u00e9rieure a\u00e9r\u00e9e et lumineuse<\/b>, reliera les b\u00e2timents existants \u00e0 la nouvelle structure et ouvrira sur un parvis v\u00e9g\u00e9talis\u00e9, con\u00e7u pour favoriser le calme et l&rsquo;apaisement.<\/p>\n<p>Deux entr\u00e9es principales, dont une sp\u00e9cifique aux urgences M\u00e8res-Enfants, seront directement visibles depuis l&rsquo;entr\u00e9e du site.<\/p>\n<p><img loading=\"lazy\" decoding=\"async\" src=\"https:\/\/www.europesays.com\/fr\/wp-content\/uploads\/2025\/05\/1748262068_905_img\" width=\"350\" height=\"200\" border=\"0\" title=\"Des embouteillages, trafic compliqu\u00c3\u00a9\"\/><\/p>\n<p>\u25baTrafic<\/p>\n<p style=\"font-size: 22px;\"><b>Ascension : les pr\u00e9visions de trafic pour ce week-end prolong\u00e9<\/b><\/p>\n<p>La circulation s&rsquo;annonce perturb\u00e9e pour le week-end&#8230;<\/p>\n<p><\/p>\n","protected":false},"excerpt":{"rendered":"\u00c0 l&rsquo;occasion de la Journ\u00e9e internationale d&rsquo;action pour la sant\u00e9 des femmes, mardi 28 mai, le CHU de&hellip;\n","protected":false},"author":2,"featured_media":129223,"comment_status":"","ping_status":"","sticky":false,"template":"","format":"standard","meta":{"footnotes":""},"categories":[9653],"tags":[1111,11,2430,25343,1777,674,1011,27,3367,12,25,9920,4001],"class_list":{"0":"post-129222","1":"post","2":"type-post","3":"status-publish","4":"format-standard","5":"has-post-thumbnail","7":"category-saint-etienne","8":"tag-actu","9":"tag-actualites","10":"tag-auvergne-rhone-alpes","11":"tag-chu-saint-tienne","12":"tag-eu","13":"tag-europe","14":"tag-fr","15":"tag-france","16":"tag-loire","17":"tag-news","18":"tag-republique-francaise","19":"tag-saint-tienne","20":"tag-saint-etienne"},"share_on_mastodon":{"url":"https:\/\/pubeurope.com\/@fr\/114574110629539835","error":""},"_links":{"self":[{"href":"https:\/\/www.europesays.com\/fr\/wp-json\/wp\/v2\/posts\/129222","targetHints":{"allow":["GET"]}}],"collection":[{"href":"https:\/\/www.europesays.com\/fr\/wp-json\/wp\/v2\/posts"}],"about":[{"href":"https:\/\/www.europesays.com\/fr\/wp-json\/wp\/v2\/types\/post"}],"author":[{"embeddable":true,"href":"https:\/\/www.europesays.com\/fr\/wp-json\/wp\/v2\/users\/2"}],"replies":[{"embeddable":true,"href":"https:\/\/www.europesays.com\/fr\/wp-json\/wp\/v2\/comments?post=129222"}],"version-history":[{"count":0,"href":"https:\/\/www.europesays.com\/fr\/wp-json\/wp\/v2\/posts\/129222\/revisions"}],"wp:featuredmedia":[{"embeddable":true,"href":"https:\/\/www.europesays.com\/fr\/wp-json\/wp\/v2\/media\/129223"}],"wp:attachment":[{"href":"https:\/\/www.europesays.com\/fr\/wp-json\/wp\/v2\/media?parent=129222"}],"wp:term":[{"taxonomy":"category","embeddable":true,"href":"https:\/\/www.europesays.com\/fr\/wp-json\/wp\/v2\/categories?post=129222"},{"taxonomy":"post_tag","embeddable":true,"href":"https:\/\/www.europesays.com\/fr\/wp-json\/wp\/v2\/tags?post=129222"}],"curies":[{"name":"wp","href":"https:\/\/api.w.org\/{rel}","templated":true}]}}