{"id":129240,"date":"2025-05-26T12:33:14","date_gmt":"2025-05-26T12:33:14","guid":{"rendered":"https:\/\/www.europesays.com\/fr\/129240\/"},"modified":"2025-05-26T12:33:14","modified_gmt":"2025-05-26T12:33:14","slug":"exposition-loustal-130-panneaux-sur-les-routes-au-couvent-sainte-cecile","status":"publish","type":"post","link":"https:\/\/www.europesays.com\/fr\/129240\/","title":{"rendered":"Exposition Loustal : 130 panneaux sur les routes au couvent Sainte-C\u00e9cile"},"content":{"rendered":"<p>\u00ab\u00a0Berlioz la C\u00f4te Saint-Andr\u00e9\u00a0\u00bb, \u00ab\u00a0Vercors la r\u00e9sistance\u00a0\u00bb, \u00ab\u00a0Grenoble capitale verte europ\u00e9enne\u00a0\u00bb&#8230; Difficiles de passer \u00e0 c\u00f4t\u00e9 de ces <strong>panneaux touristiques<\/strong> insolites lorsqu&rsquo;on circule sur les <strong>autoroutes <\/strong>alpines de <strong>l&rsquo;Is\u00e8re<\/strong>, mais aussi des deux Savoie et de la Dr\u00f4me. Leur particularit\u00e9 : tous les <strong>dessins <\/strong>ont \u00e9t\u00e9 r\u00e9alis\u00e9s par <strong>Loustal<\/strong>, de son vrai nom Jacques de Loustal, pour le compte des <a href=\"https:\/\/mesinfos.fr\/38000-grenoble\/a480-a-grenoble-les-resultats-de-lenquete-commandee-par-area-178672.html\" rel=\"noopener nofollow\" target=\"_blank\">soci\u00e9t\u00e9s de gestion d&rsquo;autoroutes APRR et AREA <\/a>ainsi que ATMB. <\/p>\n<p>Exposition au couvent Sainte-C\u00e9cile \u00e0 Grenoble : 130 \u0153uvres de Loustal \u00e0 red\u00e9couvrir <img decoding=\"async\" alt=\"\" data-zoomable=\"\" height=\"1333\" loading=\"lazy\" src=\"https:\/\/www.europesays.com\/fr\/wp-content\/uploads\/2025\/05\/glenat-loustal-photographe-christophe-levet-16.jpg\" title=\"\u00a9 Christophe Levet - Une quarantaine de tirages num\u00e9riques des panneaux de Loustal sont expos\u00e9s au couvent Sainte-C\u00e9cile.\" width=\"2000\"\/> \u00a9 Christophe Levet &#8211; Une quarantaine de tirages num\u00e9riques des panneaux de Loustal sont expos\u00e9s au couvent Sainte-C\u00e9cile. <\/p>\n<p>Jusqu&rsquo;au 27 septembre 2025, le grand public peut les admirer de pr\u00e8s au <strong>couvent Sainte-C\u00e9cile <\/strong>\u00e0 <strong>Grenoble<\/strong>. Une <strong>exposition temporaire<\/strong> vient de d\u00e9marrer \u00e0 l&rsquo;initiative du <a href=\"https:\/\/mesinfos.fr\/auvergne-rhone-alpes\/marion-corveler-editions-glenat-nous-avons-les-epaules-solides-113242.html\" rel=\"noopener nofollow\" target=\"_blank\">Fonds Gl\u00e9nat <\/a>pour le patrimoine et la cr\u00e9ation, en partenariat avec le mus\u00e9e des Beaux-Arts de Chamb\u00e9ry. <\/p>\n<p>Pr\u00e8s de <strong>130 \u0153uvres <\/strong>de Loustal sont ainsi pr\u00e9sent\u00e9es, dont une <strong>quarantaine de tirages num\u00e9riques<\/strong>, avec un accent tout particulier sur l\u2019Is\u00e8re. Le tout compl\u00e9t\u00e9 par des <strong>dessins pr\u00e9paratoires<\/strong>, des planches de <strong>bandes dessin\u00e9es<\/strong>, des carnets et des fusains de l\u2019artiste. <\/p>\n<p>Les dessins de Loustal sont accompagn\u00e9s de <strong>textes sign\u00e9s Jean-Louis Roux<\/strong>, critique et auteur, qui propose ainsi sa vision originale et fac\u00e9tieuse de ces \u0153uvres.<\/p>\n<p> Une commande des soci\u00e9t\u00e9s d&rsquo;autoroute avec des contraintes <img decoding=\"async\" alt=\"\" class=\"img-align-center img-size-limited\" data-zoomable=\"\" height=\"1333\" loading=\"lazy\" src=\"https:\/\/www.europesays.com\/fr\/wp-content\/uploads\/2025\/05\/glenat-loustal-photographe-christophe-levet-112.jpg\" title=\"\u00a9 Christophe Levet - L'exposition donne \u00e0 voir des dessins pr\u00e9paratoires de l'artiste.\" width=\"2000\"\/> \u00a9 Christophe Levet &#8211; L&rsquo;exposition donne \u00e0 voir des dessins pr\u00e9paratoires de l&rsquo;artiste. <\/p>\n<p>Plusieurs <strong>contraintes techniques <\/strong>avaient \u00e9t\u00e9 impos\u00e9es \u00e0 l&rsquo;artiste, les images \u00e9tant destin\u00e9es \u00e0 \u00eatre vues \u00e0 grande vitesse, maintenant en \u00e9veil les automobilistes sans pour autant distraire leur attention. Parmi les contraintes : le respect d&rsquo;un format vertical, noir et blanc seulement rehauss\u00e9 d\u2019un cama\u00efeu de brun, motifs simples, sujets pr\u00e9d\u00e9finis. Au total, <strong>plus d\u2019une centaine de panneaux de six m\u00e8tres<\/strong> de haut sur 3,3 m\u00e8tres de large ont \u00e9t\u00e9 r\u00e9alis\u00e9s. <\/p>\n<p>Ces panneaux mettent en lumi\u00e8re aussi bien le patrimoine naturel (Chartreuse, Vercors) que les animaux (mouflon, oiseaux, poisson), le patrimoine historique (abbatiale de Saint-Chef, ch\u00e2teaux du Dauphin\u00e9), les activit\u00e9s \u00e9conomiques (thermalisme, viticulture, industries), les pratiques sportives (ski, v\u00e9lo, randonn\u00e9e, nautisme, parapente), les personnages c\u00e9l\u00e8bres (<a href=\"https:\/\/mesinfos.fr\/38260-la-cote-saint-andre\/festival-berlioz-en-isere-les-temps-forts-de-l-edition-2025-220352.html\" rel=\"noopener nofollow\" target=\"_blank\">Berlioz<\/a>, Champollion, Bayard) ou encore les sp\u00e9cialit\u00e9s alimentaires (vins, fromages, <a href=\"https:\/\/mesinfos.fr\/auvergne-rhone-alpes\/noix-de-grenoble-quantite-prix-un-retour-a-la-normale-attendu-cette-saison-207636.html\" rel=\"noopener nofollow\" target=\"_blank\">noix de Grenoble<\/a>).<\/p>\n<p> Loustal, des fanzines \u00e0 la bande dessin\u00e9e <\/p>\n<p>N\u00e9 en 1956, Jacques de Loustal, a r\u00e9alis\u00e9 des \u00e9tudes d&rsquo;architecture \u00e0 l\u2019\u00e9cole des Beaux-Arts de Paris. Ses premi\u00e8res illustrations datent des ann\u00e9es 70 dans des fanzines puis dans le magazine Rock &amp; Folk o\u00f9 il rencontre Philippe Paringaux. Il collabore avec lui sur plusieurs albums de bande dessin\u00e9e (Barney et la note bleue, Un gar\u00e7on romantique, C\u0153urs de sable, Kid Congo, Le Sang des voyous\u2026). <\/p>\n<p>Parall\u00e8lement \u00e0 ses activit\u00e9s de dessinateur de bande dessin\u00e9e, il travaille comme illustrateur pour la presse, la publicit\u00e9 et l\u2019\u00e9dition, notamment pour l\u2019\u0153uvre de Georges Simenon. <\/p>\n<p><strong>Pratique<\/strong> <\/p>\n<p>Exposition jusqu&rsquo;au 27 septembre 2025 au couvent Sainte-C\u00e9cile \u00e0 Grenoble. Tarifs : 5 \u00e0 7 euros. Visites guid\u00e9es pr\u00e9vues les mercredi 4 juin, 2 juillet, 3 septembre \u00e0 12 h 15. Renseignements : <a href=\"https:\/\/www.couventsaintececile.com\/\" rel=\"nofollow noopener\" target=\"_blank\">ici<\/a>.<\/p>\n","protected":false},"excerpt":{"rendered":"\u00ab\u00a0Berlioz la C\u00f4te Saint-Andr\u00e9\u00a0\u00bb, \u00ab\u00a0Vercors la r\u00e9sistance\u00a0\u00bb, \u00ab\u00a0Grenoble capitale verte europ\u00e9enne\u00a0\u00bb&#8230; Difficiles de passer \u00e0 c\u00f4t\u00e9 de ces&hellip;\n","protected":false},"author":2,"featured_media":129241,"comment_status":"","ping_status":"","sticky":false,"template":"","format":"standard","meta":{"footnotes":""},"categories":[9566],"tags":[1111,11,2430,25344,1777,674,3293,1011,27,25345,2731,12,25],"class_list":{"0":"post-129240","1":"post","2":"type-post","3":"status-publish","4":"format-standard","5":"has-post-thumbnail","7":"category-grenoble","8":"tag-actu","9":"tag-actualites","10":"tag-auvergne-rhone-alpes","11":"tag-couvent-sainte-cu00e9cile","12":"tag-eu","13":"tag-europe","14":"tag-exposition","15":"tag-fr","16":"tag-france","17":"tag-glu00e9nat","18":"tag-grenoble","19":"tag-news","20":"tag-republique-francaise"},"share_on_mastodon":{"url":"https:\/\/pubeurope.com\/@fr\/114574157717620077","error":""},"_links":{"self":[{"href":"https:\/\/www.europesays.com\/fr\/wp-json\/wp\/v2\/posts\/129240","targetHints":{"allow":["GET"]}}],"collection":[{"href":"https:\/\/www.europesays.com\/fr\/wp-json\/wp\/v2\/posts"}],"about":[{"href":"https:\/\/www.europesays.com\/fr\/wp-json\/wp\/v2\/types\/post"}],"author":[{"embeddable":true,"href":"https:\/\/www.europesays.com\/fr\/wp-json\/wp\/v2\/users\/2"}],"replies":[{"embeddable":true,"href":"https:\/\/www.europesays.com\/fr\/wp-json\/wp\/v2\/comments?post=129240"}],"version-history":[{"count":0,"href":"https:\/\/www.europesays.com\/fr\/wp-json\/wp\/v2\/posts\/129240\/revisions"}],"wp:featuredmedia":[{"embeddable":true,"href":"https:\/\/www.europesays.com\/fr\/wp-json\/wp\/v2\/media\/129241"}],"wp:attachment":[{"href":"https:\/\/www.europesays.com\/fr\/wp-json\/wp\/v2\/media?parent=129240"}],"wp:term":[{"taxonomy":"category","embeddable":true,"href":"https:\/\/www.europesays.com\/fr\/wp-json\/wp\/v2\/categories?post=129240"},{"taxonomy":"post_tag","embeddable":true,"href":"https:\/\/www.europesays.com\/fr\/wp-json\/wp\/v2\/tags?post=129240"}],"curies":[{"name":"wp","href":"https:\/\/api.w.org\/{rel}","templated":true}]}}