{"id":129246,"date":"2025-05-26T12:36:13","date_gmt":"2025-05-26T12:36:13","guid":{"rendered":"https:\/\/www.europesays.com\/fr\/129246\/"},"modified":"2025-05-26T12:36:13","modified_gmt":"2025-05-26T12:36:13","slug":"un-appel-a-la-paix-et-a-lunion","status":"publish","type":"post","link":"https:\/\/www.europesays.com\/fr\/129246\/","title":{"rendered":"un appel \u00e0 la paix et \u00e0 l\u2019union"},"content":{"rendered":"<p>\u00ab\u00a0Salam, Shalom, Salut\u00a0\u00bb, ce sont des jeunes juifs, arabes, noirs, m\u00e9tisses qui font le tour de France une fois par an pour \u00ab\u00a0porter une voix d\u2019apaisement, de paix\u00a0\u00bb, d\u00e9clare Marouane Zaki, vice-pr\u00e9sident national de <a href=\"https:\/\/www.dna.fr\/societe\/2024\/10\/13\/sos-racisme-reprend-son-combat-contre-toutes-les-haines\" target=\"_blank\" rel=\"nofollow noopener\">SOS Racisme<\/a> et cr\u00e9ateur du projet, soutenu par la d\u00e9l\u00e9gation internminist\u00e9rielle \u00e0 la lutte contre le racisme, l\u2019antis\u00e9mitisme et la haine anti-LGBT (Dilcrah).<\/p>\n<p><a href=\"https:\/\/www.dna.fr\/culture-loisirs\/2025\/05\/12\/l-operation-salam-shalom-salut-fait-escale-au-marais\" target=\"_blank\" rel=\"nofollow noopener\">Schiltigheim est la&#8230;<\/a><\/p>\n","protected":false},"excerpt":{"rendered":"\u00ab\u00a0Salam, Shalom, Salut\u00a0\u00bb, ce sont des jeunes juifs, arabes, noirs, m\u00e9tisses qui font le tour de France une&hellip;\n","protected":false},"author":2,"featured_media":129247,"comment_status":"","ping_status":"","sticky":false,"template":"","format":"standard","meta":{"footnotes":""},"categories":[2820],"tags":[1111,11,2389,2649,2880,1777,674,107,1011,27,775,937,1061,12,5889,25,104,640,2879],"class_list":{"0":"post-129246","1":"post","2":"type-post","3":"status-publish","4":"format-standard","5":"has-post-thumbnail","7":"category-strasbourg","8":"tag-actu","9":"tag-actualites","10":"tag-alsace","11":"tag-bas-rhin","12":"tag-edition-strasbourg","13":"tag-eu","14":"tag-europe","15":"tag-fil-info","16":"tag-fr","17":"tag-france","18":"tag-grand-est","19":"tag-histoire","20":"tag-immigration","21":"tag-news","22":"tag-religion-croyance","23":"tag-republique-francaise","24":"tag-societe","25":"tag-strasbourg","26":"tag-strasbourg-ville"},"share_on_mastodon":{"url":"https:\/\/pubeurope.com\/@fr\/114574169465207005","error":""},"_links":{"self":[{"href":"https:\/\/www.europesays.com\/fr\/wp-json\/wp\/v2\/posts\/129246","targetHints":{"allow":["GET"]}}],"collection":[{"href":"https:\/\/www.europesays.com\/fr\/wp-json\/wp\/v2\/posts"}],"about":[{"href":"https:\/\/www.europesays.com\/fr\/wp-json\/wp\/v2\/types\/post"}],"author":[{"embeddable":true,"href":"https:\/\/www.europesays.com\/fr\/wp-json\/wp\/v2\/users\/2"}],"replies":[{"embeddable":true,"href":"https:\/\/www.europesays.com\/fr\/wp-json\/wp\/v2\/comments?post=129246"}],"version-history":[{"count":0,"href":"https:\/\/www.europesays.com\/fr\/wp-json\/wp\/v2\/posts\/129246\/revisions"}],"wp:featuredmedia":[{"embeddable":true,"href":"https:\/\/www.europesays.com\/fr\/wp-json\/wp\/v2\/media\/129247"}],"wp:attachment":[{"href":"https:\/\/www.europesays.com\/fr\/wp-json\/wp\/v2\/media?parent=129246"}],"wp:term":[{"taxonomy":"category","embeddable":true,"href":"https:\/\/www.europesays.com\/fr\/wp-json\/wp\/v2\/categories?post=129246"},{"taxonomy":"post_tag","embeddable":true,"href":"https:\/\/www.europesays.com\/fr\/wp-json\/wp\/v2\/tags?post=129246"}],"curies":[{"name":"wp","href":"https:\/\/api.w.org\/{rel}","templated":true}]}}