{"id":129250,"date":"2025-05-26T12:38:07","date_gmt":"2025-05-26T12:38:07","guid":{"rendered":"https:\/\/www.europesays.com\/fr\/129250\/"},"modified":"2025-05-26T12:38:07","modified_gmt":"2025-05-26T12:38:07","slug":"les-temperatures-grimpent-en-fleche-les-previsions","status":"publish","type":"post","link":"https:\/\/www.europesays.com\/fr\/129250\/","title":{"rendered":"les temp\u00e9ratures grimpent en fl\u00e8che, les pr\u00e9visions"},"content":{"rendered":"<p>            Par<br \/>\n        <strong><br \/>\n            <a href=\"https:\/\/actu.fr\/auteur\/ugo-maillard\" title=\"Consulter tous les articles de Ugo Maillard\" rel=\"nofollow noopener\" target=\"_blank\">Ugo Maillard<\/a><br \/>\n        <\/strong><\/p>\n<p>        Publi\u00e9 le<\/p>\n<p>            26 mai 2025 \u00e0 13h47        <\/p>\n<p>L\u2019instabilit\u00e9 dans le ciel de la C\u00f4te d\u2019Azur appartient d\u00e9sormais au pass\u00e9. Alors que ces derni\u00e8res semaines ont \u00e9t\u00e9 <strong>marqu\u00e9es par de tr\u00e8s nombreuses averses orageuses<\/strong> \u00e0 <a href=\"https:\/\/actu.fr\/nice\/\" rel=\"nofollow noopener\" target=\"_blank\">Nice<\/a>, les pr\u00e9visions m\u00e9t\u00e9o sont au beau-fixe.<\/p>\n<p class=\" wall-content\">La semaine du lundi 26\u00a0mai au dimanche 1er\u00a0juin 2025 s\u2019annonce tr\u00e8s belle dans les <a href=\"https:\/\/actu.fr\/provence-alpes-cote-d-azur\/alpes-maritimes_06\" rel=\"nofollow noopener\" target=\"_blank\">Alpes-Maritimes<\/a> avec des <strong>pics de temp\u00e9ratures<\/strong> pour le week-end.<\/p>\n<p class=\" wall-content\">Voici les pr\u00e9visions de M\u00e9t\u00e9o France pour les prochains jours.<\/p>\n<p>Jusqu\u2019\u00e0 26\u00b0C \u00e0 Nice<\/p>\n<p class=\" wall-content\">Alors que la maximale du jour sera de 22\u00b0C ce lundi, le mercure devrait monter progressivement au fil de la semaine. \u00c0 noter que quelques gouttes de pluie sont attendues dans le nord des Alpes-Maritimes.<\/p>\n<p class=\" wall-content\">Mardi, de<strong> l\u00e9gers nuages<\/strong> viendront perturber une journ\u00e9e domin\u00e9e largement par de belles \u00e9claircies, \u00e0 Nice et dans le d\u00e9partement.<\/p>\n<p>Vid\u00e9os : en ce moment sur Actu<\/p>\n<p class=\" wall-content\">\u00c0 partir de jeudi, les thermom\u00e8tres devraient afficher des valeurs en hausse. La maximale du jour sera de 26\u00b0C. Les temp\u00e9ratures resteront \u00e9lev\u00e9es la nuit et devraient flirter avec les 20\u00b0C.<\/p>\n<p>Des orages et de fortes chaleurs dans l&rsquo;arri\u00e8re-pays<\/p>\n<p>Dans l&rsquo;arri\u00e8re-pays et dans les Alpes du sud, les temp\u00e9ratures pourraient atteindre les 30\u00b0C. En fin de semaine, des orages sont annonc\u00e9s par M\u00e9t\u00e9o France, mais devraient \u00e9pargner le littoral.<\/p>\n<p class=\" wall-content\">Pour la fin de la semaine, les temp\u00e9ratures retrouveront les normales de saison avec 23\u00b0C attendus dans l\u2019apr\u00e8s-midi.<\/p>\n<p class=\" wall-content\">Suivez toute l\u2019actualit\u00e9 de vos villes et m\u00e9dias favoris en vous inscrivant \u00e0 <a href=\"https:\/\/moncompte.actu.fr\" title=\"D\u00e9couvez Mon Actu\" rel=\"nofollow noopener\" data-trk=\"{&quot;cta&quot;:{&quot;action&quot;:&quot;https:\\\/\\\/moncompte.actu.fr&quot;,&quot;category&quot;:&quot;mon compte&quot;,&quot;from&quot;:&quot;article footer&quot;,&quot;name&quot;:&quot;Mon actu&quot;,&quot;type&quot;:&quot;cta&quot;}}\" target=\"_blank\">Mon Actu<\/a>.<\/p>\n","protected":false},"excerpt":{"rendered":"Par Ugo Maillard Publi\u00e9 le 26 mai 2025 \u00e0 13h47 L\u2019instabilit\u00e9 dans le ciel de la C\u00f4te d\u2019Azur&hellip;\n","protected":false},"author":2,"featured_media":4877,"comment_status":"","ping_status":"","sticky":false,"template":"","format":"standard","meta":{"footnotes":""},"categories":[2819],"tags":[1111,11,1777,674,1011,27,2487,2357,12,2401,882,25],"class_list":{"0":"post-129250","1":"post","2":"type-post","3":"status-publish","4":"format-standard","5":"has-post-thumbnail","7":"category-nice","8":"tag-actu","9":"tag-actualites","10":"tag-eu","11":"tag-europe","12":"tag-fr","13":"tag-france","14":"tag-meteo","15":"tag-meteo-france","16":"tag-news","17":"tag-nice","18":"tag-provence-alpes-cote-dazur","19":"tag-republique-francaise"},"share_on_mastodon":{"url":"https:\/\/pubeurope.com\/@fr\/114574177321252535","error":""},"_links":{"self":[{"href":"https:\/\/www.europesays.com\/fr\/wp-json\/wp\/v2\/posts\/129250","targetHints":{"allow":["GET"]}}],"collection":[{"href":"https:\/\/www.europesays.com\/fr\/wp-json\/wp\/v2\/posts"}],"about":[{"href":"https:\/\/www.europesays.com\/fr\/wp-json\/wp\/v2\/types\/post"}],"author":[{"embeddable":true,"href":"https:\/\/www.europesays.com\/fr\/wp-json\/wp\/v2\/users\/2"}],"replies":[{"embeddable":true,"href":"https:\/\/www.europesays.com\/fr\/wp-json\/wp\/v2\/comments?post=129250"}],"version-history":[{"count":0,"href":"https:\/\/www.europesays.com\/fr\/wp-json\/wp\/v2\/posts\/129250\/revisions"}],"wp:featuredmedia":[{"embeddable":true,"href":"https:\/\/www.europesays.com\/fr\/wp-json\/wp\/v2\/media\/4877"}],"wp:attachment":[{"href":"https:\/\/www.europesays.com\/fr\/wp-json\/wp\/v2\/media?parent=129250"}],"wp:term":[{"taxonomy":"category","embeddable":true,"href":"https:\/\/www.europesays.com\/fr\/wp-json\/wp\/v2\/categories?post=129250"},{"taxonomy":"post_tag","embeddable":true,"href":"https:\/\/www.europesays.com\/fr\/wp-json\/wp\/v2\/tags?post=129250"}],"curies":[{"name":"wp","href":"https:\/\/api.w.org\/{rel}","templated":true}]}}