{"id":129251,"date":"2025-05-26T12:39:10","date_gmt":"2025-05-26T12:39:10","guid":{"rendered":"https:\/\/www.europesays.com\/fr\/129251\/"},"modified":"2025-05-26T12:39:10","modified_gmt":"2025-05-26T12:39:10","slug":"ou-est-en-le-mega-projet","status":"publish","type":"post","link":"https:\/\/www.europesays.com\/fr\/129251\/","title":{"rendered":"o\u00f9 est en le m\u00e9ga projet\u00a0?"},"content":{"rendered":"<p>            Par<br \/>\n        <strong><br \/>\n            <a href=\"https:\/\/actu.fr\/auteur\/manon-reinhardt\" title=\"Consulter tous les articles de Manon Reinhardt\" target=\"_blank\" rel=\"noopener\">Manon Reinhardt<\/a><br \/>\n        <\/strong><\/p>\n<p>        Publi\u00e9 le<\/p>\n<p>            26 mai 2025 \u00e0 14h28        <\/p>\n<p>Il est \u00ab\u2009l\u2019un des plus grands chantiers de modernisation d\u2019une station d\u2019\u00e9puration en Europe\u2009\u00bb. La station d\u2019\u00e9puration Haliotis est en passe de devenir Haliotis 2, un m\u00e9ga projet de r\u00e9habilitation annonc\u00e9e en 2023 par la M\u00e9tropole Nice C\u00f4te d\u2019Azur (<a href=\"https:\/\/actu.fr\/provence-alpes-cote-d-azur\/alpes-maritimes_06\" target=\"_blank\" rel=\"noopener\">Alpes-Maritimes<\/a>).<\/p>\n<p class=\" wall-content\">Le co\u00fbt total est estim\u00e9 \u00e0\u2026 <strong>700\u00a0millions d\u2019euros<\/strong>. L\u2019eau de 680\u2009000\u00a0habitants y sera ainsi trait\u00e9e. O\u00f9 en sont les travaux\u2009? On fait le point.<\/p>\n<p>Le traitement des eaux pour 26\u00a0communes<\/p>\n<p class=\" wall-content\">Il s\u2019agit d\u2019un \u00ab\u2009projet majeur\u2009\u00bb. La grande station d\u2019\u00e9puration ni\u00e7oise, Haliotis, est en passe d\u2019\u00eatre agrandi et transform\u00e9e dans le cadre d\u2019un m\u00e9ga chantier, port\u00e9 par la M\u00e9tropole. Annonc\u00e9 en 2023 par Christian Estrosi, le nouveau site \u2013 baptis\u00e9 Haliotis 2 \u2013 devrait permettre de traiter les eaux us\u00e9es de 26\u00a0communes, <strong>soit six de plus qu\u2019auparavant<\/strong>.<\/p>\n<p class=\" wall-content\"><a href=\"https:\/\/actu.fr\/dossier\/sommet-des-oceans-a-nice-tout-ce-qu-il-faut-savoir-sur-la-conference-de-l-onu_62542007.html\" target=\"_blank\" rel=\"noopener\">\u00c0 moins de trois semaines de la tenue du sommet de l\u2019Oc\u00e9an<\/a> (UNOC), la premi\u00e8re pierre a \u00e9t\u00e9 symboliquement pos\u00e9e par le pr\u00e9sident de la M\u00e9tropole et le directeur de Suez Eau France, Arnaud Bazire, le 14\u00a0mai dernier. Le montant global du projet est fix\u00e9 \u00e0 700\u00a0millions d\u2019euros.<\/p>\n<blockquote class=\"ac-article-quote wall-content\">\n<p>La ressource en eau est un enjeu majeur de notre si\u00e8cle, en particulier pour notre territoire. C\u2019est notre responsabilit\u00e9 d\u2019agir concr\u00e8tement pour sa pr\u00e9servation. La pose de la premi\u00e8re pierre d\u2019Haliotis 2 marque symboliquement le lancement du plus grand projet de station d\u2019\u00e9puration de nouvelle g\u00e9n\u00e9ration en France, vitrine \u00e9cologique et \u00e9nerg\u00e9tique de Nice.<\/p>\n<p>    <strong>Christian Estrosi<\/strong><br \/>\n        Pr\u00e9sident de la M\u00e9tropole    <\/p><\/blockquote>\n<p>5\u00a0millions de m\u00e8tres cubes recycl\u00e9s chaque ann\u00e9e<\/p>\n<p class=\" wall-content\">Le nouveau site \u00ab\u2009rel\u00e8vera les d\u00e9fis climatiques\u2009\u00bb, promet \u00e9galement Christian Estrosi. Il s\u2019inscrit notamment dans <a href=\"https:\/\/www.nicecotedazur.org\/services\/environnement\/protection-du-climat\/plan-climat-air-energie-territorial\/\" target=\"_blank\" rel=\"noopener\">le plan climat men\u00e9e par la collectivit\u00e9<\/a>, qui vise la neutralit\u00e9 carbone \u00e0 d\u2019ici 2050.<\/p>\n<p class=\" wall-content\">Le projet de cette <strong>usine \u00ab\u2009tout-en-un\u2009\u00bb<\/strong> poursuit plusieurs objectifs\u2009: la pr\u00e9servation de la M\u00e9diterran\u00e9e, la r\u00e9utilisation des eaux us\u00e9es (elle pourra recycler cinq millions de m\u00e8tres cubes par an), et la production de nouvelles ressources avec, notamment, l\u2019installation de panneaux photovolta\u00efques.<\/p>\n<p>    <img   decoding=\"async\" loading=\"lazy\" src=\"https:\/\/www.europesays.com\/fr\/wp-content\/uploads\/2025\/05\/haliotis-2-nice-960x640.jpg\" alt=\"Une image de projection d'Haliotis 2 depuis les airs.\" width=\"960\" height=\"640\"\/><br \/>\n    Une image de projection d\u2019Haliotis 2 depuis les airs. (\u00a9Visuel M\u00e9tropole Nice C\u00f4te d\u2019Azur)<\/p>\n<p class=\" wall-content\">Un espace v\u00e9g\u00e9talis\u00e9 est \u00e9galement pr\u00e9vu dans le projet avec la cr\u00e9ation d\u2019un \u00eelot de fra\u00eecheur de<strong> 4,5 hectares<\/strong> et la plantation de <strong>600 arbres<\/strong>. Concernant les odeurs, parfois naus\u00e9abondes pour les riverains, des unit\u00e9s de d\u00e9sodorisation, des capteurs et un centre d\u2019hypervision vont \u00eatre install\u00e9s.<\/p>\n<p>Mise en service progressive jusqu\u2019en 2030<\/p>\n<p class=\" wall-content\">\u00ab\u2009Haliotis 2 a \u00e9t\u00e9 pens\u00e9e pour offrir un service d\u2019excellence aux habitants du territoire, \u00e0 la fois en termes de performance environnementale, de circularit\u00e9 des ressources et de pr\u00e9servation de ce site exceptionnel\u2009\u00bb, s\u2019est \u00e9galement r\u00e9joui Thierry D\u00e9au, pr\u00e9sident de Suez.<\/p>\n<p class=\" wall-content\">\n<p class=\" wall-content\">Il d\u00e9crit \u00ab\u2009un site unique\u2009\u00bb o\u00f9 toutes <strong>les technologiques<\/strong> en mati\u00e8re de traitement des boues d\u2019\u00e9puration \u00ab\u2009seront d\u00e9ploy\u00e9es\u2009\u00bb. Elle deviendra ainsi \u00ab\u2009l\u2019une des plus grandes stations d\u2019\u00e9puration de France\u2009\u00bb.<\/p>\n<p class=\" wall-content\">Sa mise en service sera progressive entre\u00a02025 et\u00a02030. La fin de travaux est annonc\u00e9e pour septembre\u00a02031, selon le calendrier communiqu\u00e9 par la M\u00e9tropole.<\/p>\n<p class=\" wall-content\">Suivez toute l\u2019actualit\u00e9 de vos villes et m\u00e9dias favoris en vous inscrivant \u00e0 <a href=\"https:\/\/moncompte.actu.fr\" title=\"D\u00e9couvez Mon Actu\" rel=\"nofollow noopener\" data-trk=\"{&quot;cta&quot;:{&quot;action&quot;:&quot;https:\\\/\\\/moncompte.actu.fr&quot;,&quot;category&quot;:&quot;mon compte&quot;,&quot;from&quot;:&quot;article footer&quot;,&quot;name&quot;:&quot;Mon actu&quot;,&quot;type&quot;:&quot;cta&quot;}}\" target=\"_blank\">Mon Actu<\/a>.<\/p>\n","protected":false},"excerpt":{"rendered":"Par Manon Reinhardt Publi\u00e9 le 26 mai 2025 \u00e0 14h28 Il est \u00ab\u2009l\u2019un des plus grands chantiers de&hellip;\n","protected":false},"author":2,"featured_media":129252,"comment_status":"","ping_status":"","sticky":false,"template":"","format":"standard","meta":{"footnotes":""},"categories":[2819],"tags":[1111,11,1129,1777,674,1011,27,12,2401,52,882,25,2086],"class_list":{"0":"post-129251","1":"post","2":"type-post","3":"status-publish","4":"format-standard","5":"has-post-thumbnail","7":"category-nice","8":"tag-actu","9":"tag-actualites","10":"tag-climat","11":"tag-eu","12":"tag-europe","13":"tag-fr","14":"tag-france","15":"tag-news","16":"tag-nice","17":"tag-planete","18":"tag-provence-alpes-cote-dazur","19":"tag-republique-francaise","20":"tag-travaux"},"share_on_mastodon":{"url":"https:\/\/pubeurope.com\/@fr\/114574181543114553","error":""},"_links":{"self":[{"href":"https:\/\/www.europesays.com\/fr\/wp-json\/wp\/v2\/posts\/129251","targetHints":{"allow":["GET"]}}],"collection":[{"href":"https:\/\/www.europesays.com\/fr\/wp-json\/wp\/v2\/posts"}],"about":[{"href":"https:\/\/www.europesays.com\/fr\/wp-json\/wp\/v2\/types\/post"}],"author":[{"embeddable":true,"href":"https:\/\/www.europesays.com\/fr\/wp-json\/wp\/v2\/users\/2"}],"replies":[{"embeddable":true,"href":"https:\/\/www.europesays.com\/fr\/wp-json\/wp\/v2\/comments?post=129251"}],"version-history":[{"count":0,"href":"https:\/\/www.europesays.com\/fr\/wp-json\/wp\/v2\/posts\/129251\/revisions"}],"wp:featuredmedia":[{"embeddable":true,"href":"https:\/\/www.europesays.com\/fr\/wp-json\/wp\/v2\/media\/129252"}],"wp:attachment":[{"href":"https:\/\/www.europesays.com\/fr\/wp-json\/wp\/v2\/media?parent=129251"}],"wp:term":[{"taxonomy":"category","embeddable":true,"href":"https:\/\/www.europesays.com\/fr\/wp-json\/wp\/v2\/categories?post=129251"},{"taxonomy":"post_tag","embeddable":true,"href":"https:\/\/www.europesays.com\/fr\/wp-json\/wp\/v2\/tags?post=129251"}],"curies":[{"name":"wp","href":"https:\/\/api.w.org\/{rel}","templated":true}]}}