{"id":129297,"date":"2025-05-26T13:04:09","date_gmt":"2025-05-26T13:04:09","guid":{"rendered":"https:\/\/www.europesays.com\/fr\/129297\/"},"modified":"2025-05-26T13:04:09","modified_gmt":"2025-05-26T13:04:09","slug":"ar-du-film-java-kamasutra-gowok-devano-danendra-a-eu-beaucoup-de-lecons-sur-le-sexe","status":"publish","type":"post","link":"https:\/\/www.europesays.com\/fr\/129297\/","title":{"rendered":"ar du film Java Kamasutra Gowok, Devano Danendra a eu beaucoup de le\u00e7ons sur le sexe"},"content":{"rendered":"<p>ARTA &#8211; Devano Danendra r\u00e9v\u00e8le son exp\u00e9rience unique et \u00e9ducative apr\u00e8s avoir \u00e9t\u00e9 impliqu\u00e9 dans le film Jawa Kamasutra Gowok. Devano a admis que ce projet de film ouvre son m\u00e9pris sur les probl\u00e8mes de sexualit\u00e9 qu\u2019il n\u2019a jamais obtenus officiellement qu\u2019il a rarement obtenus.<\/p>\n<p>\u00bb Pour \u00eatre honn\u00eate, c\u2019est un film qui n\u2019est pas seulement une histoire incroyable, mais qui me apprend \u00e0 pouvoir en savoir plus sur le sexe \u00bb, a d\u00e9clar\u00e9 Devano Danendra lors du gala Premier dans la r\u00e9gion de Thamrin, dans le centre de Jakarta, lundi 26 mai.<\/p>\n<p>Devano a mentionn\u00e9 que l\u2019\u00e9ducation sexuelle qu\u2019il a re\u00e7ue jusqu\u2019\u00e0 pr\u00e9sent \u00e9tait tr\u00e8s faible, m\u00eame presque inexistante lorsqu\u2019il s\u2019est assis sur le banc de l\u2019\u00e9cole. Gr\u00e2ce au film, il se sentait introduit l\u2019autre c\u00f4t\u00e9 de la sexualit\u00e9, en particulier celle li\u00e9e \u00e0 l\u2019histoire et \u00e0 la culture indon\u00e9sienne.<\/p>\n<p>al Al Jazeera : \u00ab Parce que pour \u00eatre honn\u00eate, quand j\u2019ai \u00e9t\u00e9 \u00e0 l\u2019\u00e9cole, j\u2019ai rarement re\u00e7u une bonne \u00e9ducation sexuelle. A Gowok Kamasutra, Java s\u2019av\u00e8re qu\u2019il est devenu l\u2019une des histoires oubli\u00e9es en Indon\u00e9sie, n\u2019est-ce pas \u00bb, a-t-il d\u00e9clar\u00e9.<\/p>\n<p>f-Royal: Afin d\u2019explorer son r\u00f4le, Devano a admis qu\u2019il devait mener des recherches approfondies sur le concept de gowok et sur ce qu\u2019il signifiait vraiment par sexe de qualit\u00e9. Il s\u2019est rendu compte que la sexualit\u00e9 n\u2019\u00e9tait pas seulement une question de relations physiques.<\/p>\n<p>\u00ab Et finalement, je dois me demander ce que c\u2019est gowok, ce que c\u2019est de qualit\u00e9, parce que ce que je sais, c\u2019est juste du sexe \u00bb, a-t-il d\u00e9clar\u00e9.<\/p>\n<p>Devano s&rsquo;est \u00e9galement rendu compte que le sexe implique \u00e9galement des aspects \u00e9motionnels, de communication et de romance qui ne sont pas moins importants.<\/p>\n<p>\u00ab Il s\u2019av\u00e8re que le sexe n\u2019est pas seulement une question de sexe, mais il y a en effet un moyen, il y a des \u00e9tapes pour pouvoir le faire, le romantiquer, n\u2019est-ce pas? \u00bb, a-t-il conclu.<\/p>\n<p>en plus de Devano Danendra, le film de Gowok Kamasutra Java est \u00e9galement jou\u00e9 par Reza Rahadian, Raihaanun, Lola Amaria, Alika Jantinia, Ali Fikry et Nayla Purnama.<\/p>\n<p>ak Kamasutra, ce film de Java, commencera \u00e0 sortir le 5 juin.<\/p>\n<p>The English, Chinese, Japanese, Arabic, and French versions are automatically generated by the AI. So there may still be inaccuracies in translating, please always see Indonesian as our main language.<br \/>\n                                    (system supported by DigitalSiber.id)<\/p>\n","protected":false},"excerpt":{"rendered":"ARTA &#8211; Devano Danendra r\u00e9v\u00e8le son exp\u00e9rience unique et \u00e9ducative apr\u00e8s avoir \u00e9t\u00e9 impliqu\u00e9 dans le film Jawa&hellip;\n","protected":false},"author":2,"featured_media":129298,"comment_status":"","ping_status":"","sticky":false,"template":"","format":"standard","meta":{"footnotes":""},"categories":[1586],"tags":[11,650,25347,1777,674,1779,1011,27,12,25,25346,1778,364],"class_list":{"0":"post-129297","1":"post","2":"type-post","3":"status-publish","4":"format-standard","5":"has-post-thumbnail","7":"category-europe","8":"tag-actualites","9":"tag-cinema","10":"tag-comme-sutra","11":"tag-eu","12":"tag-europe","13":"tag-european-union","14":"tag-fr","15":"tag-france","16":"tag-news","17":"tag-republique-francaise","18":"tag-te","19":"tag-ue","20":"tag-union-europeenne"},"share_on_mastodon":{"url":"https:\/\/pubeurope.com\/@fr\/114574279633524758","error":""},"_links":{"self":[{"href":"https:\/\/www.europesays.com\/fr\/wp-json\/wp\/v2\/posts\/129297","targetHints":{"allow":["GET"]}}],"collection":[{"href":"https:\/\/www.europesays.com\/fr\/wp-json\/wp\/v2\/posts"}],"about":[{"href":"https:\/\/www.europesays.com\/fr\/wp-json\/wp\/v2\/types\/post"}],"author":[{"embeddable":true,"href":"https:\/\/www.europesays.com\/fr\/wp-json\/wp\/v2\/users\/2"}],"replies":[{"embeddable":true,"href":"https:\/\/www.europesays.com\/fr\/wp-json\/wp\/v2\/comments?post=129297"}],"version-history":[{"count":0,"href":"https:\/\/www.europesays.com\/fr\/wp-json\/wp\/v2\/posts\/129297\/revisions"}],"wp:featuredmedia":[{"embeddable":true,"href":"https:\/\/www.europesays.com\/fr\/wp-json\/wp\/v2\/media\/129298"}],"wp:attachment":[{"href":"https:\/\/www.europesays.com\/fr\/wp-json\/wp\/v2\/media?parent=129297"}],"wp:term":[{"taxonomy":"category","embeddable":true,"href":"https:\/\/www.europesays.com\/fr\/wp-json\/wp\/v2\/categories?post=129297"},{"taxonomy":"post_tag","embeddable":true,"href":"https:\/\/www.europesays.com\/fr\/wp-json\/wp\/v2\/tags?post=129297"}],"curies":[{"name":"wp","href":"https:\/\/api.w.org\/{rel}","templated":true}]}}