{"id":129324,"date":"2025-05-26T13:20:12","date_gmt":"2025-05-26T13:20:12","guid":{"rendered":"https:\/\/www.europesays.com\/fr\/129324\/"},"modified":"2025-05-26T13:20:12","modified_gmt":"2025-05-26T13:20:12","slug":"avec-mon-double-masque-jetais-un-peu-perdue-reconnait-marie-ange-nardi","status":"publish","type":"post","link":"https:\/\/www.europesays.com\/fr\/129324\/","title":{"rendered":"\u00ab Avec mon double masque, j\u2019\u00e9tais un peu perdue \u00bb, reconna\u00eet Marie-Ange Nardi"},"content":{"rendered":"<p><strong>interview &#8211; Elimin\u00e9e apr\u00e8s deux primes sur TF1, l\u2019animatrice Marie-Ange Nardi &#8211; alias la Dame de c\u0153ur &#8211; est revenue pour \u00ab 20 Minutes \u00bb sur son aventure \u00ab Mask Singer \u00bb<\/strong><\/p>\n<p>Pluie de c\u0153urs sur \u00ab <a href=\"https:\/\/www.20minutes.fr\/arts-stars\/television\/mask-singer\/?at_medium=RSS%20feed&amp;at_campaign=ynews&amp;utm_source=yahoo&amp;utm_medium=rss&amp;utm_campaign=news_feed&amp;utm_content=in_article_link\" rel=\"nofollow noopener\" target=\"_blank\" data-ylk=\"slk:Mask Singer;elm:context_link;itc:0;sec:content-canvas\" class=\"link \">Mask Singer<\/a> \u00bb. Vendredi soir, plus de 3 millions de t\u00e9l\u00e9spectateurs ont pu d\u00e9couvrir qui \u00e9tait la Dame de c\u0153ur. Il s\u2019agissait de Marie-Ange Nardi, qui a anim\u00e9, entre autres, \u00ab Qui est qui ? \u00bb et \u00ab Pyramide \u00bb sur <a href=\"https:\/\/www.20minutes.fr\/television\/france_2\/?at_medium=RSS%20feed&amp;at_campaign=ynews&amp;utm_source=yahoo&amp;utm_medium=rss&amp;utm_campaign=news_feed&amp;utm_content=in_article_link\" rel=\"nofollow noopener\" target=\"_blank\" data-ylk=\"slk:France 2;elm:context_link;itc:0;sec:content-canvas\" class=\"link \">France 2<\/a>, avant de se retrouver aux commandes de \u00ab T\u00e9l\u00e9shopping \u00bb sur la Une, en duo avec Alexandre Devoise. Pour \u00ab 20 Minutes \u00bb, cette grande dame de la <a href=\"https:\/\/www.20minutes.fr\/arts-stars\/television\/?at_medium=RSS%20feed&amp;at_campaign=ynews&amp;utm_source=yahoo&amp;utm_medium=rss&amp;utm_campaign=news_feed&amp;utm_content=in_article_link\" rel=\"nofollow noopener\" target=\"_blank\" data-ylk=\"slk:t\u00e9l\u00e9vision;elm:context_link;itc:0;sec:content-canvas\" class=\"link \">t\u00e9l\u00e9vision<\/a> revient sur son exp\u00e9rience dans le jeu de <a href=\"https:\/\/www.20minutes.fr\/dossier\/tf1?at_medium=RSS%20feed&amp;at_campaign=ynews&amp;utm_source=yahoo&amp;utm_medium=rss&amp;utm_campaign=news_feed&amp;utm_content=in_article_link\" rel=\"nofollow noopener\" target=\"_blank\" data-ylk=\"slk:TF1;elm:context_link;itc:0;sec:content-canvas\" class=\"link \">TF1<\/a>.<\/p>\n<p>\u00ab <a href=\"https:\/\/www.20minutes.fr\/arts-stars\/television\/mask-singer\/?at_medium=RSS%20feed&amp;at_campaign=ynews&amp;utm_source=yahoo&amp;utm_medium=rss&amp;utm_campaign=news_feed&amp;utm_content=in_article_link\" rel=\"nofollow noopener\" target=\"_blank\" data-ylk=\"slk:Mask Singer;elm:context_link;itc:0;sec:content-canvas\" class=\"link \">Mask Singer<\/a> \u00bb, c\u2019\u00e9tait une \u00e9vidence pour vous ?<\/p>\n<p>C\u2019\u00e9tait avant tout un moment hors norme \u00e0 vivre. Se d\u00e9guiser, se retrouver une sc\u00e8ne en tentant de faire une chor\u00e9graphie\u2026 Je dis bien \u00ab tenter \u00bb, car le costume \u00e9tait tr\u00e8s lourd. Il a limit\u00e9 le nombre de mes mouvements. La production m\u2019avait propos\u00e9 de participer, et je me suis dit : \u00ab Allez, j\u2019y vais, ce sera une aventure diff\u00e9rente \u00bb. C\u2019\u00e9tait d\u2019ailleurs la premi\u00e8re fois qu\u2019on me le proposait.<\/p>\n<p>En Dame de c\u0153ur, une autre \u00e9vidence ?<\/p>\n<p>Elle \u00e9tait magnifique. La plupart des costumes \u00e9taient des \u0153uvres d\u2019art, \u00e7a a \u00e9volu\u00e9 au fil des ann\u00e9es de mani\u00e8re incroyable. Le masque \u00e9tait un peu oppressant, puis je m\u2019y \u00e9tais fait. Et c\u2019est \u00e0 ce moment-l\u00e0 que j\u2019ai quitt\u00e9 l\u2019\u00e9mission.<\/p>\n<p>Vous esp\u00e9riez plus loin\u2026<\/p>\n<p>Oui, car on s\u2019acclimate, on se prend au jeu et on s\u2019am\u00e9liore m\u00eame.<\/p>\n<p>\u00ab Elle chante bien quand m\u00eame \u00bb, a dit Camille Combal \u00e0 propos de la Dame de c\u0153ur. \u00c7a vous a touch\u00e9 ?<\/p>\n<p>\u00c7a m\u2019a fait plaisir. Je savais que je ne chantais pas trop faux. Il y a quand m\u00eame eu une pr\u00e9paration avec une coach vocale. On a tendanc(&#8230;)<\/p>\n<p><a href=\"https:\/\/www.20minutes.fr\/arts-stars\/television\/4155443-20250526-mask-singer-double-masque-peu-perdue-reconnait-marie-ange-nardi?at_medium=RSS%20feed&amp;at_campaign=ynews&amp;utm_source=yahoo&amp;utm_medium=rss&amp;utm_campaign=news_feed&amp;utm_content=read_more_link\" rel=\"nofollow noopener\" target=\"_blank\" data-ylk=\"slk:Lire la suite sur 20minutes;elm:context_link;itc:0;sec:content-canvas\" class=\"link \">Lire la suite sur 20minutes<\/a><\/p>\n<p>\u00c0 lire aussi :<br \/><a href=\"https:\/\/www.20minutes.fr\/arts-stars\/television\/4154246-20250519-jeanfi-janssens-mask-singer-impression-etre-mission-impossible?at_medium=RSS%20feed&amp;at_campaign=ynews&amp;utm_source=yahoo&amp;utm_medium=rss&amp;utm_campaign=news_feed&amp;utm_content=related_content_link\" rel=\"nofollow noopener\" target=\"_blank\" data-ylk=\"slk:Mask Singer : \u00ab L\u2019autruche, \u00e7a me parlait \u00bb, explique le sortant Jeanfi Janssens;elm:context_link;itc:0;sec:content-canvas\" class=\"link \">Mask Singer : \u00ab L\u2019autruche, \u00e7a me parlait \u00bb, explique le sortant Jeanfi Janssens<\/a><br \/><a href=\"https:\/\/www.20minutes.fr\/arts-stars\/television\/4152937-20250512-mask-singer-tf1-libre-mouvements-confie-helene-rolles?at_medium=RSS%20feed&amp;at_campaign=ynews&amp;utm_source=yahoo&amp;utm_medium=rss&amp;utm_campaign=news_feed&amp;utm_content=related_content_link\" rel=\"nofollow noopener\" target=\"_blank\" data-ylk=\"slk:\u00ab Mask Singer \u00bb sur TF1 : \u00ab Je n\u2019\u00e9tais pas libre de mes mouvements \u00bb, confie H\u00e9l\u00e8ne Roll\u00e8s;elm:context_link;itc:0;sec:content-canvas\" class=\"link \">\u00ab Mask Singer \u00bb sur TF1 : \u00ab Je n\u2019\u00e9tais pas libre de mes mouvements \u00bb, confie H\u00e9l\u00e8ne Roll\u00e8s<\/a><\/p>\n","protected":false},"excerpt":{"rendered":"interview &#8211; Elimin\u00e9e apr\u00e8s deux primes sur TF1, l\u2019animatrice Marie-Ange Nardi &#8211; alias la Dame de c\u0153ur &#8211;&hellip;\n","protected":false},"author":2,"featured_media":129325,"comment_status":"","ping_status":"","sticky":false,"template":"","format":"standard","meta":{"footnotes":""},"categories":[1356],"tags":[25349,58,59,1011,27,25348,5983,252,199,1364],"class_list":{"0":"post-129324","1":"post","2":"type-post","3":"status-publish","4":"format-standard","5":"has-post-thumbnail","7":"category-television","8":"tag-alexandre-devoise","9":"tag-divertissement","10":"tag-entertainment","11":"tag-fr","12":"tag-france","13":"tag-marie-ange-nardi","14":"tag-mask-singer","15":"tag-television","16":"tag-tf1","17":"tag-tv"},"share_on_mastodon":{"url":"https:\/\/pubeurope.com\/@fr\/114574342861823038","error":""},"_links":{"self":[{"href":"https:\/\/www.europesays.com\/fr\/wp-json\/wp\/v2\/posts\/129324","targetHints":{"allow":["GET"]}}],"collection":[{"href":"https:\/\/www.europesays.com\/fr\/wp-json\/wp\/v2\/posts"}],"about":[{"href":"https:\/\/www.europesays.com\/fr\/wp-json\/wp\/v2\/types\/post"}],"author":[{"embeddable":true,"href":"https:\/\/www.europesays.com\/fr\/wp-json\/wp\/v2\/users\/2"}],"replies":[{"embeddable":true,"href":"https:\/\/www.europesays.com\/fr\/wp-json\/wp\/v2\/comments?post=129324"}],"version-history":[{"count":0,"href":"https:\/\/www.europesays.com\/fr\/wp-json\/wp\/v2\/posts\/129324\/revisions"}],"wp:featuredmedia":[{"embeddable":true,"href":"https:\/\/www.europesays.com\/fr\/wp-json\/wp\/v2\/media\/129325"}],"wp:attachment":[{"href":"https:\/\/www.europesays.com\/fr\/wp-json\/wp\/v2\/media?parent=129324"}],"wp:term":[{"taxonomy":"category","embeddable":true,"href":"https:\/\/www.europesays.com\/fr\/wp-json\/wp\/v2\/categories?post=129324"},{"taxonomy":"post_tag","embeddable":true,"href":"https:\/\/www.europesays.com\/fr\/wp-json\/wp\/v2\/tags?post=129324"}],"curies":[{"name":"wp","href":"https:\/\/api.w.org\/{rel}","templated":true}]}}