{"id":129354,"date":"2025-05-26T13:35:09","date_gmt":"2025-05-26T13:35:09","guid":{"rendered":"https:\/\/www.europesays.com\/fr\/129354\/"},"modified":"2025-05-26T13:35:09","modified_gmt":"2025-05-26T13:35:09","slug":"les-jeunes-de-lassociation-lecole-des-robots-a-la-decouverte-des-metiers-de-lingenierie-maritime-et-de-linnovation-technologique-a-six-fours","status":"publish","type":"post","link":"https:\/\/www.europesays.com\/fr\/129354\/","title":{"rendered":"Les jeunes de l&rsquo;association L&rsquo;\u00c9cole des robots \u00e0 la d\u00e9couverte des m\u00e9tiers de l&rsquo;ing\u00e9nierie maritime et de l&rsquo;innovation technologique \u00e0 Six-Fours"},"content":{"rendered":"<p><strong>L\u2019\u00c9cole des Robots initie depuis 2017 les jeunes de 7 \u00e0 18 ans \u00e0 la robotique et \u00e0 la programmation<\/strong> \u00e0 travers des ateliers ludiques, interactifs et encadr\u00e9s par six professeurs sp\u00e9cialis\u00e9s. L\u2019objectif: d\u00e9velopper des comp\u00e9tences techniques solides tout en cultivant la curiosit\u00e9 et le plaisir d\u2019apprendre. Forte de pr\u00e8s de <strong>400 adh\u00e9rents<\/strong>, l\u2019association conna\u00eet un essor constant.<\/p>\n<p>Une quarantaine de ses membres ont eu l\u2019opportunit\u00e9 mercredi dernier d\u2019explorer les coulisses de MarineTech et HelioWater, deux entreprises six-fournaises reconnues pour leur expertise dans l\u2019ing\u00e9nierie maritime et l\u2019innovation technologique. Accueillis par Thierry Carlin, p.-d.g. des deux structures, les jeunes ont d\u00e9couvert un univers technologique de haut niveau: drones marins d\u00e9velopp\u00e9s pour la Marine nationale, syst\u00e8mes m\u00e9t\u00e9orologiques miniaturis\u00e9s, et solutions avanc\u00e9es de dessalement.<\/p>\n<p>Un dialogue technique entre g\u00e9n\u00e9rations <\/p>\n<p>Rapidement, les visiteurs reconnaissent des technologies qu\u2019ils manipulent en atelier: servomoteurs, capteurs infrarouges, moteurs \u00e9tanches, acc\u00e9l\u00e9rom\u00e8tres\u2026 Les \u00e9changes prennent une tournure technique. Lucas (11 ans) s\u2019interroge sur l\u2019autonomie du drone Manta, capable de missions \u00e0 3.000 m\u00e8tres de profondeur. Axel (15 ans) propose d\u2019exploiter les courants marins pour optimiser la consommation \u00e9nerg\u00e9tique. Charles (13 ans), accompagn\u00e9 de sa m\u00e8re, \u00e9change sur l\u2019int\u00e9gration des modules anti-g\u00eete HelioWater dans la conception navale. Pour Jean-Michel Moreira, fondateur de l\u2019association, ces \u00e9changes sont r\u00e9v\u00e9lateurs: \u00ab\u00a0Les discussions ont \u00e9t\u00e9 pointues et parfois m\u00eame surprenantes. Elles t\u00e9moignent d\u2019une v\u00e9ritable ma\u00eetrise des notions abord\u00e9es en atelier.\u00a0\u00bb<\/p>\n<p>Former aujourd\u2019hui les comp\u00e9tences de demain <\/p>\n<p>Il poursuit: \u00ab\u00a0Au-del\u00e0 de la visite, cette rencontre illustre la coh\u00e9rence du projet p\u00e9dagogique port\u00e9 par l\u2019\u00c9cole des robots: connecter les apprentissages concrets aux enjeux industriels actuels. Les jeunes y d\u00e9veloppent des comp\u00e9tences directement transposables : navigation autonome, reconnaissance de l\u2019environnement, programmation embarqu\u00e9e\u2026\u00a0\u00bb Et c\u2019est certainement en cr\u00e9ant ce genre de synergies concr\u00e8tes que l\u2019on donne \u00e0 la jeunesse les moyens de se projeter dans les m\u00e9tiers de demain. <\/p>\n<p>Ateliers et stages nombreux.<\/p>\n<p>Toutes les informations: <a href=\"https:\/\/ecole-des-robots.fr\/\" target=\"_blank\" rel=\"noopener\">https:\/\/ecole-des-robots.fr\/<\/a><\/p>\n","protected":false},"excerpt":{"rendered":"L\u2019\u00c9cole des Robots initie depuis 2017 les jeunes de 7 \u00e0 18 ans \u00e0 la robotique et \u00e0&hellip;\n","protected":false},"author":2,"featured_media":129355,"comment_status":"","ping_status":"","sticky":false,"template":"","format":"standard","meta":{"footnotes":""},"categories":[9619],"tags":[1111,11,1057,1777,674,332,1011,27,12,882,25,2310],"class_list":{"0":"post-129354","1":"post","2":"type-post","3":"status-publish","4":"format-standard","5":"has-post-thumbnail","7":"category-toulon","8":"tag-actu","9":"tag-actualites","10":"tag-education","11":"tag-eu","12":"tag-europe","13":"tag-faits-de-societe","14":"tag-fr","15":"tag-france","16":"tag-news","17":"tag-provence-alpes-cote-dazur","18":"tag-republique-francaise","19":"tag-toulon"},"share_on_mastodon":{"url":"https:\/\/pubeurope.com\/@fr\/114574401447804352","error":""},"_links":{"self":[{"href":"https:\/\/www.europesays.com\/fr\/wp-json\/wp\/v2\/posts\/129354","targetHints":{"allow":["GET"]}}],"collection":[{"href":"https:\/\/www.europesays.com\/fr\/wp-json\/wp\/v2\/posts"}],"about":[{"href":"https:\/\/www.europesays.com\/fr\/wp-json\/wp\/v2\/types\/post"}],"author":[{"embeddable":true,"href":"https:\/\/www.europesays.com\/fr\/wp-json\/wp\/v2\/users\/2"}],"replies":[{"embeddable":true,"href":"https:\/\/www.europesays.com\/fr\/wp-json\/wp\/v2\/comments?post=129354"}],"version-history":[{"count":0,"href":"https:\/\/www.europesays.com\/fr\/wp-json\/wp\/v2\/posts\/129354\/revisions"}],"wp:featuredmedia":[{"embeddable":true,"href":"https:\/\/www.europesays.com\/fr\/wp-json\/wp\/v2\/media\/129355"}],"wp:attachment":[{"href":"https:\/\/www.europesays.com\/fr\/wp-json\/wp\/v2\/media?parent=129354"}],"wp:term":[{"taxonomy":"category","embeddable":true,"href":"https:\/\/www.europesays.com\/fr\/wp-json\/wp\/v2\/categories?post=129354"},{"taxonomy":"post_tag","embeddable":true,"href":"https:\/\/www.europesays.com\/fr\/wp-json\/wp\/v2\/tags?post=129354"}],"curies":[{"name":"wp","href":"https:\/\/api.w.org\/{rel}","templated":true}]}}