{"id":129363,"date":"2025-05-26T13:40:10","date_gmt":"2025-05-26T13:40:10","guid":{"rendered":"https:\/\/www.europesays.com\/fr\/129363\/"},"modified":"2025-05-26T13:40:10","modified_gmt":"2025-05-26T13:40:10","slug":"un-nouvel-espace-naturel-au-coeur-de-lecoquartier-flaubert","status":"publish","type":"post","link":"https:\/\/www.europesays.com\/fr\/129363\/","title":{"rendered":"un nouvel espace naturel au c\u0153ur de l\u2019\u00e9coquartier Flaubert"},"content":{"rendered":"<p>C\u2019est un projet ambitieux qui vient d\u2019\u00eatre inaugur\u00e9 \u00e0 Rouen : le parc-canal Camille-Claudel, v\u00e9ritable colonne vert\u00e9brale verte et bleue de l\u2019\u00e9coquartier, relie d\u00e9sormais la Seine au c\u0153ur du nouveau secteur urbain. Ce bras d\u2019eau, pens\u00e9 comme un \u00e9l\u00e9ment structurant du paysage, a \u00e9t\u00e9 con\u00e7u pour conjuguer esth\u00e9tique, \u00e9cologie et r\u00e9silience climatique.<\/p>\n<p>Il y a un an tout juste, le parc-canal Camille-Claudel de l\u2019\u00e9coquartier Flaubert \u00e0 Rouen \u00e9tait mis en eau. Aujourd\u2019hui les \u00e9quipes d&rsquo;Egis a assist\u00e9 \u00e0 son inauguration, en pr\u00e9sence notamment du pr\u00e9sident de la M\u00e9tropole Rouen-Normandie,\u202fNicolas Mayer-Rossignol, Charlotte Goujon, maire de Petit Quevilly et des repr\u00e9sentants de Rouen Normandie Am\u00e9nagement. Egis accompagne Rouen Normandie Am\u00e9nagement, le ma\u00eetre d&rsquo;ouvrage d\u00e9l\u00e9gu\u00e9, pour le compte de la M\u00e9tropole Rouen Normandie au sein d&rsquo;un groupement. Elles pilotent en particulier la <strong>ma\u00eetrise d\u2019\u0153uvre urbaine et hydraulique, la direction de chantier et l\u2019ing\u00e9nierie environnementale.\u00a0<\/strong><\/p>\n<p>Un parc avant tout<\/p>\n<p>Coconstruit avec les citoyens dans le cadre de la concertation, ce projet participe \u00e0 la renaturation de la ville. Il se compose d\u2019une succession de plusieurs bassins int\u00e9gr\u00e9s \u00e0 un <strong>parc paysager de 7 hectares<\/strong>. Sans circulation motoris\u00e9e, les cheminements pi\u00e9tonniers et cyclables de qualit\u00e9 et le mobilier urbain (hamacs, banquettes, tables&#8230;) permettront aux r\u00e9sidents du quartier et aux habitants de la m\u00e9tropole de profiter pleinement de cet espace apais\u00e9 et verdoyant. \u00a0<\/p>\n<p>Un syst\u00e8me hydraulique intelligent et durable<\/p>\n<p>Le canal n\u2019est pas qu\u2019un simple d\u00e9cor : il joue un r\u00f4le essentiel dans la <strong>gestion des eaux pluviales<\/strong>. Gr\u00e2ce \u00e0 un ing\u00e9nieux r\u00e9seau de trois bassins interconnect\u00e9s, l\u2019eau y circule en continu, assurant son renouvellement naturel. En cas de <strong>fortes pr\u00e9cipitations<\/strong>, m\u00eame exceptionnelles, le dispositif est capable d\u2019absorber les exc\u00e8s gr\u00e2ce \u00e0 un syst\u00e8me de d\u00e9versement contr\u00f4l\u00e9 vers la Seine. \u00c0 l\u2019inverse, en <strong>p\u00e9riode s\u00e8che<\/strong>, une alimentation depuis le fleuve est pr\u00e9vue, avec un passage par une noue v\u00e9g\u00e9talis\u00e9e qui filtre naturellement l\u2019eau avant son entr\u00e9e dans le canal.\u00a0<\/p>\n<p>Un rempart contre les inondations et les \u00eelots de chaleur<\/p>\n<p>Ce dispositif hydraulique a \u00e9t\u00e9 pens\u00e9 pour <strong>limiter les risques d\u2019inondation <\/strong>tout en apportant un v\u00e9ritable confort urbain. En plus de rafra\u00eechir l\u2019atmosph\u00e8re, il contribue \u00e0 att\u00e9nuer l\u2019effet d\u2019\u00eelot de chaleur, ph\u00e9nom\u00e8ne accentu\u00e9 par la densit\u00e9 urbaine. <strong>Le canal devient ainsi un atout paysager autant qu\u2019un outil d\u2019adaptation climatique.\u00a0<\/strong><\/p>\n<p>Un quartier qui anticipe les enjeux climatiques \u00a0<\/p>\n<p>Le projet a \u00e9t\u00e9 <strong>mod\u00e9lis\u00e9 <\/strong>en tenant compte des sc\u00e9narios les plus pessimistes du GIEC concernant l\u2019\u00e9l\u00e9vation du niveau de la mer. Les seuils des b\u00e2timents, la topographie du site et les choix constructifs ont \u00e9t\u00e9 ajust\u00e9s pour garantir la <strong>r\u00e9silience du quartier <\/strong>face aux d\u00e9fis climatiques \u00e0 venir.\u00a0<\/p>\n<p>Un \u00e9crin de biodiversit\u00e9 en pleine ville\u00a0<\/p>\n<p>Les berges du canal, largement v\u00e9g\u00e9talis\u00e9es, offrent un <strong>nouvel habitat \u00e0 une faune et une flore vari\u00e9es<\/strong>. Arbres, plantes aquatiques et esp\u00e8ces locales y trouvent un terrain fertile, favorisant le retour de la biodiversit\u00e9 en milieu urbain. Ce <strong>corridor \u00e9cologique<\/strong> renforce la r\u00e9silience de l\u2019\u00e9cosyst\u00e8me tout en offrant aux habitants un<strong> cadre de vie apaisant et verdoyant.<\/strong>\u00a0<\/p>\n<p>Nos collaborateurs sont impliqu\u00e9s sur ce projet de nouveau quartier \u00e9cologique depuis 2007, le but\u202f? Faire renaitre un ancien site industriel rena\u00eet en un quartier vivant, sans \u00e9talement urbain. D\u2019ici 2035, logements, commerces, biodiversit\u00e9 et bords de Seine r\u00e9am\u00e9nag\u00e9s en feront un c\u0153ur de ville durable et attractif.<\/p>\n","protected":false},"excerpt":{"rendered":"C\u2019est un projet ambitieux qui vient d\u2019\u00eatre inaugur\u00e9 \u00e0 Rouen : le parc-canal Camille-Claudel, v\u00e9ritable colonne vert\u00e9brale verte&hellip;\n","protected":false},"author":2,"featured_media":129364,"comment_status":"","ping_status":"","sticky":false,"template":"","format":"standard","meta":{"footnotes":""},"categories":[9587],"tags":[1111,11,1777,674,1011,27,12,5161,25,9590],"class_list":{"0":"post-129363","1":"post","2":"type-post","3":"status-publish","4":"format-standard","5":"has-post-thumbnail","7":"category-rouen","8":"tag-actu","9":"tag-actualites","10":"tag-eu","11":"tag-europe","12":"tag-fr","13":"tag-france","14":"tag-news","15":"tag-normandie","16":"tag-republique-francaise","17":"tag-rouen"},"share_on_mastodon":{"url":"https:\/\/pubeurope.com\/@fr\/114574421071485493","error":""},"_links":{"self":[{"href":"https:\/\/www.europesays.com\/fr\/wp-json\/wp\/v2\/posts\/129363","targetHints":{"allow":["GET"]}}],"collection":[{"href":"https:\/\/www.europesays.com\/fr\/wp-json\/wp\/v2\/posts"}],"about":[{"href":"https:\/\/www.europesays.com\/fr\/wp-json\/wp\/v2\/types\/post"}],"author":[{"embeddable":true,"href":"https:\/\/www.europesays.com\/fr\/wp-json\/wp\/v2\/users\/2"}],"replies":[{"embeddable":true,"href":"https:\/\/www.europesays.com\/fr\/wp-json\/wp\/v2\/comments?post=129363"}],"version-history":[{"count":0,"href":"https:\/\/www.europesays.com\/fr\/wp-json\/wp\/v2\/posts\/129363\/revisions"}],"wp:featuredmedia":[{"embeddable":true,"href":"https:\/\/www.europesays.com\/fr\/wp-json\/wp\/v2\/media\/129364"}],"wp:attachment":[{"href":"https:\/\/www.europesays.com\/fr\/wp-json\/wp\/v2\/media?parent=129363"}],"wp:term":[{"taxonomy":"category","embeddable":true,"href":"https:\/\/www.europesays.com\/fr\/wp-json\/wp\/v2\/categories?post=129363"},{"taxonomy":"post_tag","embeddable":true,"href":"https:\/\/www.europesays.com\/fr\/wp-json\/wp\/v2\/tags?post=129363"}],"curies":[{"name":"wp","href":"https:\/\/api.w.org\/{rel}","templated":true}]}}