{"id":129365,"date":"2025-05-26T13:41:10","date_gmt":"2025-05-26T13:41:10","guid":{"rendered":"https:\/\/www.europesays.com\/fr\/129365\/"},"modified":"2025-05-26T13:41:10","modified_gmt":"2025-05-26T13:41:10","slug":"isere-plus-de-300-brebis-et-200-agneaux-traverseront-grenoble-et-sa-metropole-du-29-mai-au-4-juin","status":"publish","type":"post","link":"https:\/\/www.europesays.com\/fr\/129365\/","title":{"rendered":"Is\u00e8re. Plus de 300 brebis et 200 agneaux traverseront Grenoble et sa m\u00e9tropole du 29 mai au 4 juin"},"content":{"rendered":"<p>Plus de 300 brebis et 200\u00a0agneaux traverseront les rues de la M\u00e9tropole du 29\u00a0mai au 4\u00a0juin dans le cadre d\u2019une grande transhumance qui a commenc\u00e9 \u00e0 Tullins et se terminera \u00e0 Sarcenas.<\/p>\n<p>\u00c0 la t\u00eate de ce beau cheptel, Eudes Jou\u00ebt-Pastr\u00e9. Un berger dr\u00f4mois qui emm\u00e8ne chaque ann\u00e9e ses b\u00eates p\u00e2turer l\u2019herbe de Chamechaude l\u2019\u00e9t\u00e9. Sauf que d\u2019habitude, le transport se fait en camion, comme c\u2019est d\u00e9sormais la coutume dans le m\u00e9tier.<\/p>\n<p>Cet \u00e9v\u00e9nement, ouvert \u00e0 tous, offre une occasion unique de se rapprocher du troupeau et m\u00eame de marcher \u00e0 ses c\u00f4t\u00e9s.<\/p>\n<p class=\"note\">Jeudi 29\u00a0mai\u00a0: Veurey-Voroize\u00a0; Vendredi\u00a030 et samedi 31\u00a0mai\u00a0: Saint-\u00c9gr\u00e8ve, parc de Fiancey\u00a0; Dimanche\u00a01er\u00a0et lundi 2\u00a0juin\u00a0: Quaix-en-Chartreuse\u00a0; mardi 3\u00a0juin\u00a0: Sarcenas\/village\u00a0; mercredi 4\u00a0juin\u00a0: Sarcenas\/Col de Porte.<\/p>\n","protected":false},"excerpt":{"rendered":"Plus de 300 brebis et 200\u00a0agneaux traverseront les rues de la M\u00e9tropole du 29\u00a0mai au 4\u00a0juin dans le&hellip;\n","protected":false},"author":2,"featured_media":129366,"comment_status":"","ping_status":"","sticky":false,"template":"","format":"standard","meta":{"footnotes":""},"categories":[9566],"tags":[1111,11,327,1867,2430,7782,1687,112,1777,674,1011,27,2731,2732,108,12,25352,25,275,25353,16262],"class_list":{"0":"post-129365","1":"post","2":"type-post","3":"status-publish","4":"format-standard","5":"has-post-thumbnail","7":"category-grenoble","8":"tag-actu","9":"tag-actualites","10":"tag-agriculture","11":"tag-animaux","12":"tag-auvergne-rhone-alpes","13":"tag-balades-et-randonnees","14":"tag-culture-loisirs","15":"tag-edition-grenoble-agglomeration","16":"tag-eu","17":"tag-europe","18":"tag-fr","19":"tag-france","20":"tag-grenoble","21":"tag-grenoble-bassin","22":"tag-isere","23":"tag-news","24":"tag-quaix-en-chartreuse","25":"tag-republique-francaise","26":"tag-saint-egreve","27":"tag-sarcenas","28":"tag-veurey-voroize"},"share_on_mastodon":{"url":"https:\/\/pubeurope.com\/@fr\/114574424993480129","error":""},"_links":{"self":[{"href":"https:\/\/www.europesays.com\/fr\/wp-json\/wp\/v2\/posts\/129365","targetHints":{"allow":["GET"]}}],"collection":[{"href":"https:\/\/www.europesays.com\/fr\/wp-json\/wp\/v2\/posts"}],"about":[{"href":"https:\/\/www.europesays.com\/fr\/wp-json\/wp\/v2\/types\/post"}],"author":[{"embeddable":true,"href":"https:\/\/www.europesays.com\/fr\/wp-json\/wp\/v2\/users\/2"}],"replies":[{"embeddable":true,"href":"https:\/\/www.europesays.com\/fr\/wp-json\/wp\/v2\/comments?post=129365"}],"version-history":[{"count":0,"href":"https:\/\/www.europesays.com\/fr\/wp-json\/wp\/v2\/posts\/129365\/revisions"}],"wp:featuredmedia":[{"embeddable":true,"href":"https:\/\/www.europesays.com\/fr\/wp-json\/wp\/v2\/media\/129366"}],"wp:attachment":[{"href":"https:\/\/www.europesays.com\/fr\/wp-json\/wp\/v2\/media?parent=129365"}],"wp:term":[{"taxonomy":"category","embeddable":true,"href":"https:\/\/www.europesays.com\/fr\/wp-json\/wp\/v2\/categories?post=129365"},{"taxonomy":"post_tag","embeddable":true,"href":"https:\/\/www.europesays.com\/fr\/wp-json\/wp\/v2\/tags?post=129365"}],"curies":[{"name":"wp","href":"https:\/\/api.w.org\/{rel}","templated":true}]}}