{"id":129369,"date":"2025-05-26T13:43:07","date_gmt":"2025-05-26T13:43:07","guid":{"rendered":"https:\/\/www.europesays.com\/fr\/129369\/"},"modified":"2025-05-26T13:43:07","modified_gmt":"2025-05-26T13:43:07","slug":"voici-quand-rouvrira-the-roof-origines","status":"publish","type":"post","link":"https:\/\/www.europesays.com\/fr\/129369\/","title":{"rendered":"voici quand rouvrira The Roof-Origines"},"content":{"rendered":"<p>            Par<br \/>\n        <strong><br \/>\n            <a href=\"https:\/\/actu.fr\/auteur\/brian-legoff\" title=\"Consulter tous les articles de Brian Le Goff\" target=\"_blank\" rel=\"noopener\">Brian Le Goff<\/a><br \/>\n        <\/strong><\/p>\n<p>        Publi\u00e9 le<\/p>\n<p>            26 mai 2025 \u00e0 15h33        <\/p>\n<p>La<strong> date est enfin connue !<\/strong> The Roof-<a href=\"https:\/\/actu.fr\/bretagne\/rennes_35238\/rennes-a-l-hotel-dieu-la-brasserie-origines-change-de-main_60861370.html\" target=\"_blank\" rel=\"noopener\">Origines<\/a> rouvrira dans les prochaines semaines, toujours \u00e0 l\u2019H\u00f4tel-Dieu, au nord du centre-ville de <a href=\"https:\/\/actu.fr\/rennes\/\" target=\"_blank\" rel=\"noopener\">Rennes<\/a>. Le <a href=\"https:\/\/actu.fr\/bretagne\/rennes_35238\/the-roof-amp-origines-a-l-hotel-dieu-de-rennes-ferme-plusieurs-mois_62002833.html\" target=\"_blank\" rel=\"noopener\">lieu avait ferm\u00e9 en d\u00e9cembre dernier,<\/a> le temps de faire la transition entre l\u2019espace provisoire occup\u00e9 le temps de la mise en \u0153uvre de la r\u00e9habilitation de l\u2019ancien h\u00f4pital et le nouvel espace, tout juste livr\u00e9.<\/p>\n<p class=\" wall-content\">C\u2019est donc <strong>sur Instagram<\/strong> que l\u2019\u00e9tablissement a annonc\u00e9 sa r\u00e9ouverture <strong>\u00e0 partir du 20 juin prochain, avec un week-end de f\u00eate<\/strong> pour l\u2019occasion, en m\u00eame temps que la f\u00eate de la musique.<\/p>\n<p>Au programme<\/p>\n<p class=\" wall-content\">The Roof et Origines organise ainsi des <strong>portes ouvertes du vendredi soir, 20h au dimanche soir, minuit,<\/strong> pour venir d\u00e9couvrir leur nouveau terrain de jeu.<\/p>\n<p class=\" wall-content\"><a href=\"https:\/\/www.instagram.com\/p\/DKHUR4do8QF\/embed\" title=\"Ouvrir le lien sur Instagram\" target=\"_blank\" rel=\"noopener\">Visualiser le contenu sur Instagram<\/a><\/p>\n<p class=\" wall-content\">Une<strong> initiation pour les enfants<\/strong> est pr\u00e9vue les samedi et dimanche, de 11h \u00e0 12h. Pour les <strong>adultes<\/strong>, ce sera \u00e9galement les samedi et dimanche, mais de 17h \u00e0 18h.<\/p>\n<p class=\" wall-content\">Origines vous garantit de la gourmandise tout le weekend avec \u00ab\u00a0de la <strong>street food et boissons fra\u00eeches<\/strong> r\u00e9alis\u00e9es avec des produits frais, bruts, locaux et g\u00e9n\u00e9reux !\u00a0\u00bb<\/p>\n<p class=\" wall-content\">De <strong>nouvelles bi\u00e8res<\/strong>, brass\u00e9es par Tom, le brasseur attitr\u00e9 de The Roof-Origines, chez la brasserie Sauvage pendant les travaux seront \u00e0 d\u00e9couvrir.\u00a0<\/p>\n<p>Vid\u00e9os : en ce moment sur ActuDrag show, karaok\u00e9, chasse au tr\u00e9sor\u2026<\/p>\n<p class=\" wall-content\">L\u2019\u00e9tablissement pr\u00e9voit enfin des <strong>\u00ab\u00a0animations en pagaille\u00a0\u00bb<\/strong> :<\/p>\n<ul class=\" wall-content\">\n<li>c\u00e9r\u00e9monie d\u2019ouverture fa\u00e7on drag show avec Mlle Marie-Babette ;<\/li>\n<li>concerts tous les soirs avec H\u00e9ron Cendr\u00e9 Marcolafripe des Transmusicales ;<\/li>\n<li>un karaok\u00e9 live avec Plaisir Coupable ;<\/li>\n<\/ul>\n<p class=\" wall-content\"><a href=\"https:\/\/www.instagram.com\/p\/DKHUzrRJ_hw\/embed\" title=\"Ouvrir le lien sur Instagram\" target=\"_blank\" rel=\"noopener\">Visualiser le contenu sur Instagram<\/a><\/p>\n<ul class=\" wall-content\">\n<li>Une chasse au tr\u00e9sor ;<\/li>\n<li>un <strong>brassquizz<\/strong> pour d\u00e9couvrir la bi\u00e8re autrement ;<\/li>\n<li>une <strong>exposition photo<\/strong> \u00ab\u00a0Urbex \u00e0 l\u2019H\u00f4tel Dieu by Tom\u00a0\u00bb ;<\/li>\n<\/ul>\n<p class=\" wall-content\">La programmation encore plus d\u00e9taill\u00e9e sera pr\u00e9sent\u00e9e dans les prochaines semaines. En d\u00e9cembre,<a href=\"https:\/\/actu.fr\/bretagne\/rennes_35238\/escalade-bar-restaurant-microbrasserie-decouvrez-le-futur-the-roof-amp-origines-a-l-hotel-dieu-de-rennes_62016912.html\" target=\"_blank\" rel=\"noopener\"> actu Rennes avait pu d\u00e9couvrir les locaux, alors encore en travaux<\/a>.<\/p>\n<p class=\" wall-content\">Suivez toute l\u2019actualit\u00e9 de vos villes et m\u00e9dias favoris en vous inscrivant \u00e0 <a href=\"https:\/\/moncompte.actu.fr\" title=\"D\u00e9couvez Mon Actu\" rel=\"nofollow noopener\" data-trk=\"{&quot;cta&quot;:{&quot;action&quot;:&quot;https:\\\/\\\/moncompte.actu.fr&quot;,&quot;category&quot;:&quot;mon compte&quot;,&quot;from&quot;:&quot;article footer&quot;,&quot;name&quot;:&quot;Mon actu&quot;,&quot;type&quot;:&quot;cta&quot;}}\" target=\"_blank\">Mon Actu<\/a>.<\/p>\n<p>                    <script async src=\"\/\/www.instagram.com\/embed.js\"><\/script><\/p>\n","protected":false},"excerpt":{"rendered":"Par Brian Le Goff Publi\u00e9 le 26 mai 2025 \u00e0 15h33 La date est enfin connue ! The&hellip;\n","protected":false},"author":2,"featured_media":129370,"comment_status":"","ping_status":"","sticky":false,"template":"","format":"standard","meta":{"footnotes":""},"categories":[2821],"tags":[1111,11,829,215,33,1777,674,1011,27,12,3147,584,25,10619],"class_list":{"0":"post-129369","1":"post","2":"type-post","3":"status-publish","4":"format-standard","5":"has-post-thumbnail","7":"category-rennes","8":"tag-actu","9":"tag-actualites","10":"tag-bretagne","11":"tag-commerce","12":"tag-economie","13":"tag-eu","14":"tag-europe","15":"tag-fr","16":"tag-france","17":"tag-news","18":"tag-nouveaux-commerces","19":"tag-rennes","20":"tag-republique-francaise","21":"tag-restos-de-rennes"},"share_on_mastodon":{"url":"https:\/\/pubeurope.com\/@fr\/114574433140472096","error":""},"_links":{"self":[{"href":"https:\/\/www.europesays.com\/fr\/wp-json\/wp\/v2\/posts\/129369","targetHints":{"allow":["GET"]}}],"collection":[{"href":"https:\/\/www.europesays.com\/fr\/wp-json\/wp\/v2\/posts"}],"about":[{"href":"https:\/\/www.europesays.com\/fr\/wp-json\/wp\/v2\/types\/post"}],"author":[{"embeddable":true,"href":"https:\/\/www.europesays.com\/fr\/wp-json\/wp\/v2\/users\/2"}],"replies":[{"embeddable":true,"href":"https:\/\/www.europesays.com\/fr\/wp-json\/wp\/v2\/comments?post=129369"}],"version-history":[{"count":0,"href":"https:\/\/www.europesays.com\/fr\/wp-json\/wp\/v2\/posts\/129369\/revisions"}],"wp:featuredmedia":[{"embeddable":true,"href":"https:\/\/www.europesays.com\/fr\/wp-json\/wp\/v2\/media\/129370"}],"wp:attachment":[{"href":"https:\/\/www.europesays.com\/fr\/wp-json\/wp\/v2\/media?parent=129369"}],"wp:term":[{"taxonomy":"category","embeddable":true,"href":"https:\/\/www.europesays.com\/fr\/wp-json\/wp\/v2\/categories?post=129369"},{"taxonomy":"post_tag","embeddable":true,"href":"https:\/\/www.europesays.com\/fr\/wp-json\/wp\/v2\/tags?post=129369"}],"curies":[{"name":"wp","href":"https:\/\/api.w.org\/{rel}","templated":true}]}}