{"id":129373,"date":"2025-05-26T13:45:17","date_gmt":"2025-05-26T13:45:17","guid":{"rendered":"https:\/\/www.europesays.com\/fr\/129373\/"},"modified":"2025-05-26T13:45:17","modified_gmt":"2025-05-26T13:45:17","slug":"houari-vend-des-hot-dogs-dans-les-rues-de-strasbourg-au-volant-de-son-triporteur","status":"publish","type":"post","link":"https:\/\/www.europesays.com\/fr\/129373\/","title":{"rendered":"Houari vend des hot dogs dans les rues de Strasbourg au volant de\u00a0son\u00a0triporteur"},"content":{"rendered":"<p>            Par<br \/>\n        <strong><br \/>\n            <a href=\"https:\/\/actu.fr\/auteur\/ivan-capecchi\" title=\"Consulter tous les articles de Ivan CAPECCHI\" rel=\"nofollow noopener\" target=\"_blank\">Ivan CAPECCHI<\/a><br \/>\n        <\/strong><\/p>\n<p>        Publi\u00e9 le<\/p>\n<p>            26 mai 2025 \u00e0 14h53        <\/p>\n<p>Depuis d\u00e9cembre dernier, Houari, 30 ans, a lanc\u00e9 une activit\u00e9 de <strong>vente de hot dogs en triporteur<\/strong>.\u00a0<\/p>\n<p class=\" wall-content\">Du <strong>lundi au samedi, de 12h \u00e0 19h<\/strong>, le jeune homme parcourt les lieux de passage \u00e0 Strasbourg \u2013 Homme de Fer, la gare, place Kl\u00e9ber, place d\u2019Austerlitz\u2026 \u2013 pour proposer ses hot dogs \u00ab <strong>comme \u00e0 New York <\/strong>\u00bb.<\/p>\n<p>Des hot dogs pr\u00e9par\u00e9s minute<\/p>\n<p class=\" wall-content\">Houari a am\u00e9nag\u00e9 son triporteur pour pouvoir pr\u00e9parer les sandwichs directement sous les yeux des clients. \u00ab L\u00e0 par exemple, j\u2019ai mes saucisses qui sont en train de cuire dans l\u2019eau, et apr\u00e8s je les ferai griller \u00e0 la plancha pour leur donner un meilleur go\u00fbt \u00bb, d\u00e9taille-t-il.<\/p>\n<p class=\" wall-content\">Il propose des <strong>hot dogs 100 % boeuf<\/strong> et <strong>sans gluten<\/strong>. \u00ab J\u2019ai m\u00eame des <strong>hot dogs v\u00e9g\u00e9tariens<\/strong>, on a pens\u00e9 \u00e0 tout le monde hein ! \u00bb, glisse-t-il dans un sourire.\u00a0<\/p>\n<p class=\" wall-content\">Au niveau des prix, on va de <strong>5 \u20ac pour le classique<\/strong> (ketchup\/moutarde, oignons frits, cornichons), \u00e0 <strong>8 \u20ac pour le hot dog du chef<\/strong>, \u00ab plus charg\u00e9, avec deux viandes dedans \u00bb.<\/p>\n<p>Vid\u00e9os : en ce moment sur ActuEn live sur TikTok<\/p>\n<p class=\" wall-content\">En m\u00eame temps qu\u2019il p\u00e9dale, Houari est en live sur <a href=\"https:\/\/actu.fr\/tag\/tiktok\" rel=\"nofollow noopener\" target=\"_blank\">TikTok<\/a>, plateforme sur laquelle il a accumul\u00e9 plus de 10 000 abonn\u00e9s.<\/p>\n<p class=\" wall-content\">On est loin de l\u2019emploi salari\u00e9 qu\u2019il occupait auparavant dans le domaine des <a href=\"https:\/\/actu.fr\/energies\" rel=\"nofollow noopener\" target=\"_blank\">\u00e9nergies renouvelables<\/a>. \u00ab Aujourd\u2019hui <strong>je suis libre dans ma t\u00eate et dans ma vie de tous les jours \u00bb<\/strong>, se r\u00e9jouit-il.<\/p>\n<blockquote class=\"tiktok-embed\" cite=\"https:\/\/www.tiktok.com\/@crunchy.bike67\/video\/7465766769349774614\" data-video-id=\"7465766769349774614\" data-embed-from=\"oembed\" style=\"max-width:605px; min-width:325px;\"><p>\n<a target=\"_blank\" title=\"@crunchy.bike67\" href=\"https:\/\/www.tiktok.com\/@crunchy.bike67?refer=embed\" rel=\"nofollow noopener\">@crunchy.bike67<\/a> <\/p>\n<p>T\u2019a juste a d\u00e9guster \ud83d\ude0b<a title=\"strasbourg\" target=\"_blank\" href=\"https:\/\/www.tiktok.com\/tag\/strasbourg?refer=embed\" rel=\"nofollow noopener\">#strasbourg<\/a> <a title=\"pourtoii\" target=\"_blank\" href=\"https:\/\/www.tiktok.com\/tag\/pourtoii?refer=embed\" rel=\"nofollow noopener\">#pourtoii<\/a><a title=\"hotdog\" target=\"_blank\" href=\"https:\/\/www.tiktok.com\/tag\/hotdog?refer=embed\" rel=\"nofollow noopener\">#hotdog<\/a> <\/p>\n<p> <a target=\"_blank\" title=\"\u266c son original - crunchy.bike67\" href=\"https:\/\/www.tiktok.com\/music\/son-original-7465766773810694934?refer=embed\" rel=\"nofollow noopener\">\u266c son original \u2013 crunchy.bike67<\/a> <\/p>\n<\/blockquote>\n<p>\u00ab\u00a0J\u2019ai beaucoup de jaloux\u00a0\u00bb<\/p>\n<p class=\" wall-content\">Seule ombre au tableau : \u00ab <strong>J\u2019ai beaucoup de jaloux <\/strong>\u00bb, confesse Houari, qui se dit vis\u00e9 par des commer\u00e7ants qui l\u2019accusent de leur voler de la client\u00e8le mais aussi de payer moins de charges qu\u2019eux.<\/p>\n<blockquote class=\"tiktok-embed\" cite=\"https:\/\/www.tiktok.com\/@crunchy.bike67\/video\/7508099167064067350\" data-video-id=\"7508099167064067350\" data-embed-from=\"oembed\" style=\"max-width:605px; min-width:325px;\"><p>\n<a target=\"_blank\" title=\"@crunchy.bike67\" href=\"https:\/\/www.tiktok.com\/@crunchy.bike67?refer=embed\" rel=\"nofollow noopener\">@crunchy.bike67<\/a> <\/p>\n<p>C\u2019est juste une question de temps !! <a title=\"pourtoii\" target=\"_blank\" href=\"https:\/\/www.tiktok.com\/tag\/pourtoii?refer=embed\" rel=\"nofollow noopener\">#pourtoii<\/a> <a title=\"strasbourg\" target=\"_blank\" href=\"https:\/\/www.tiktok.com\/tag\/strasbourg?refer=embed\" rel=\"nofollow noopener\">#strasbourg<\/a> <a title=\"streetfood\" target=\"_blank\" href=\"https:\/\/www.tiktok.com\/tag\/streetfood?refer=embed\" rel=\"nofollow noopener\">#streetfood<\/a> <a title=\"reusite\" target=\"_blank\" href=\"https:\/\/www.tiktok.com\/tag\/reusite?refer=embed\" rel=\"nofollow noopener\">#reusite<\/a> <a title=\"allahquidonne\" target=\"_blank\" href=\"https:\/\/www.tiktok.com\/tag\/allahquidonne?refer=embed\" rel=\"nofollow noopener\">#allahquidonne<\/a> <a title=\"reussiroumourrire\" target=\"_blank\" href=\"https:\/\/www.tiktok.com\/tag\/reussiroumourrire?refer=embed\" rel=\"nofollow noopener\">#reussiroumourrire<\/a> <\/p>\n<p> <a target=\"_blank\" title=\"\u266c Inspiration Instrumental Ver - SergeyWednesday\" href=\"https:\/\/www.tiktok.com\/music\/Inspiration-Instrumental-Ver-7376195807447173131?refer=embed\" rel=\"nofollow noopener\">\u266c Inspiration Instrumental Ver \u2013 SergeyWednesday<\/a> <\/p>\n<\/blockquote>\n<p class=\" wall-content\">\u00ab Moi, qu\u2019il pleuve, neige ou fasse -4 degr\u00e9s, je suis dans la rue, je travaille \u00bb, fait-il remarquer, en guise de r\u00e9ponse.\u00a0<\/p>\n<p class=\" wall-content\">Suivez toute l\u2019actualit\u00e9 de vos villes et m\u00e9dias favoris en vous inscrivant \u00e0 <a href=\"https:\/\/moncompte.actu.fr\" title=\"D\u00e9couvez Mon Actu\" rel=\"nofollow noopener\" data-trk=\"{&quot;cta&quot;:{&quot;action&quot;:&quot;https:\\\/\\\/moncompte.actu.fr&quot;,&quot;category&quot;:&quot;mon compte&quot;,&quot;from&quot;:&quot;article footer&quot;,&quot;name&quot;:&quot;Mon actu&quot;,&quot;type&quot;:&quot;cta&quot;}}\" target=\"_blank\">Mon Actu<\/a>.<\/p>\n<p>                    <script async src=\"\/\/www.tiktok.com\/embed.js\"><\/script><\/p>\n","protected":false},"excerpt":{"rendered":"Par Ivan CAPECCHI Publi\u00e9 le 26 mai 2025 \u00e0 14h53 Depuis d\u00e9cembre dernier, Houari, 30 ans, a lanc\u00e9&hellip;\n","protected":false},"author":2,"featured_media":129374,"comment_status":"","ping_status":"","sticky":false,"template":"","format":"standard","meta":{"footnotes":""},"categories":[2820],"tags":[1111,11,258,1777,674,1011,27,775,1757,12,25,640,2439],"class_list":{"0":"post-129373","1":"post","2":"type-post","3":"status-publish","4":"format-standard","5":"has-post-thumbnail","7":"category-strasbourg","8":"tag-actu","9":"tag-actualites","10":"tag-alimentation","11":"tag-eu","12":"tag-europe","13":"tag-fr","14":"tag-france","15":"tag-grand-est","16":"tag-insolite","17":"tag-news","18":"tag-republique-francaise","19":"tag-strasbourg","20":"tag-tiktok"},"share_on_mastodon":{"url":"https:\/\/pubeurope.com\/@fr\/114574440763821133","error":""},"_links":{"self":[{"href":"https:\/\/www.europesays.com\/fr\/wp-json\/wp\/v2\/posts\/129373","targetHints":{"allow":["GET"]}}],"collection":[{"href":"https:\/\/www.europesays.com\/fr\/wp-json\/wp\/v2\/posts"}],"about":[{"href":"https:\/\/www.europesays.com\/fr\/wp-json\/wp\/v2\/types\/post"}],"author":[{"embeddable":true,"href":"https:\/\/www.europesays.com\/fr\/wp-json\/wp\/v2\/users\/2"}],"replies":[{"embeddable":true,"href":"https:\/\/www.europesays.com\/fr\/wp-json\/wp\/v2\/comments?post=129373"}],"version-history":[{"count":0,"href":"https:\/\/www.europesays.com\/fr\/wp-json\/wp\/v2\/posts\/129373\/revisions"}],"wp:featuredmedia":[{"embeddable":true,"href":"https:\/\/www.europesays.com\/fr\/wp-json\/wp\/v2\/media\/129374"}],"wp:attachment":[{"href":"https:\/\/www.europesays.com\/fr\/wp-json\/wp\/v2\/media?parent=129373"}],"wp:term":[{"taxonomy":"category","embeddable":true,"href":"https:\/\/www.europesays.com\/fr\/wp-json\/wp\/v2\/categories?post=129373"},{"taxonomy":"post_tag","embeddable":true,"href":"https:\/\/www.europesays.com\/fr\/wp-json\/wp\/v2\/tags?post=129373"}],"curies":[{"name":"wp","href":"https:\/\/api.w.org\/{rel}","templated":true}]}}