{"id":129375,"date":"2025-05-26T13:46:08","date_gmt":"2025-05-26T13:46:08","guid":{"rendered":"https:\/\/www.europesays.com\/fr\/129375\/"},"modified":"2025-05-26T13:46:08","modified_gmt":"2025-05-26T13:46:08","slug":"strasbourg-cisjordanie-nous-navons-pas-le-luxe-du-desespoir","status":"publish","type":"post","link":"https:\/\/www.europesays.com\/fr\/129375\/","title":{"rendered":"Strasbourg Cisjordanie\u00a0: \u00ab\u00a0Nous n\u2019avons pas le luxe du d\u00e9sespoir\u00a0\u00bb."},"content":{"rendered":"<p>La ville de Strasbourg pr\u00e9pare son jumelage avec le camp de r\u00e9fugi\u00e9s palestinien de A\u00efda, au nord de Bethl\u00e9em, en <a href=\"https:\/\/www.humanite.fr\/monde\/cisjordanie\/israel-renforce-sa-colonisation-avec-lannonce-de-nouvelles-routes-en-cisjordanie\" rel=\"nofollow noopener\" target=\"_blank\">Cisjordanie<\/a>, o\u00f9 vivent\u00a07\u00a0000 habitants sur 4 hectares. Les Isra\u00e9liens ont construit un mur surveill\u00e9 jour et nuit, qui coupe les Palestiniens de leurs champs d\u2019oliviers et de leurs plantations. Depuis plusieurs ann\u00e9es, la ville de Strasbourg et des associations locales entretiennent des liens d\u2019amiti\u00e9 et des \u00e9changes avec les habitants du camp, notamment dans le domaine des activit\u00e9s culturelles et sportives pour les enfants et les adolescents. \u00ab\u00a0La situation actuelle aussi tragique soit-elle, \u00e0 Gaza comme dans le reste du territoire palestinien, ne doit jamais nous faire perdre de vue notre objectif politique, celui de la paix, dont on sait qu\u2019elle pourra \u00eatre durable si elle passe par la cr\u00e9ation d\u2019un \u00c9tat palestinien\u00a0\u00bb, a tenu \u00e0 rappeler la maire de Strasbourg, Jeanne Barseghian, en recevant samedi une d\u00e9l\u00e9gation de responsables palestiniens du camp d\u2019A\u00efda, venus \u00e0 Strasbourg pour pr\u00e9parer le jumelage. Samedi apr\u00e8s-midi, les membres de la d\u00e9l\u00e9gation palestinienne ont particip\u00e9 \u00e0 la F\u00eate de l\u2019Humanit\u00e9 organis\u00e9e par la F\u00e9d\u00e9ration du Bas-Rhin du PCF, en pr\u00e9sence de la maire de Strasbourg et du directeur de l\u2019Humanit\u00e9, Fabien Gay. Abdelfattah Abusrour, est le fondateur et directeur du centre culturel Alrowwad, lieu central des relations sociales dans la vie quotidienne du camp de r\u00e9fugi\u00e9s d\u2019A\u00efda. Entretien.<\/p>\n<p class=\"wp-block-huma-question\">Quelle est la situation actuelle dans le camp d\u2019A\u00efda, dans le contexte de la guerre destructrice men\u00e9e par Isra\u00ebl \u00e0 Gaza et la Cisjordanie\u00a0?<\/p>\n<p>Le camp d\u2019A\u00efda a \u00e9t\u00e9 class\u00e9 comme la zone la plus expos\u00e9e aux gaz lacrymog\u00e8nes dans le monde, par une \u00e9tude de l\u2019Universit\u00e9 de Berkeley aux \u00c9tats-Unis. Malheureusement la situation continue \u00e0 se d\u00e9grader en Cisjordanie en g\u00e9n\u00e9ral, et dans les camps de r\u00e9fugi\u00e9s en particulier. Le camp d\u2019A\u00efda est entour\u00e9 par un mur ill\u00e9gal qui est gard\u00e9 par l\u2019arm\u00e9e isra\u00e9lienne avec 6 miradors et des cam\u00e9ras de surveillance partout. Il y a plus de 150 jeunes qui ont \u00e9t\u00e9 arr\u00eat\u00e9s depuis le 7\u00a0octobre pour des raisons administratives, donc il n\u2019y a pas d\u2019accusations, pas de charges de participation active dans quelque action que ce soit. Isra\u00ebl pense que les jeunes peuvent peut-\u00eatre faire quelque chose, et \u00e7a suffit pour qu\u2019ils soient arr\u00eat\u00e9s et emprisonn\u00e9s pendant des mois. <\/p>\n<p>Le ch\u00f4mage d\u00e9passe 90\u00a0%, les gens qui avaient des permis pour aller travailler de l\u2019autre c\u00f4t\u00e9 du mur ne peuvent plus traverser les checkpoints. Les jeunes \u00e9tudiants ne peuvent pas payer leur inscription pour entrer dans les universit\u00e9s qui sont ch\u00e8res. Or il y a beaucoup de demandes pour essayer de poursuivre des \u00e9tudes, les Palestiniens accordent une grande importance \u00e0 l\u2019\u00e9ducation de leurs enfants. Avec les attaques d\u2019Isra\u00ebl contre l\u2019UNRWA (l\u2019Agence de l\u2019ONU d\u00e9di\u00e9e aux r\u00e9fugi\u00e9s palestiniens, N.D.L.R.), le soutien humanitaire, m\u00e9dical, et \u00e9ducatif, a beaucoup diminu\u00e9, car tous les employ\u00e9s internationaux ont \u00e9t\u00e9 chass\u00e9s depuis le 28\u00a0mars, ce qui met tout le poids de l\u2019aide sur les associations qui se trouvent dans le camp. Elles doivent trouver des alternatives pour les m\u00e9dicaments, les aides pour payer les loyers, pour nourrir les enfants, les \u00e9tudiants, ou les malades qui ont besoin d\u2019op\u00e9rations m\u00e9dicales. <\/p>\n<p>Les difficult\u00e9s se sont aussi durcies avec l\u2019alignement des \u00c9tats-Unis et de certains pays europ\u00e9ens sur les positions d\u2019Isra\u00ebl. Il y a un manque d\u2019horizon, mais nous n\u2019avons pas le luxe du d\u00e9sespoir pour des enfants qui ne voient pas de solution, qui voient que l\u2019arm\u00e9e isra\u00e9lienne peut rentrer \u00e0 n\u2019importe quelle heure, tout retourner dans leurs maisons, arr\u00eater leurs parents, sans aucune protection. Des enfants de 12\u00a0ans ont \u00e9t\u00e9 arr\u00eat\u00e9s par cette arm\u00e9e d\u2019occupation isra\u00e9lienne. Dans la nuit du 2 au 3\u00a0d\u00e9cembre 2024, l\u2019arm\u00e9e isra\u00e9lienne a enfonc\u00e9 les portes du camp et ce n\u2019\u00e9tait pas la premi\u00e8re fois. Ils ont dit qu\u2019ils \u00e9taient chez eux, ils ont cass\u00e9 les portes des maisons, d\u00e9moli des objets, les cam\u00e9ras. Mais le plus grave \u2013 et c\u2019est la premi\u00e8re fois qu\u2019ils faisaient cela -, ils ont transform\u00e9 le centre culturel en centre de d\u00e9tention et d\u2019interrogatoires. Ils y ont amen\u00e9 une centaine de jeunes du camp, les yeux band\u00e9s, en les frappant, et de minuit jusqu\u2019\u00e0 7\u00a0heures du matin, ils les ont interrog\u00e9s dans mon bureau. Ils avaient attach\u00e9 un immense panneau o\u00f9 \u00e9tait \u00e9crit que le centre \u00e9tait d\u00e9sormais le centre isra\u00e9lien d\u2019interrogatoires et de d\u00e9tention.<\/p>\n<p>Les familles pensent donc que le camp n\u2019est plus un lieu s\u00fbr pour leurs enfants. Tout le travail qu\u2019on essaie de faire est d\u00e9truit. Il faut recommencer \u00e0 rassurer les familles. Donc c\u2019est devenu tr\u00e8s dur depuis le 7\u00a0octobre. Mais les Isra\u00e9liens ne peuvent pas r\u00e9aliser leurs objectifs parce qu\u2019il est impossible d\u2019\u00e9liminer une id\u00e9e. Les gens ont la r\u00e9sistance en eux, et ces injustices nous rappellent que nous sommes toujours sous occupation.<\/p>\n<p class=\"wp-block-huma-question\">Quels sont les effets de ces actes de violence de l\u2019arm\u00e9e isra\u00e9lienne sur les enfants dont vous vous occupez dans le centre culturel\u00a0? Comment r\u00e9sistent-ils\u00a0?<\/p>\n<p>Moi parfois, j\u2019en ai marre d\u2019admirer la r\u00e9silience palestinienne. Quand un enfant de 8\u00a0ans me dit \u00ab\u00a0je veux mourir parce que tout le monde s\u2019en fiche\u00a0\u00bb, ce n\u2019est pas quelque chose que n\u2019importe quel p\u00e8re ou m\u00e8re a envie d\u2019\u00e9couter, et je ne peux pas \u00eatre fier qu\u2019un enfant dise cela. Mais quand m\u00eame, on trouve la force de vivre et de l\u2019espoir dans ces sourires malgr\u00e9 l\u2019amertume, la peine et la torture. C\u2019est important qu\u2019on essaie de sourire pour garder le moral, et se dire qu\u2019on est des \u00eatres humains. On sourit parce qu\u2019on refuse d\u2019\u00eatre accus\u00e9s d\u2019\u00eatre des gens qui ne connaissent que la haine et la violence. On sourit pour dire qu\u2019on n\u2019est pas n\u00e9s pour subir l\u2019occupation et accepter l\u2019injustice et l\u2019oppression, ou pour dire que l\u2019on va s\u2019habituer. On ne veut pas que nos enfants s\u2019habituent \u00e0 cela.<\/p>\n<p> Donc oui, il y a une force de la justice. L\u2019injustice ne peut pas dominer le monde. Isra\u00ebl se moque des souffrances des Juifs avec ces extr\u00e9mistes qui sont au pouvoir et qui humilient le juda\u00efsme. Il y a une force entre les Palestiniens parce qu\u2019ils se disent que l\u2019injustice s\u2019arr\u00eatera un jour. On a vu des occupations venir et partir. De notre point de vue en Palestine, on ne voit pas un seul ennemi, Isra\u00ebl, on voit toute une coalition de pays qui soutiennent cette occupation, et cela nous renforce. M\u00eame avec toutes ces forces internationales, leurs peuples ne peuvent pas accepter cela. Donc s\u00fbrement il y aura la lib\u00e9ration, la justice, de la paix, de l\u2019amour, de l\u2019\u00e9galit\u00e9 de la fraternit\u00e9. Ce n\u2019est pas l\u2019injustice, l\u2019oppression et le d\u00e9sespoir qui vont dominer.<\/p>\n<p class=\"wp-block-huma-question\">Que demandez-vous au monde et aux Fran\u00e7ais, dans cet instant pr\u00e9cis de l\u2019histoire du peuple palestinien\u00a0?<\/p>\n<p>Je pense que le peuple fran\u00e7ais peut regarder dans son histoire, pendant l\u2019occupation nazie, le gouvernement de Vichy. Combien de Fran\u00e7ais ont accept\u00e9 l\u2019occupation, combien ont collabor\u00e9 combien ont r\u00e9sist\u00e9, combien se sont r\u00e9volt\u00e9s contre l\u2019oppression et le gouvernement de Vichy\u00a0? Quand on a subi l\u2019occupation, quand, \u00e0 la fin de la Seconde guerre mondiale, les Juifs ont lanc\u00e9 le cri \u00ab\u00a0jamais plus\u00a0!\u00a0\u00bb, c\u2019\u00e9tait pour toute l\u2019occupation, toute l\u2019oppression qui \u00e9tait vis\u00e9e, pas seulement l\u2019oppression contre les Juifs. C\u2019est pour cela que je fais confiance \u00e0 tous les gens qui manifestent dans la rue aujourd\u2019hui \u00e0 travers le monde, qui \u00e9l\u00e8vent leurs voix, qui demandent qu\u2019il y ait un arr\u00eat de ce g\u00e9nocide, qu\u2019il y aura la reconnaissance de l\u2019\u00c9tat palestinien, qu\u2019il y aura un arr\u00eat de cette guerre suicidaire qu\u2019Isra\u00ebl commet vis-\u00e0-vis d\u2019elle-m\u00eame.<\/p>\n<p> Nous, nous avons v\u00e9cu l\u2019occupation, nous allons continuer \u00e0 r\u00e9sister. On ne sent pas qu\u2019on se d\u00e9shumanise. Ce sont eux, les Isra\u00e9liens qui se d\u00e9shumanisent avec tout ce qu\u2019ils font. Donc nous demandons \u00e0 tous ceux qui font entendre leur voix qu\u2019ils continuent \u00e0 le faire, \u00e0 manifester, \u00e0 faire pression sur leurs gouvernements pour que leur politique change, qu\u2019ils en finissent avec cette langue de bois, et qu\u2019ils prennent des d\u00e9cisions qui aient des effets r\u00e9els, concrets. Isra\u00ebl n\u2019arr\u00eatera rien tant qu\u2019il n\u2019y aura pas l\u2019arr\u00eat des accords \u00e9conomiques privil\u00e9gi\u00e9s, tant qu\u2019il n\u2019y a pas une sanction contre l\u2019occupation isra\u00e9lienne. Les crimes contre les Palestiniens ont lieu parce qu\u2019Isra\u00ebl a le soutien des Europ\u00e9ens. Que l\u2019Eurovision soit honn\u00eate avec ses valeurs europ\u00e9ennes, et arr\u00eate d\u2019int\u00e9grer les chanteurs isra\u00e9liens. Que les accords \u00e9conomiques, culturels et artistiques, s\u2019arr\u00eatent avec tous ces artistes qui soutiennent l\u2019occupation contre les Palestiniens. Et que la d\u00e9cision de la Cour p\u00e9nale internationale qui a jug\u00e9 que Netanyahou et son gouvernement sont des criminels de guerre, soit respect\u00e9e.<\/p>\n<p class=\"wp-block-huma-question\">En vous adressant aux \u00e9lus et aux militants de la cause palestinienne, ici \u00e0 Strasbourg, vous avez insist\u00e9 sur le fait que la question palestinienne n\u2019\u00e9tait pas humanitaire, mais politique. Pourquoi\u00a0?<\/p>\n<p>C\u2019est le vrai fond de la question, parce que cela fait 77\u00a0ans que nous subissons l\u2019oppression et les crimes, et \u00e7a ne s\u2019est jamais arr\u00eat\u00e9 depuis. Cette trag\u00e9die de la Nakba continue jusqu\u2019\u00e0 aujourd\u2019hui, c\u2019est-\u00e0-dire l\u2019extermination du peuple palestinien, le d\u00e9racinement, les colonies, et l\u2019annexion des terres. Ce que peut exporter la Palestine est dans les mains des Isra\u00e9liens, l\u2019argent des taxes est pris par Isra\u00ebl, alors que toutes les destructions commises pas les Isra\u00e9liens contre les maisons palestiniennes ne sont pas compens\u00e9es. Il faudrait qu\u2019il y ait quand m\u00eame une balance des choses. <\/p>\n<p>Isra\u00ebl jusqu\u2019\u00e0 maintenant ne change pas parce qu\u2019il n\u2019y a aucune punition r\u00e9elle contre elle, aucune sanction, aucun isolement qui est mis en place par les pays ext\u00e9rieurs, notamment les pays europ\u00e9ens. Il n\u2019y a que des paroles, mais Isra\u00ebl s\u2019en fiche. Il faudrait qu\u2019il y ait des positions claires et des actions. Le monde ne va pas changer par de bonnes intentions.<\/p>\n<p>Pour une information libre sur la Palestine<\/p>\n<p>Nous avons \u00e9t\u00e9 l\u2019un des premiers m\u00e9dias fran\u00e7ais \u00e0 d\u00e9fendre le droit des Palestiniens \u00e0 disposer d\u2019un \u00c9tat viable dans le respect des r\u00e9solutions de l\u2019ONU. Et nous avons inlassablement d\u00e9fendu la paix au Proche-Orient. Aidez-nous \u00e0 continuer de vous informer sur ce qui se passe l\u00e0-bas. Gr\u00e2ce \u00e0 vos dons.<br \/><a href=\"https:\/\/www.humanite.fr\/lhumanite-cest-vous\" data-type=\"link\" data-id=\"https:\/\/www.humanite.fr\/lhumanite-cest-vous\" rel=\"nofollow noopener\" target=\"_blank\">Je veux en savoir plus\u00a0!<\/a><\/p>\n","protected":false},"excerpt":{"rendered":"La ville de Strasbourg pr\u00e9pare son jumelage avec le camp de r\u00e9fugi\u00e9s palestinien de A\u00efda, au nord de&hellip;\n","protected":false},"author":2,"featured_media":129376,"comment_status":"","ping_status":"","sticky":false,"template":"","format":"standard","meta":{"footnotes":""},"categories":[2820],"tags":[1111,11,2486,1777,674,1011,27,775,12,3518,25,640],"class_list":{"0":"post-129375","1":"post","2":"type-post","3":"status-publish","4":"format-standard","5":"has-post-thumbnail","7":"category-strasbourg","8":"tag-actu","9":"tag-actualites","10":"tag-cisjordanie","11":"tag-eu","12":"tag-europe","13":"tag-fr","14":"tag-france","15":"tag-grand-est","16":"tag-news","17":"tag-palestine","18":"tag-republique-francaise","19":"tag-strasbourg"},"share_on_mastodon":{"url":"https:\/\/pubeurope.com\/@fr\/114574444775341254","error":""},"_links":{"self":[{"href":"https:\/\/www.europesays.com\/fr\/wp-json\/wp\/v2\/posts\/129375","targetHints":{"allow":["GET"]}}],"collection":[{"href":"https:\/\/www.europesays.com\/fr\/wp-json\/wp\/v2\/posts"}],"about":[{"href":"https:\/\/www.europesays.com\/fr\/wp-json\/wp\/v2\/types\/post"}],"author":[{"embeddable":true,"href":"https:\/\/www.europesays.com\/fr\/wp-json\/wp\/v2\/users\/2"}],"replies":[{"embeddable":true,"href":"https:\/\/www.europesays.com\/fr\/wp-json\/wp\/v2\/comments?post=129375"}],"version-history":[{"count":0,"href":"https:\/\/www.europesays.com\/fr\/wp-json\/wp\/v2\/posts\/129375\/revisions"}],"wp:featuredmedia":[{"embeddable":true,"href":"https:\/\/www.europesays.com\/fr\/wp-json\/wp\/v2\/media\/129376"}],"wp:attachment":[{"href":"https:\/\/www.europesays.com\/fr\/wp-json\/wp\/v2\/media?parent=129375"}],"wp:term":[{"taxonomy":"category","embeddable":true,"href":"https:\/\/www.europesays.com\/fr\/wp-json\/wp\/v2\/categories?post=129375"},{"taxonomy":"post_tag","embeddable":true,"href":"https:\/\/www.europesays.com\/fr\/wp-json\/wp\/v2\/tags?post=129375"}],"curies":[{"name":"wp","href":"https:\/\/api.w.org\/{rel}","templated":true}]}}