{"id":129379,"date":"2025-05-26T13:48:11","date_gmt":"2025-05-26T13:48:11","guid":{"rendered":"https:\/\/www.europesays.com\/fr\/129379\/"},"modified":"2025-05-26T13:48:11","modified_gmt":"2025-05-26T13:48:11","slug":"biennale-de-nice-des-fenetres-de-matisse-aux-dechets-de-plastique","status":"publish","type":"post","link":"https:\/\/www.europesays.com\/fr\/129379\/","title":{"rendered":"Biennale de Nice\u00a0: des fen\u00eatres de Matisse aux d\u00e9chets de plastique"},"content":{"rendered":"<p>Nice (Alpes-Maritimes), envoy\u00e9 sp\u00e9cial.<\/p>\n<p>Le titre de la grande exposition du mus\u00e9e Matisse de Nice, \u00ab\u00a0Matisse M\u00e9diterran\u00e9e(s)\u00a0\u00bb, avec 150 \u0153uvres, parmi les onze autres expositions de la Biennale des arts et de l\u2019oc\u00e9an que propose la capitale de la C\u00f4te d\u2019Azur jusqu\u2019au mois d\u2019octobre, ne doit pas faire illusion.<\/p>\n<p>D\u2019une certaine mani\u00e8re, et pour le dire un peu comme une provocation, <a href=\"https:\/\/www.humanite.fr\/culture-et-savoir\/henri-matisse\/miromatisse-a-nice-entre-le-mirobolant-miro-et-le-fauve-matisse-la-peinture-comme-liant-de-la-vie\" rel=\"nofollow noopener\" target=\"_blank\">Matisse<\/a> n\u2019a jamais peint la mer. Le pluriel d\u2019ailleurs, le signale. Il y a pour lui la mer qu\u2019on raconte dans le chant des sir\u00e8nes lorsqu\u2019il illustre Ulysse de Joyce, la mer comme une seule grande vague bleue (la Vague, 1952) ou comme deux grandes bandes bleues horizontales dans les Baigneuses \u00e0 la tortue (1907-1908), la mer \u00e0 travers les persiennes ou le cadre des fen\u00eatres ouvertes\u2026<\/p>\n<p>L\u2019\u00e9crivain Francis Carco, dans l\u2019Ami des peintres (1944), se rappelait ses paroles\u00a0: \u00ab\u00a0Vous souvenez-vous de la lumi\u00e8re qu\u2019on voit \u00e0 travers les persiennes\u00a0? Elle venait d\u2019en dessous comme d\u2019une rampe de th\u00e9\u00e2tre. Tout \u00e9tait faux absurde, \u00e9patant d\u00e9licieux\u00a0\u00bb\u2026<\/p>\n<p>\u00ab\u00a0La sauvegarde des \u00e9cosyst\u00e8mes marins\u00a0\u00bb<\/p>\n<p>La mer n\u2019en est pas moins\u00a0partout dans la ville qui va accueillir, du 9 au 13\u00a0juin, en co-organisation avec le Costa Rica, apr\u00e8s New York en 2017, Lisbonne en 2020, la troisi\u00e8me <a href=\"https:\/\/www.humanite.fr\/environnement\/oceans\/sos-ocean-a-paris-un-sommet-enfin-a-la-hauteur-de-lurgence\" rel=\"nofollow noopener\" target=\"_blank\">conf\u00e9rence des Nations unies sur l\u2019oc\u00e9an<\/a> pour laquelle 2000 scientifiques devraient \u00eatre pr\u00e9sents parmi 15\u00a0000 participants.<\/p>\n<p>Les accords de Nice, assure <a href=\"https:\/\/www.humanite.fr\/societe\/banlieue-et-quartiers-populaires\/a-nice-le-gaida-une-police-privee-couteuse-et-inefficace-pour-lutter-contre-le-narcotrafic\" rel=\"nofollow noopener\" target=\"_blank\">son maire, Christian Estrosi<\/a>, seront le cadre dans lequel la communaut\u00e9 scientifique se rassemblera pour alerter et orienter l\u2019action des chefs d\u2019\u00c9tat \u00ab\u00a0pour le climat\u00a0\u00bb. On se doit de relever l\u2019optimisme du propos quand <a href=\"https:\/\/www.humanite.fr\/medias\/climat\/desinformation-climatique-vers-un-scenario-a-lamericaine-en-france\" rel=\"nofollow noopener\" target=\"_blank\">Donald Trump bannit le mot \u00ab\u00a0climat\u00a0\u00bb<\/a> du vocabulaire des \u00c9tats-Unis, remet en cause la recherche scientifique, l\u00e8ve le tabou sur la recherche p\u00e9troli\u00e8re en grande profondeur\u00a0etc.<\/p>\n<p>Renaud Muselier, pr\u00e9sident de la r\u00e9gion Paca, qui voit la r\u00e9gion Sud-est \u00ab\u00a0aux avant-postes de la sauvegarde des \u00e9cosyst\u00e8mes marins\u00a0\u00bb, y r\u00e9fl\u00e9chit aussi sans doute et on ose esp\u00e9rer que cette inqui\u00e9tante r\u00e9alit\u00e9 ne sera pas occult\u00e9e pendant le sommet.<\/p>\n<p>C\u2019est en tout cas autour de cet \u00e9v\u00e9nement qu\u2019a \u00e9t\u00e9 pens\u00e9e cette nouvelle biennale sur le th\u00e8me \u00ab\u00a0La mer autour de nous\u00a0\u00bb, avec le commissariat g\u00e9n\u00e9ral d\u2019H\u00e9l\u00e8ne Guenin et Jean-Jacques Aillagon, et la volont\u00e9 d\u2019orchestrer une travers\u00e9e des temps et des imaginaires comme d\u2019\u00e9voquer les menaces\u00a0grandissantes sur les oc\u00e9ans.<\/p>\n<p>On va ainsi, avec le mus\u00e9e de la Pr\u00e9histoire Terra Amat, des conditions de l\u2019installation des hommes pr\u00e9historiques, il y a 400\u00a0000 ans, sur une plage au c\u0153ur de la Nice d\u2019aujourd\u2019hui, \u00e0 la d\u00e9couverte au mus\u00e9e d\u2019Arch\u00e9ologie du patrimoine sous-marin avec les multiples fouilles des \u00e9paves antiques comme du Casino disparu pendant la Seconde Guerre mondiale. On d\u00e9couvre, bien s\u00fbr, \u00e0 la Villa Mass\u00e9na, une histoire brillamment illustr\u00e9e par de nombreux documents, peintures et aquarelles, de la ville de Nice.<\/p>\n<p>La question de la pollution plastique<\/p>\n<p>Le mus\u00e9e de la Photographie Charles N\u00e8gre propose une exposition consacr\u00e9e aux travaux de Laurent Ballesta, photographe et biologiste qui a dirig\u00e9 d\u00e9j\u00e0 huit missions d\u2019exploration des fonds marins ayant donn\u00e9 lieu \u00e0 des documentaires pour Arte et National Geographic.<\/p>\n<p>Le m\u00eame mus\u00e9e a ouvert sa galerie \u00e0 la photographe Manon Lanjou\u00e8re, qui a explor\u00e9 les ravages du plastique dans les oc\u00e9ans. Huit millions de tonnes par an<a href=\"https:\/\/www.humanite.fr\/environnement\/agriculture\/plastique-partout-sante-nulle-part-alertent-le-cnrs-et-linrae\" rel=\"nofollow noopener\" target=\"_blank\"> se d\u00e9composant en minuscules particules \u00e9chappant \u00e0 toute r\u00e9cup\u00e9ration<\/a> avec leurs cons\u00e9quences pour la faune.<\/p>\n<p>Plus de vingt artistes interviennent \u00e0 la Villa Arson, la grande \u00e9cole d\u2019art de Nice, en liaison avec la Fondation Tara, et pr\u00e9sentent \u00ab\u00a0Becoming ocean\u00a0: A social conversation about the Ocean\u00a0\u00bb (Une conversation sociale \u00e0 propos de l\u2019oc\u00e9an). Le lieu appel\u00e9 le 109, pr\u00e9sente une installation d\u2019Ugo Schiavi et ses \u00e9tranges cr\u00e9atures marines anim\u00e9es\u2026<\/p>\n<p>Marathon d\u2019expositions<\/p>\n<p>Au mus\u00e9e Jules Ch\u00e9ret, les c\u00e9ramiques et fa\u00efences \u00ab\u00a0rococo contemporaines\u00a0\u00bb de Racca Vammerisse (semblant parfois \u00e9voquer des v\u00e9g\u00e9tations marines) voisinent avec les peintures dingues de Gustave-Adolphe Mossa\u2026 Un marathon d\u2019expositions auxquelles il faut ajouter les installations en ext\u00e9rieur de Laure Prouvost avec une tr\u00e8s grande pieuvre qui semble \u00e9merger d\u2019une pelouse, du duo Choi +\u00a0Shine qui a install\u00e9 sur la promenade un squelette d\u2019oursin de 9,5 m\u00e8tres de diam\u00e8tre r\u00e9alis\u00e9 avec des cordages tress\u00e9s.<\/p>\n<p>Mais c\u2019est bien s\u00fbr, on y revient, par l\u2019exposition Matisse qu\u2019il faut commencer. C\u2019est en 1917 qu\u2019il s\u2019est install\u00e9 \u00e0 Nice de fa\u00e7on quasi d\u00e9finitive, si l\u2019on excepte ses nombreux voyages, dont celui qu\u2019il fit en Polyn\u00e9sie o\u00f9 il avait rencontr\u00e9 le r\u00e9alisateur Friedrich Murnau qui y tournait Tabou.<\/p>\n<p>Matisse a-t-on dit n\u2019a jamais peint la mer. C\u2019est dire que jamais il n\u2019a voulu la repr\u00e9senter. Picasso non plus d\u2019une autre mani\u00e8re quand il peint ses personnages devant la mer dans la Fl\u00fbte de Pan. La peinture pour les grands peintres est une chose mentale. La M\u00e9diterran\u00e9e est une histoire, des mythes, des r\u00eaves, aujourd\u2019hui aussi un tragique cimeti\u00e8re marin et parfois une d\u00e9chetterie.<\/p>\n<p class=\"wp-block-huma-titre-oeuvre\">Catalogue Matisse M\u00e9diterran\u00e9e(s), co\u00e9dition In fine \u00e9ditions d\u2019art et le mus\u00e9e Matisse Nice, 220 pages, 39\u00a0euros.<\/p>\n<p>Au plus pr\u00e8s de celles et ceux qui cr\u00e9ent<\/p>\n<p>L\u2019Humanit\u00e9 a toujours revendiqu\u00e9 l\u2019id\u00e9e que <strong>la culture n\u2019est pas une marchandise<\/strong>, qu\u2019elle est une condition de la vie politique et de l\u2019\u00e9mancipation humaine.<\/p>\n<p>Face \u00e0 des politiques culturelles lib\u00e9rales, qui fragilisent le service public de la culture, le journal rend compte de la r\u00e9sistance des cr\u00e9ateurs et de tous les personnels de la culture, mais aussi des solidarit\u00e9s du public.<\/p>\n<p>Les partis pris insolites, audacieux, singuliers sont la marque de fabrique des pages culture du journal. Nos journalistes explorent <strong>les coulisses du monde de la culture et la gen\u00e8se des \u0153uvres<\/strong> qui font et bousculent l\u2019actualit\u00e9.<\/p>\n<p><strong>Aidez-nous \u00e0 d\u00e9fendre une id\u00e9e ambitieuse de la culture\u00a0!<\/strong><br \/><a href=\"https:\/\/www.humanite.fr\/lhumanite-cest-vous\" rel=\"nofollow noopener\" target=\"_blank\">Je veux en savoir plus\u00a0!<\/a><\/p>\n","protected":false},"excerpt":{"rendered":"Nice (Alpes-Maritimes), envoy\u00e9 sp\u00e9cial. Le titre de la grande exposition du mus\u00e9e Matisse de Nice, \u00ab\u00a0Matisse M\u00e9diterran\u00e9e(s)\u00a0\u00bb, avec&hellip;\n","protected":false},"author":2,"featured_media":129380,"comment_status":"","ping_status":"","sticky":false,"template":"","format":"standard","meta":{"footnotes":""},"categories":[2819],"tags":[1111,11,1777,674,1349,1011,27,12,2401,882,25],"class_list":{"0":"post-129379","1":"post","2":"type-post","3":"status-publish","4":"format-standard","5":"has-post-thumbnail","7":"category-nice","8":"tag-actu","9":"tag-actualites","10":"tag-eu","11":"tag-europe","12":"tag-expositions","13":"tag-fr","14":"tag-france","15":"tag-news","16":"tag-nice","17":"tag-provence-alpes-cote-dazur","18":"tag-republique-francaise"},"share_on_mastodon":{"url":"https:\/\/pubeurope.com\/@fr\/114574452600166328","error":""},"_links":{"self":[{"href":"https:\/\/www.europesays.com\/fr\/wp-json\/wp\/v2\/posts\/129379","targetHints":{"allow":["GET"]}}],"collection":[{"href":"https:\/\/www.europesays.com\/fr\/wp-json\/wp\/v2\/posts"}],"about":[{"href":"https:\/\/www.europesays.com\/fr\/wp-json\/wp\/v2\/types\/post"}],"author":[{"embeddable":true,"href":"https:\/\/www.europesays.com\/fr\/wp-json\/wp\/v2\/users\/2"}],"replies":[{"embeddable":true,"href":"https:\/\/www.europesays.com\/fr\/wp-json\/wp\/v2\/comments?post=129379"}],"version-history":[{"count":0,"href":"https:\/\/www.europesays.com\/fr\/wp-json\/wp\/v2\/posts\/129379\/revisions"}],"wp:featuredmedia":[{"embeddable":true,"href":"https:\/\/www.europesays.com\/fr\/wp-json\/wp\/v2\/media\/129380"}],"wp:attachment":[{"href":"https:\/\/www.europesays.com\/fr\/wp-json\/wp\/v2\/media?parent=129379"}],"wp:term":[{"taxonomy":"category","embeddable":true,"href":"https:\/\/www.europesays.com\/fr\/wp-json\/wp\/v2\/categories?post=129379"},{"taxonomy":"post_tag","embeddable":true,"href":"https:\/\/www.europesays.com\/fr\/wp-json\/wp\/v2\/tags?post=129379"}],"curies":[{"name":"wp","href":"https:\/\/api.w.org\/{rel}","templated":true}]}}