{"id":129383,"date":"2025-05-26T13:50:13","date_gmt":"2025-05-26T13:50:13","guid":{"rendered":"https:\/\/www.europesays.com\/fr\/129383\/"},"modified":"2025-05-26T13:50:13","modified_gmt":"2025-05-26T13:50:13","slug":"meurtre-desteban-aux-assises-a-nantes-les-trois-accuses-entendus-ce-lundi","status":"publish","type":"post","link":"https:\/\/www.europesays.com\/fr\/129383\/","title":{"rendered":"Meurtre d\u2019Esteban aux assises \u00e0 Nantes. Les trois accus\u00e9s entendus ce lundi"},"content":{"rendered":"<p>Dans l\u2019affaire du meurtre d\u2019Esteban, le profil des trois accus\u00e9s sera \u00e9tudi\u00e9 ce lundi 26\u00a0mai, \u00e0 la cour d\u2019assises de Nantes. Apr\u00e8s une fin de semaine marqu\u00e9e par le t\u00e9moignage des proches d\u2019Esteban notamment <a href=\"https:\/\/nantes.maville.com\/actu\/actudet_-meurtre-d-esteban-aux-assises-a-nantes-la-perpetuite-pour-une-famille-ordinaire-et-unie-_52716-6822100_actu.Htm\" target=\"_self\" rel=\"noopener\">sa m\u00e8re qui a d\u00e9crit <strong>\u00ab\u00a0une famille unie et ordinaire\u00a0\u00bb,<\/strong> <\/a> les jur\u00e9s vont reconstituer le parcours de vie des trois accus\u00e9s. Parmi eux, deux sont jug\u00e9s pour meurtre en bande organis\u00e9.<\/p>\n<p>Ce proc\u00e8s, qui a d\u00e9but\u00e9 mardi 20\u00a0mai, doit faire la lumi\u00e8re sur la succession d\u2019\u00e9v\u00e9nements qui ont conduit au meurtre d\u2019Est\u00e9ban Le Costevec, \u00e0 Saint-Herblain (Loire-Atlantique), en ao\u00fbt 2019. La tante d\u2019Esteban, a rappel\u00e9 vendredi 23\u00a0mai, \u00e0 la barre, <strong>\u00ab\u00a0que ce lieu, \u00e0 dix minutes \u00e0 pied de chez nous, \u00e9tait un point de deal depuis des ann\u00e9es\u00a0\u00bb.<\/strong> Le r\u00f4le des trois accus\u00e9s dans le trafic de stup\u00e9fiant sera au c\u0153ur de l\u2019interrogatoire.<\/p>\n<p>Le verdict est attendu mardi 27\u00a0mai.<\/p>\n<p>\u00a0<\/p>\n","protected":false},"excerpt":{"rendered":"Dans l\u2019affaire du meurtre d\u2019Esteban, le profil des trois accus\u00e9s sera \u00e9tudi\u00e9 ce lundi 26\u00a0mai, \u00e0 la cour&hellip;\n","protected":false},"author":2,"featured_media":129384,"comment_status":"","ping_status":"","sticky":false,"template":"","format":"standard","meta":{"footnotes":""},"categories":[2818],"tags":[25354,1111,11,14584,25355,23250,1777,674,1011,27,9865,777,766,12,2636,25],"class_list":{"0":"post-129383","1":"post","2":"type-post","3":"status-publish","4":"format-standard","5":"has-post-thumbnail","7":"category-nantes","8":"tag-accuses","9":"tag-actu","10":"tag-actualites","11":"tag-assises","12":"tag-entendus","13":"tag-esteban","14":"tag-eu","15":"tag-europe","16":"tag-fr","17":"tag-france","18":"tag-lundi","19":"tag-meurtre","20":"tag-nantes","21":"tag-news","22":"tag-pays-de-la-loire","23":"tag-republique-francaise"},"share_on_mastodon":{"url":"https:\/\/pubeurope.com\/@fr\/114574460414959559","error":""},"_links":{"self":[{"href":"https:\/\/www.europesays.com\/fr\/wp-json\/wp\/v2\/posts\/129383","targetHints":{"allow":["GET"]}}],"collection":[{"href":"https:\/\/www.europesays.com\/fr\/wp-json\/wp\/v2\/posts"}],"about":[{"href":"https:\/\/www.europesays.com\/fr\/wp-json\/wp\/v2\/types\/post"}],"author":[{"embeddable":true,"href":"https:\/\/www.europesays.com\/fr\/wp-json\/wp\/v2\/users\/2"}],"replies":[{"embeddable":true,"href":"https:\/\/www.europesays.com\/fr\/wp-json\/wp\/v2\/comments?post=129383"}],"version-history":[{"count":0,"href":"https:\/\/www.europesays.com\/fr\/wp-json\/wp\/v2\/posts\/129383\/revisions"}],"wp:featuredmedia":[{"embeddable":true,"href":"https:\/\/www.europesays.com\/fr\/wp-json\/wp\/v2\/media\/129384"}],"wp:attachment":[{"href":"https:\/\/www.europesays.com\/fr\/wp-json\/wp\/v2\/media?parent=129383"}],"wp:term":[{"taxonomy":"category","embeddable":true,"href":"https:\/\/www.europesays.com\/fr\/wp-json\/wp\/v2\/categories?post=129383"},{"taxonomy":"post_tag","embeddable":true,"href":"https:\/\/www.europesays.com\/fr\/wp-json\/wp\/v2\/tags?post=129383"}],"curies":[{"name":"wp","href":"https:\/\/api.w.org\/{rel}","templated":true}]}}