{"id":129389,"date":"2025-05-26T13:53:08","date_gmt":"2025-05-26T13:53:08","guid":{"rendered":"https:\/\/www.europesays.com\/fr\/129389\/"},"modified":"2025-05-26T13:53:08","modified_gmt":"2025-05-26T13:53:08","slug":"toulouse-pris-a-la-gorge-financierement-des-habitants-dune-tour-forces-de-payer-un-gardien-devenu-inutile","status":"publish","type":"post","link":"https:\/\/www.europesays.com\/fr\/129389\/","title":{"rendered":"Toulouse : pris \u00e0 la gorge financi\u00e8rement, des habitants d\u2019une tour forc\u00e9s de payer un gardien devenu inutile"},"content":{"rendered":"<p class=\"paragraph text_align_left\">Depuis le mois de janvier, les 84 copropri\u00e9taires de la tour des Mazades \u00e0 <a href=\"https:\/\/www.leparisien.fr\/haute-garonne-31\/\" target=\"_blank\" rel=\"noreferrer noopener\">Toulouse<\/a> (Haute-Garonne) payent 685 euros par jour pour r\u00e9mun\u00e9rer un agent certifi\u00e9 24 heures sur 24 et sept jours sur sept. Une d\u00e9pense incompressible depuis qu\u2019ils ont appris en novembre 2024 qu\u2019ils n\u2019avaient plus de d\u00e9rogation aux normes de la r\u00e9glementation sur la s\u00e9curit\u00e9 incendie pour les b\u00e2timents de grande hauteur. Pour 70 cm de trop, leur b\u00e2timent a d\u00fb se doter d\u2019un gardien qualifi\u00e9 pour assurer cette protection pour un co\u00fbt de 230 000 euros par an. Une somme importante pour les copropri\u00e9taires modestes de ce b\u00e2timent situ\u00e9 dans un quartier populaire.<\/p>\n<p class=\"paragraph text_align_left\">Pris \u00e0 la gorge financi\u00e8rement, ils ont adress\u00e9 une p\u00e9tition au pr\u00e9fet en janvier, soulignant que leur tour n\u2019\u00e9tait pas class\u00e9e comme immeuble de grande hauteur en 1960 lors de sa construction.<\/p>\n<p>40 000 euros suppl\u00e9mentaires n\u00e9cessaires<\/p>\n<p class=\"paragraph text_align_left\">En f\u00e9vrier, une nouvelle visite de la commission d\u00e9partementale de s\u00e9curit\u00e9 a refait le point sur leur demande et a lev\u00e9 la prescription de la surveillance de l\u2019immeuble par un agent de s\u00e9curit\u00e9. Un soulagement pour les copropri\u00e9taires qui n\u2019est malheureusement toujours pas effectif car l\u2019avis ne leur a pas \u00e9t\u00e9 transmis, ni \u00e0 la Sogem, le syndic de copropri\u00e9t\u00e9.<\/p>\n<p class=\"paragraph text_align_left\">Depuis le 25 mars, pr\u00e8s de 40 000 euros ont encore \u00e9t\u00e9 n\u00e9cessaires pour financer le gardien pour la s\u00e9curit\u00e9 incendie. \u00ab Le proc\u00e8s-verbal a bien \u00e9t\u00e9 communiqu\u00e9 \u00e0 l\u2019issue de la sous-commission d\u00e9partementale \u00e0 la mairie de Toulouse, charg\u00e9e de sa notification au mandataire de s\u00e9curit\u00e9, indique la pr\u00e9fecture de Haute-Garonne. Le mandataire est ensuite charg\u00e9 de le communiquer au syndic de copropri\u00e9t\u00e9, qui fait le lien avec les propri\u00e9taires et les habitants. \u00bb<\/p>\n<p class=\"paragraph text_align_left\">De son c\u00f4t\u00e9, la mairie de Toulouse confirme avoir re\u00e7u le proc\u00e8s-verbal de la commission. \u00ab Si celui-ci l\u00e8ve l\u2019exigence d\u2019un agent certifi\u00e9, il n\u2019\u00e9tablit pas la conformit\u00e9 de l\u2019immeuble en mati\u00e8re de s\u00e9curit\u00e9 incendie, pr\u00e9cise la municipalit\u00e9. Les services de la mairie ont demand\u00e9 \u00e0 la commission de revoir certains points pour d\u2019autres all\u00e9gements. Toutefois la lev\u00e9e d\u2019obligation de surveillance par un agent de s\u00e9curit\u00e9 est en cours de notification. \u00bb<\/p>\n","protected":false},"excerpt":{"rendered":"Depuis le mois de janvier, les 84 copropri\u00e9taires de la tour des Mazades \u00e0 Toulouse (Haute-Garonne) payent 685&hellip;\n","protected":false},"author":2,"featured_media":129390,"comment_status":"","ping_status":"","sticky":false,"template":"","format":"standard","meta":{"footnotes":""},"categories":[2816],"tags":[1111,917,11,459,1777,674,1011,27,4623,12,2680,25,2312],"class_list":{"0":"post-129389","1":"post","2":"type-post","3":"status-publish","4":"format-standard","5":"has-post-thumbnail","7":"category-toulouse","8":"tag-actu","9":"tag-actu-locale","10":"tag-actualites","11":"tag-departements-horsidfo","12":"tag-eu","13":"tag-europe","14":"tag-fr","15":"tag-france","16":"tag-haute-garonne-31","17":"tag-news","18":"tag-occitanie","19":"tag-republique-francaise","20":"tag-toulouse"},"share_on_mastodon":{"url":"https:\/\/pubeurope.com\/@fr\/114574472216472870","error":""},"_links":{"self":[{"href":"https:\/\/www.europesays.com\/fr\/wp-json\/wp\/v2\/posts\/129389","targetHints":{"allow":["GET"]}}],"collection":[{"href":"https:\/\/www.europesays.com\/fr\/wp-json\/wp\/v2\/posts"}],"about":[{"href":"https:\/\/www.europesays.com\/fr\/wp-json\/wp\/v2\/types\/post"}],"author":[{"embeddable":true,"href":"https:\/\/www.europesays.com\/fr\/wp-json\/wp\/v2\/users\/2"}],"replies":[{"embeddable":true,"href":"https:\/\/www.europesays.com\/fr\/wp-json\/wp\/v2\/comments?post=129389"}],"version-history":[{"count":0,"href":"https:\/\/www.europesays.com\/fr\/wp-json\/wp\/v2\/posts\/129389\/revisions"}],"wp:featuredmedia":[{"embeddable":true,"href":"https:\/\/www.europesays.com\/fr\/wp-json\/wp\/v2\/media\/129390"}],"wp:attachment":[{"href":"https:\/\/www.europesays.com\/fr\/wp-json\/wp\/v2\/media?parent=129389"}],"wp:term":[{"taxonomy":"category","embeddable":true,"href":"https:\/\/www.europesays.com\/fr\/wp-json\/wp\/v2\/categories?post=129389"},{"taxonomy":"post_tag","embeddable":true,"href":"https:\/\/www.europesays.com\/fr\/wp-json\/wp\/v2\/tags?post=129389"}],"curies":[{"name":"wp","href":"https:\/\/api.w.org\/{rel}","templated":true}]}}