{"id":129399,"date":"2025-05-26T13:59:10","date_gmt":"2025-05-26T13:59:10","guid":{"rendered":"https:\/\/www.europesays.com\/fr\/129399\/"},"modified":"2025-05-26T13:59:10","modified_gmt":"2025-05-26T13:59:10","slug":"les-mosquees-du-rhone-denoncent-des-allegations-qui-ne-refletent-pas-la-realite-du-terrain","status":"publish","type":"post","link":"https:\/\/www.europesays.com\/fr\/129399\/","title":{"rendered":"les mosqu\u00e9es du Rh\u00f4ne d\u00e9noncent des \u00ab\u00a0all\u00e9gations qui ne refl\u00e8tent pas la r\u00e9alit\u00e9 du terrain\u00a0\u00bb"},"content":{"rendered":"<p>R\u00e9uni ce dimanche 25 mai, le Conseil des Mosqu\u00e9es du Rh\u00f4ne (CMR) a publi\u00e9 un communiqu\u00e9 en r\u00e9action au rapport intitul\u00e9\u00a0\u00ab\u00a0Fr\u00e8res musulmans et islamisme politique en France\u00a0\u00bb, r\u00e9cemment remis au ministre de l\u2019Int\u00e9rieur.<\/p>\n<p>\u00ab\u00a0Nous faisons part de notre profonde pr\u00e9occupation face \u00e0 la suspicion persistante qui entoure les musulmans dans notre pays. Cette m\u00e9fiance g\u00e9n\u00e9ralis\u00e9e nourrit leur mise \u00e0 l&rsquo;\u00e9cart symbolique et renforce leur exclusion du r\u00e9cit national\u00a0\u00bb, \u00e9crit le CMR. Plusieurs mosqu\u00e9es mentionn\u00e9es dans le rapport sont membres du Conseil, qui leur r\u00e9affirme \u00ab\u00a0son soutien plein et entier\u00a0\u00bb.<\/p>\n<p>\u00ab\u00a0Nous connaissons leur s\u00e9rieux, leur attachement sinc\u00e8re aux valeurs de la R\u00e9publique et leur engagement quotidien aupr\u00e8s de la communaut\u00e9. Leur action s&rsquo;inscrit r\u00e9solument dans un esprit de responsabilit\u00e9, de loyaut\u00e9 et de respect des lois\u00a0\u00bb, poursuit le communiqu\u00e9.<\/p>\n<p>\u00c0 deux semaines de l\u2019assassinat d&rsquo;Aboubaker Ciss\u00e9, les signataires affirment que \u00ab\u00a0les all\u00e9gations contenues dans ce rapport nous inqui\u00e8tent pour notre s\u00e9curit\u00e9 et nous interpellent car elles ne refl\u00e8tent en rien la r\u00e9alit\u00e9 v\u00e9cue sur le terrain.\u00a0\u00bb<\/p>\n<p>Le CMR appelle les autorit\u00e9s \u00e0 \u00ab\u00a0faire preuve de rigueur, de prudence et de discernement dans l&rsquo;analyse, la communication et l&rsquo;interpr\u00e9tation de donn\u00e9es aussi sensibles, dont l&rsquo;impact peut \u00eatre profond et durable.\u00a0\u00bb<\/p>\n<p>Dans un appel \u00e0 la mobilisation, le Conseil invite \u00ab\u00a0la communaut\u00e9 musulmane de France \u00e0 une mobilisation qui vise \u00e0 renforcer son unit\u00e9 pour exprimer ses pr\u00e9occupations communes, et son engagement pour le bien commun, dans le respect des valeurs de fraternit\u00e9, de justice et de dignit\u00e9 partag\u00e9e.\u00a0\u00bb<\/p>\n<p>Le texte se conclut par un rappel au dialogue : \u00ab\u00a0Nous avons toujours entretenu un dialogue sinc\u00e8re et constructif avec les pouvoirs publics, les \u00e9lus ainsi que l&rsquo;ensemble des citoyens, dans l&rsquo;objectif commun de b\u00e2tir une soci\u00e9t\u00e9 fond\u00e9e sur la confiance, l&rsquo;\u00e9galit\u00e9 et le respect inali\u00e9nable de la dignit\u00e9 de chacun.\u00a0\u00bb<\/p>\n<p>Le communiqu\u00e9 est sign\u00e9 par 36 mosqu\u00e9es du d\u00e9partement, dont la Grande Mosqu\u00e9e de Lyon, la mosqu\u00e9e Othmane de Villeurbanne, ainsi que plusieurs lieux de culte \u00e0 V\u00e9nissieux, Saint-Priest, Bron ou encore Tarare.<\/p>\n","protected":false},"excerpt":{"rendered":"R\u00e9uni ce dimanche 25 mai, le Conseil des Mosqu\u00e9es du Rh\u00f4ne (CMR) a publi\u00e9 un communiqu\u00e9 en r\u00e9action&hellip;\n","protected":false},"author":2,"featured_media":129400,"comment_status":"","ping_status":"","sticky":false,"template":"","format":"standard","meta":{"footnotes":""},"categories":[1889],"tags":[1111,11,2813,2190,2430,1109,251,1112,2811,1777,674,118,1011,27,1922,1110,1114,2428,2810,12,241,316,25,2812,517,800],"class_list":{"0":"post-129399","1":"post","2":"type-post","3":"status-publish","4":"format-standard","5":"has-post-thumbnail","7":"category-lyon","8":"tag-actu","9":"tag-actualites","10":"tag-article","11":"tag-asvel","12":"tag-auvergne-rhone-alpes","13":"tag-breves","14":"tag-culture","15":"tag-depeches","16":"tag-economique","17":"tag-eu","18":"tag-europe","19":"tag-faits-divers","20":"tag-fr","21":"tag-france","22":"tag-info","23":"tag-informations","24":"tag-infos","25":"tag-lyon","26":"tag-lyonmag","27":"tag-news","28":"tag-ol","29":"tag-politique","30":"tag-republique-francaise","31":"tag-sociale","32":"tag-sport","33":"tag-transports"},"share_on_mastodon":{"url":"https:\/\/pubeurope.com\/@fr\/114574495925867879","error":""},"_links":{"self":[{"href":"https:\/\/www.europesays.com\/fr\/wp-json\/wp\/v2\/posts\/129399","targetHints":{"allow":["GET"]}}],"collection":[{"href":"https:\/\/www.europesays.com\/fr\/wp-json\/wp\/v2\/posts"}],"about":[{"href":"https:\/\/www.europesays.com\/fr\/wp-json\/wp\/v2\/types\/post"}],"author":[{"embeddable":true,"href":"https:\/\/www.europesays.com\/fr\/wp-json\/wp\/v2\/users\/2"}],"replies":[{"embeddable":true,"href":"https:\/\/www.europesays.com\/fr\/wp-json\/wp\/v2\/comments?post=129399"}],"version-history":[{"count":0,"href":"https:\/\/www.europesays.com\/fr\/wp-json\/wp\/v2\/posts\/129399\/revisions"}],"wp:featuredmedia":[{"embeddable":true,"href":"https:\/\/www.europesays.com\/fr\/wp-json\/wp\/v2\/media\/129400"}],"wp:attachment":[{"href":"https:\/\/www.europesays.com\/fr\/wp-json\/wp\/v2\/media?parent=129399"}],"wp:term":[{"taxonomy":"category","embeddable":true,"href":"https:\/\/www.europesays.com\/fr\/wp-json\/wp\/v2\/categories?post=129399"},{"taxonomy":"post_tag","embeddable":true,"href":"https:\/\/www.europesays.com\/fr\/wp-json\/wp\/v2\/tags?post=129399"}],"curies":[{"name":"wp","href":"https:\/\/api.w.org\/{rel}","templated":true}]}}