{"id":129401,"date":"2025-05-26T14:00:15","date_gmt":"2025-05-26T14:00:15","guid":{"rendered":"https:\/\/www.europesays.com\/fr\/129401\/"},"modified":"2025-05-26T14:00:15","modified_gmt":"2025-05-26T14:00:15","slug":"ce-netait-pas-un-rodeo-mais-un-exploit-sportif-fou","status":"publish","type":"post","link":"https:\/\/www.europesays.com\/fr\/129401\/","title":{"rendered":"ce n\u2019\u00e9tait pas un rod\u00e9o mais un exploit sportif fou"},"content":{"rendered":"<p>Les l\u00e9gendaires 25 marches de Lyon. Vous ne les connaissez peut-\u00eatre pas, mais les marches de cet escalier situ\u00e9 dans la Cit\u00e9 internationale sont mondialement connues. Derri\u00e8re elle\u00a0? Un d\u00e9fi de taille, les meilleurs adeptes de trottinette, VTT, skateboard freestyle s\u2019y retrouvent pour tenter de les franchir en un seul saut vertigineux.<\/p>\n<p>En plus de les sauter (sans se faire mal, un fait rare aussi) l\u2019Anglais Calum Connor a rajout\u00e9 un salto arri\u00e8re pendant son vol ; il faut \u00eatre courageux, voire un peu fou pour tenter une figure aussi technique. Alors, c\u2019est un v\u00e9ritable exploit qu\u2019a r\u00e9alis\u00e9 le jeune de 18 ans avec ce \u00ab\u00a0backflip\u00a0\u00bb qu\u2019il l\u2019a ensuite partag\u00e9 sur les r\u00e9seaux sociaux.<\/p>\n<p>  \u00ab\u00a0L\u2019une des cascades les plus folles\u00a0\u00bb<\/p>\n<p>Les 25 marches en imposent, mais rajouter une figure en plein vol c\u2019est \u00ab\u00a0one the best scooter trick ever\u00a0\u00bb, peut-on lire sur son post Instagram, qu\u2019on peut traduire par\u00a0: \u00ab\u00a0L\u2019une des cascades les plus folles\u00a0\u00bb.<\/p>\n<p>Ce contenu est bloqu\u00e9 car vous n&rsquo;avez pas accept\u00e9 les cookies et autres traceurs.<\/p>\n<p>En cliquant sur \u00ab J\u2019accepte \u00bb, les cookies et autres traceurs seront d\u00e9pos\u00e9s et vous pourrez visualiser les contenus  (<a href=\"\" class=\"consentModule_policy\" target=\"_blank\" title=\"Consulter la politique de protection des donn\u00e9es du fournisseur\">plus d&rsquo;informations<\/a>).<\/p>\n<p>En cliquant sur \u00ab J\u2019accepte tous les cookies \u00bb, vous autorisez des d\u00e9p\u00f4ts de cookies et autres traceurs pour le stockage de vos donn\u00e9es sur nos sites et applications \u00e0 des fins de personnalisation et de ciblage publicitaire.<\/p>\n<p class=\"consentModule_secondaryText\">Vous gardez la possibilit\u00e9 de retirer votre consentement \u00e0 tout moment en consultant notre <a href=\"https:\/\/www.leprogres.fr\/protection-des-donnees\" target=\"_blank\" title=\"Consulter notre politique de protection des donn\u00e9es\" rel=\"nofollow noopener\">politique de protection des donn\u00e9es<\/a>. <br \/>&#13;<br \/>\n            <a href=\"https:\/\/www.leprogres.fr\/insolite\/2025\/05\/26\/javascript:Didomi.notice.show()\" class=\"consentModule_cmp\" rel=\"nofollow noopener\" target=\"_blank\">G\u00e9rer mes choix<\/a>&#13;\n        <\/p>\n<p>&#13;<br \/>\n                        J&rsquo;accepte&#13;<br \/>\n            J&rsquo;accepte tous les cookies&#13;\n        <\/p>\n<p>Mais ce n\u2019est pas la premi\u00e8re fois que cet escalier attire les regards des freestylers. l\u2019Am\u00e9ricain Aaron \u00ab jaws \u00bb Homoki l\u2019avait franchi en skateboard (sans figure) et plus r\u00e9cemment le Tch\u00e8que Kristian Albrecht avait fait le grand saut en trottinette. Pour rappel, en 2020, le Lyonnais <a href=\"https:\/\/www.leprogres.fr\/edition-lyon-villeurbanne\/2020\/03\/21\/video-l-enorme-tentative-d-aurelien-giraud-sur-les-25-marches-de-la-cite-internationale\" target=\"_blank\" rel=\"nofollow noopener\"> Aur\u00e9lien Giraud avait r\u00e9alis\u00e9 ce saut en se blessant l\u00e9g\u00e8rement<\/a> au talon.<\/p>\n","protected":false},"excerpt":{"rendered":"Les l\u00e9gendaires 25 marches de Lyon. Vous ne les connaissez peut-\u00eatre pas, mais les marches de cet escalier&hellip;\n","protected":false},"author":2,"featured_media":129402,"comment_status":"","ping_status":"","sticky":false,"template":"","format":"standard","meta":{"footnotes":""},"categories":[1889],"tags":[1111,11,2430,2757,1777,674,1011,27,1757,2428,2756,12,25,2429,517],"class_list":{"0":"post-129401","1":"post","2":"type-post","3":"status-publish","4":"format-standard","5":"has-post-thumbnail","7":"category-lyon","8":"tag-actu","9":"tag-actualites","10":"tag-auvergne-rhone-alpes","11":"tag-edition-lyon-villeurbanne","12":"tag-eu","13":"tag-europe","14":"tag-fr","15":"tag-france","16":"tag-insolite","17":"tag-lyon","18":"tag-lyon-bassin","19":"tag-news","20":"tag-republique-francaise","21":"tag-rhone","22":"tag-sport"},"share_on_mastodon":{"url":"https:\/\/pubeurope.com\/@fr\/114574499670920405","error":""},"_links":{"self":[{"href":"https:\/\/www.europesays.com\/fr\/wp-json\/wp\/v2\/posts\/129401","targetHints":{"allow":["GET"]}}],"collection":[{"href":"https:\/\/www.europesays.com\/fr\/wp-json\/wp\/v2\/posts"}],"about":[{"href":"https:\/\/www.europesays.com\/fr\/wp-json\/wp\/v2\/types\/post"}],"author":[{"embeddable":true,"href":"https:\/\/www.europesays.com\/fr\/wp-json\/wp\/v2\/users\/2"}],"replies":[{"embeddable":true,"href":"https:\/\/www.europesays.com\/fr\/wp-json\/wp\/v2\/comments?post=129401"}],"version-history":[{"count":0,"href":"https:\/\/www.europesays.com\/fr\/wp-json\/wp\/v2\/posts\/129401\/revisions"}],"wp:featuredmedia":[{"embeddable":true,"href":"https:\/\/www.europesays.com\/fr\/wp-json\/wp\/v2\/media\/129402"}],"wp:attachment":[{"href":"https:\/\/www.europesays.com\/fr\/wp-json\/wp\/v2\/media?parent=129401"}],"wp:term":[{"taxonomy":"category","embeddable":true,"href":"https:\/\/www.europesays.com\/fr\/wp-json\/wp\/v2\/categories?post=129401"},{"taxonomy":"post_tag","embeddable":true,"href":"https:\/\/www.europesays.com\/fr\/wp-json\/wp\/v2\/tags?post=129401"}],"curies":[{"name":"wp","href":"https:\/\/api.w.org\/{rel}","templated":true}]}}