{"id":129407,"date":"2025-05-26T14:03:08","date_gmt":"2025-05-26T14:03:08","guid":{"rendered":"https:\/\/www.europesays.com\/fr\/129407\/"},"modified":"2025-05-26T14:03:08","modified_gmt":"2025-05-26T14:03:08","slug":"piotr-pavlenski-perturbe-le-proces-de-mimi-marchand-lartiste-russe-expulse-de-force","status":"publish","type":"post","link":"https:\/\/www.europesays.com\/fr\/129407\/","title":{"rendered":"Piotr Pavlenski perturbe le proc\u00e8s de Mimi Marchand, l&rsquo;artiste russe expuls\u00e9 de force"},"content":{"rendered":"<p>            Par<br \/>\n        <strong><br \/>\n            <a href=\"https:\/\/actu.fr\/auteur\/redaction-paris\" title=\"Consulter tous les articles de R\u00e9daction Paris\" target=\"_blank\" rel=\"noopener\">R\u00e9daction Paris<\/a><br \/>\n        <\/strong><\/p>\n<p>        Publi\u00e9 le<\/p>\n<p>            26 mai 2025 \u00e0 15h02        <\/p>\n<p>Le <a href=\"https:\/\/actu.fr\/ile-de-france\/paris_75056\/soupcons-de-chantage-sur-karine-le-marchand-la-reine-du-people-mimi-marchand-sera-jugee-a-paris_61539941.html\" target=\"_blank\" rel=\"noopener\">proc\u00e8s de la papesse de la presse people<\/a> Mimi Marchand a d\u00e9but\u00e9 ce lundi 26\u00a0mai 2025. Dans la matin\u00e9e, Piotr Pavlenski a \u00e9t\u00e9 <strong>expuls\u00e9<\/strong> de la salle d\u2019audience par des policiers.<\/p>\n<p>Garde \u00e0 vue, paparazzi et chantage<\/p>\n<p class=\" wall-content\">L\u2019artiste russe, <a href=\"https:\/\/actu.fr\/ile-de-france\/paris_75056\/affaire-griveaux-la-justice-condamne-piotr-pavlenski-et-alexandra-de-taddeo_60192861.html\" target=\"_blank\" rel=\"noopener\">condamn\u00e9 en 2023 \u00e0 six mois de prison ferme<\/a> pour avoir diffus\u00e9 des vid\u00e9os intimes de <a href=\"https:\/\/actu.fr\/tag\/benjamin-griveaux\" target=\"_blank\" rel=\"noopener\">Benjamin Griveaux<\/a>, a \u00e9t\u00e9 <strong>tra\u00een\u00e9 de force hors de la salle d\u2019audience<\/strong> apr\u00e8s s\u2019\u00eatre lev\u00e9 pour faire une d\u00e9claration devant le tribunal correctionnel de Paris.<\/p>\n<p class=\" wall-content\">\u00ab\u2009Mimi Marchand doit \u00eatre <strong>compl\u00e8tement relax\u00e9e<\/strong> dans cette affaire qui concerne du porno politique\u2009\u00bb, a-t-il d\u00e9clar\u00e9 celui qui est concern\u00e9 par un autre volet de ce proc\u00e8s.<\/p>\n<p class=\" wall-content\">Pour rappel, Mimi Marchand est soup\u00e7onn\u00e9e d\u2019avoir fait chanter l\u2019animatrice <a href=\"https:\/\/actu.fr\/tag\/karine-le-marchand\" target=\"_blank\" rel=\"noopener\">Karine Le Marchand<\/a>. L\u2019affaire remonte \u00e0 f\u00e9vrier\u00a02020. La <strong>fille de la pr\u00e9sentatrice<\/strong> avait \u00e9t\u00e9 prise en photo par des paparazzi \u00e0 la sortie du commissariat o\u00f9 elle \u00e9tait en garde \u00e0 vue pour acquisition de cannabis. Mais, mineur, les photos n\u2019\u00e9taient pas exploitables.<\/p>\n<p class=\" wall-content\">Mimi Marchand aurait alors expliqu\u00e9 \u00e0 Karine Le Marchand qu\u2019elle avait r\u00e9ussi \u00e0 emp\u00eacher leur publication dans la presse moyennant<strong> 3\u2009000\u00a0euros<\/strong>. Mais, selon l\u2019enqu\u00eate, c\u2019est elle qui aurait demand\u00e9 \u00e0 un paparazzi d\u2019aller prendre en photo la fille de l\u2019animatrice, apr\u00e8s avoir re\u00e7u l\u2019information de son placement en garde \u00e0 vue.<\/p>\n<p>Vid\u00e9os : en ce moment sur Actu<\/p>\n<p class=\" wall-content\">Selon les juges d\u2019instruction, elle s\u2019est procur\u00e9 un <strong>\u00ab\u2009moyen de contrainte\u2009\u00bb<\/strong> avec ces photos, et a ensuite fait en sorte \u00ab\u2009au moyen de mensonges et de pressions psychologiques insidieuses\u2009\u00bb que Karine Le Marchand se sente \u00ab\u2009financi\u00e8rement et moralement redevable\u2009\u00bb.<\/p>\n<p class=\" wall-content\">Avec AFP.<\/p>\n<p class=\" wall-content\">Suivez toute l\u2019actualit\u00e9 de vos villes et m\u00e9dias favoris en vous inscrivant \u00e0 <a href=\"https:\/\/moncompte.actu.fr\" title=\"D\u00e9couvez Mon Actu\" rel=\"nofollow noopener\" data-trk=\"{&quot;cta&quot;:{&quot;action&quot;:&quot;https:\\\/\\\/moncompte.actu.fr&quot;,&quot;category&quot;:&quot;mon compte&quot;,&quot;from&quot;:&quot;article footer&quot;,&quot;name&quot;:&quot;Mon actu&quot;,&quot;type&quot;:&quot;cta&quot;}}\" target=\"_blank\">Mon Actu<\/a>.<\/p>\n<ul class=\"ac-article-tag wall-content\">\n<li><a href=\"https:\/\/actu.fr\/tag\/karine-le-marchand\" data-trk=\"{&quot;cta&quot;:{&quot;action&quot;:&quot;Karine Le Marchand&quot;,&quot;category&quot;:&quot;tag&quot;,&quot;from&quot;:&quot;article footer&quot;,&quot;name&quot;:&quot;Karine Le Marchand&quot;,&quot;type&quot;:&quot;cta&quot;}}\" target=\"_blank\" rel=\"noopener\">#Karine Le Marchand<\/a><\/li>\n<li><a href=\"https:\/\/actu.fr\/tag\/proces\" data-trk=\"{&quot;cta&quot;:{&quot;action&quot;:&quot;Proc\\u00e8s&quot;,&quot;category&quot;:&quot;tag&quot;,&quot;from&quot;:&quot;article footer&quot;,&quot;name&quot;:&quot;Proc\\u00e8s&quot;,&quot;type&quot;:&quot;cta&quot;}}\" target=\"_blank\" rel=\"noopener\">#Proc\u00e8s<\/a><\/li>\n<\/ul>\n","protected":false},"excerpt":{"rendered":"Par R\u00e9daction Paris Publi\u00e9 le 26 mai 2025 \u00e0 15h02 Le proc\u00e8s de la papesse de la presse&hellip;\n","protected":false},"author":2,"featured_media":129408,"comment_status":"","ping_status":"","sticky":false,"template":"","format":"standard","meta":{"footnotes":""},"categories":[1888],"tags":[1111,1928,11,1927,1777,674,118,1011,27,5413,12,1926,626,1925,2694,25],"class_list":{"0":"post-129407","1":"post","2":"type-post","3":"status-publish","4":"format-standard","5":"has-post-thumbnail","7":"category-paris","8":"tag-actu","9":"tag-actu-paris","10":"tag-actualites","11":"tag-actualites-paris","12":"tag-eu","13":"tag-europe","14":"tag-faits-divers","15":"tag-fr","16":"tag-france","17":"tag-karine-le-marchand","18":"tag-news","19":"tag-news-paris","20":"tag-paris","21":"tag-paris-news","22":"tag-proces","23":"tag-republique-francaise"},"share_on_mastodon":{"url":"https:\/\/pubeurope.com\/@fr\/114574511520944698","error":""},"_links":{"self":[{"href":"https:\/\/www.europesays.com\/fr\/wp-json\/wp\/v2\/posts\/129407","targetHints":{"allow":["GET"]}}],"collection":[{"href":"https:\/\/www.europesays.com\/fr\/wp-json\/wp\/v2\/posts"}],"about":[{"href":"https:\/\/www.europesays.com\/fr\/wp-json\/wp\/v2\/types\/post"}],"author":[{"embeddable":true,"href":"https:\/\/www.europesays.com\/fr\/wp-json\/wp\/v2\/users\/2"}],"replies":[{"embeddable":true,"href":"https:\/\/www.europesays.com\/fr\/wp-json\/wp\/v2\/comments?post=129407"}],"version-history":[{"count":0,"href":"https:\/\/www.europesays.com\/fr\/wp-json\/wp\/v2\/posts\/129407\/revisions"}],"wp:featuredmedia":[{"embeddable":true,"href":"https:\/\/www.europesays.com\/fr\/wp-json\/wp\/v2\/media\/129408"}],"wp:attachment":[{"href":"https:\/\/www.europesays.com\/fr\/wp-json\/wp\/v2\/media?parent=129407"}],"wp:term":[{"taxonomy":"category","embeddable":true,"href":"https:\/\/www.europesays.com\/fr\/wp-json\/wp\/v2\/categories?post=129407"},{"taxonomy":"post_tag","embeddable":true,"href":"https:\/\/www.europesays.com\/fr\/wp-json\/wp\/v2\/tags?post=129407"}],"curies":[{"name":"wp","href":"https:\/\/api.w.org\/{rel}","templated":true}]}}