{"id":129415,"date":"2025-05-26T14:07:10","date_gmt":"2025-05-26T14:07:10","guid":{"rendered":"https:\/\/www.europesays.com\/fr\/129415\/"},"modified":"2025-05-26T14:07:10","modified_gmt":"2025-05-26T14:07:10","slug":"1-million-de-soldats-russes-aurait-perdu-la-vie-sur-le-front-dapres-kyiv","status":"publish","type":"post","link":"https:\/\/www.europesays.com\/fr\/129415\/","title":{"rendered":"1 million de soldats russes aurait perdu la vie sur le front, d&rsquo;apr\u00e8s Kyiv"},"content":{"rendered":"<p>La Russie a perdu pr\u00e8s d&rsquo;un million de soldats dans la guerre totale qu&rsquo;elle m\u00e8ne contre l&rsquo;Ukraine, a indiqu\u00e9 lundi l&rsquo;\u00e9tat-major g\u00e9n\u00e9ral des forces arm\u00e9es ukrainiennes, apr\u00e8s que les forces russes eurent subi un millier de pertes suppl\u00e9mentaires au cours des derni\u00e8res 24 heures.<\/p>\n<p>Kyiv ne pr\u00e9cise pas si ces chiffres incluent les morts ou les bless\u00e9s, mais la perception g\u00e9n\u00e9rale est qu&rsquo;ils incluent toutes les pertes : morts, bless\u00e9s, disparus et captur\u00e9s.<\/p>\n<p>Les autorit\u00e9s ukrainiennes suivent quotidiennement les pertes de troupes et d&rsquo;\u00e9quipements russes depuis que Moscou a lanc\u00e9 son invasion \u00e0 grande \u00e9chelle le 24 f\u00e9vrier 2022. L&rsquo;Ukraine et la Russie ne r\u00e9v\u00e8lent pas publiquement leurs pertes.<\/p>\n<p>En f\u00e9vrier, le pr\u00e9sident ukrainien Volodymyr Zelensky a d\u00e9clar\u00e9 que plus de 46 000 soldats ukrainiens avaient \u00e9t\u00e9 tu\u00e9s sur le champ de bataille depuis le d\u00e9but de l&rsquo;ann\u00e9e 2022. Il a \u00e9galement indiqu\u00e9 que pr\u00e8s de 380 000 soldats ukrainiens avaient \u00e9t\u00e9 bless\u00e9s et que des \u00ab\u00a0dizaines de milliers\u00a0\u00bb de soldats \u00e9taient soit \u00ab\u00a0port\u00e9s disparus\u00a0\u00bb, soit retenus en captivit\u00e9 par les Russes.<\/p>\n<p>La vice-ministre russe de la d\u00e9fense a accidentellement r\u00e9v\u00e9l\u00e9 \u00e0 la fin de l&rsquo;ann\u00e9e derni\u00e8re que le minist\u00e8re avait re\u00e7u 48 000 demandes de tests ADN de la part de proches de soldats disparus.<\/p>\n<p>Anna Tsivilyova en a parl\u00e9 lors d&rsquo;une table ronde \u00e0 la Douma russe le 26 novembre 2024, pr\u00e9cisant que l&rsquo;ADN des parents avait \u00e9t\u00e9 collect\u00e9 et stock\u00e9 dans une base de donn\u00e9es.<\/p>\n<p>Avec un taux de perte d&rsquo;environ mille soldats par jour, la Russie a d\u00e9j\u00e0 essay\u00e9 de recruter des \u00e9trangers dans son arm\u00e9e.<\/p>\n<p>Jusqu&rsquo;\u00e0 12 000 soldats nord-cor\u00e9ens ont rejoint les troupes moscovites depuis la fin de l&rsquo;ann\u00e9e 2024, comme l&rsquo;a confirm\u00e9 Pyongyang apr\u00e8s que de nombreuses sources occidentales et Kiev aient initialement fait \u00e9tat de cette \u00e9volution.<\/p>\n<p>En avril, Kyiv a \u00e9galement d\u00e9clar\u00e9 que ses forces avaient captur\u00e9 les ressortissants chinois combattant pour la Russie. Selon les services de renseignement militaire ukrainiens, au moins 160 citoyens chinois servent dans les forces arm\u00e9es russes.<\/p>\n<p>P\u00e9kin a refus\u00e9 d&rsquo;envoyer des troupes de mani\u00e8re officielle, affirmant qu&rsquo;il s&rsquo;agit d&rsquo;individus qui se sont port\u00e9s volontaires.<\/p>\n<p><strong>Nouvelle offensive estivale de la Russie<\/strong><\/p>\n<p>Selon l&rsquo;arm\u00e9e ukrainienne, la Russie se pr\u00e9pare actuellement \u00e0 une nouvelle offensive, qui pourrait avoir lieu au cours de l&rsquo;\u00e9t\u00e9. Les combats se sont intensifi\u00e9s le long de la ligne de front ukrainienne, qui s&rsquo;\u00e9tend sur plus de 1 000 kilom\u00e8tres dans plusieurs r\u00e9gions du pays.<\/p>\n<p>Les forces de Moscou ont exerc\u00e9 une forte pression autour de Pokrovsk et de Kostyantynivka, dans l&rsquo;est de la r\u00e9gion de Donetsk.<\/p>\n<p>Le groupe de r\u00e9flexion Institute for the Study of War (ISW), bas\u00e9 aux \u00c9tats-Unis, a d\u00e9clar\u00e9 que Moscou s&rsquo;effor\u00e7ait depuis des mois de s&#8217;emparer des derni\u00e8res parties de la r\u00e9gion ukrainienne de Donetsk, son principal objectif depuis que la Russie a envahi l&rsquo;Ukraine en 2014.<\/p>\n<p>Pokrovsk a \u00e9t\u00e9 le point central des assauts terrestres de la Russie, les troupes moscovites y renfor\u00e7ant leurs attaques. Sa situation g\u00e9ographique en fait sans doute l&rsquo;un des centres logistiques les plus importants et extr\u00eamement proche de l&rsquo;arri\u00e8re de la lutte de l&rsquo;Ukraine contre l&rsquo;invasion russe.<\/p>\n<p><img decoding=\"async\" class=\"caas-img caas-lazy has-preview\" alt=\" Vue de Pokrovsk, site de violents combats avec les troupes russes, dans la r\u00e9gion de Donetsk, le 25 mars 2025.\" src=\"https:\/\/www.europesays.com\/fr\/wp-content\/uploads\/2025\/05\/ab9ed2b9ff259510cf0989d30c80f4c4.jpeg\"\/><\/p>\n<p> Vue de Pokrovsk, site de violents combats avec les troupes russes, dans la r\u00e9gion de Donetsk, le 25 mars 2025.   &#8211; Iryna Rybakova\/Ukraine&rsquo;s 93rd Mechanized Brigade via AP <\/p>\n<p>D&rsquo;apr\u00e8s les autorit\u00e9s ukrainiennes, les forces russes avaient l&rsquo;intention d&rsquo;atteindre la r\u00e9gion de Dnipropetrovsk et d&rsquo;y p\u00e9n\u00e9trer avant le 9 mai. Elles n&rsquo;y sont pas parvenues, bien qu&rsquo;elles se soient rapproch\u00e9es de la fronti\u00e8re administrative avec la r\u00e9gion de Donetsk.<\/p>\n<p>Le chef d&rsquo;\u00e9tat-major adjoint des forces arm\u00e9es ukrainiennes, Ihor Romanenko, a d\u00e9clar\u00e9 que le pr\u00e9sident russe Vladimir Poutine voulait montrer les progr\u00e8s de ses troupes lors de la parade du jour de la Victoire, le m\u00eame jour.<\/p>\n<p>Entre-temps, l&rsquo;arm\u00e9e ukrainienne a averti que la Russie pourrait pr\u00e9parer de nouvelles attaques sur Kharkiv.<\/p>\n<p>Moscou a rassembl\u00e9 ses troupes pr\u00e8s de la fronti\u00e8re avec la r\u00e9gion ukrainienne de Kharkiv. Andrii Pomahaibus, chef d&rsquo;\u00e9tat-major de la 13e brigade de Khartiia de la Garde nationale ukrainienne, a d\u00e9clar\u00e9 que la Russie essayait de rapprocher ses troupes de la ligne de contact, mais qu&rsquo;elle n&rsquo;avait pas encore r\u00e9ussi \u00e0 mener des attaques.<\/p>\n<p><strong>La strat\u00e9gie de la \u00ab\u00a0zone tampon\u00a0\u00bb de Poutine<\/strong><\/p>\n<p>Les plans de Moscou pour l&rsquo;offensive d&rsquo;\u00e9t\u00e9 semblent refl\u00e9ter les projets de M. Poutine de cr\u00e9er ce qu&rsquo;il a appel\u00e9 une \u00ab\u00a0zone tampon de s\u00e9curit\u00e9\u00a0\u00bb le long de la fronti\u00e8re ukrainienne.<\/p>\n<p>Jeudi dernier, il s&rsquo;est adress\u00e9 au gouvernement russe en d\u00e9clarant : \u00ab\u00a0La d\u00e9cision a \u00e9t\u00e9 prise d&rsquo;\u00e9tablir une zone tampon de s\u00e9curit\u00e9 n\u00e9cessaire. Nos forces arm\u00e9es s&rsquo;acquittent actuellement de cette t\u00e2che\u00a0\u00bb.<\/p>\n<p>Ces propos ont \u00e9t\u00e9 tenus apr\u00e8s que des responsables de la r\u00e9gion russe de Koursk eurent demand\u00e9 un renforcement des mesures frontali\u00e8res. Vladimir Poutine a pr\u00e9cis\u00e9 que la zone s&rsquo;\u00e9tendrait le long des r\u00e9gions de Koursk, Belgorod et Briansk, qui bordent les r\u00e9gions ukrainiennes de Sumy, Kharkiv et Tchernihiv.<\/p>\n<p><img decoding=\"async\" class=\"caas-img caas-lazy has-preview\" alt=\" Le Premier ministre russe Dmitri Medvedev et le pr\u00e9sident Vladimir Poutine se parlent en buvant du th\u00e9 \u00e0 Sotchi, le 3 janvier 2013.\" src=\"https:\/\/www.europesays.com\/fr\/wp-content\/uploads\/2025\/05\/61fd9d4b4cb68950ccb84a8dbf38b603.jpeg\"\/><\/p>\n<p> Le Premier ministre russe Dmitri Medvedev et le pr\u00e9sident Vladimir Poutine se parlent en buvant du th\u00e9 \u00e0 Sotchi, le 3 janvier 2013.   &#8211; AP Photo <\/p>\n<p>Le vice-pr\u00e9sident du Conseil de s\u00e9curit\u00e9 russe, Dmitri Medvedev, a demand\u00e9 que la Russie contr\u00f4le une zone tampon englobant la quasi-totalit\u00e9 de l&rsquo;Ukraine, \u00e0 l&rsquo;exception d&rsquo;une zone relativement restreinte des r\u00e9gions de Volyn et de Lviv, le long de la fronti\u00e8re polonaise.<\/p>\n<p>Le vice-pr\u00e9sident du Conseil de s\u00e9curit\u00e9 russe, Dmitri Medvedev, a laiss\u00e9 entendre que la Russie occuperait la majeure partie de l&rsquo;Ukraine si l&rsquo;Occident continuait \u00e0 fournir de l&rsquo;aide militaire \u00e0 kyiv.<\/p>\n<p>Le vice-pr\u00e9sident du Conseil de s\u00e9curit\u00e9 russe, Dmitri Medvedev, a laiss\u00e9 entendre que la Russie occuperait la majeure partie de l&rsquo;Ukraine si l&rsquo;Occident continuait<\/p>\n<p>En analysant ses commentaires, l&rsquo;ISW a calcul\u00e9 que les forces russes auraient besoin d&rsquo;environ un si\u00e8cle pour s&#8217;emparer de la \u00ab\u00a0zone tampon\u00a0\u00bb propos\u00e9e par Medvedev au rythme actuel de leur progression, au prix de pr\u00e8s de 50 millions de victimes au taux de pertes actuel.<\/p>\n<p>Le groupe de r\u00e9flexion a ajout\u00e9 que ses estimations supposent que les forces russes seront en mesure de maintenir leur rythme de progression actuel.<\/p>\n<p>\u00ab\u00a0Depuis le d\u00e9but de l&rsquo;ann\u00e9e 2022, les troupes russes n&rsquo;ont pas d\u00e9montr\u00e9 leur capacit\u00e9 \u00e0 mener le type d&rsquo;op\u00e9rations offensives rapides et multidirectionnelles n\u00e9cessaires pour atteindre ces objectifs et il est peu probable qu&rsquo;elles am\u00e9liorent leurs capacit\u00e9s de mani\u00e8re significative dans un avenir proche\u00a0\u00bb, a pr\u00e9cis\u00e9 le groupe de travail sur la soci\u00e9t\u00e9 de l&rsquo;information.<\/p>\n","protected":false},"excerpt":{"rendered":"La Russie a perdu pr\u00e8s d&rsquo;un million de soldats dans la guerre totale qu&rsquo;elle m\u00e8ne contre l&rsquo;Ukraine, a&hellip;\n","protected":false},"author":2,"featured_media":129416,"comment_status":"","ping_status":"","sticky":false,"template":"","format":"standard","meta":{"footnotes":""},"categories":[1591],"tags":[11,1887,5493,2489,12,1885,1886,132,11232],"class_list":{"0":"post-129415","1":"post","2":"type-post","3":"status-publish","4":"format-standard","5":"has-post-thumbnail","7":"category-russie","8":"tag-actualites","9":"tag-federation-de-russie","10":"tag-lukraine","11":"tag-la-russie","12":"tag-news","13":"tag-russia","14":"tag-russian-federation","15":"tag-russie","16":"tag-soldats"},"share_on_mastodon":{"url":"https:\/\/pubeurope.com\/@fr\/114574527377308917","error":""},"_links":{"self":[{"href":"https:\/\/www.europesays.com\/fr\/wp-json\/wp\/v2\/posts\/129415","targetHints":{"allow":["GET"]}}],"collection":[{"href":"https:\/\/www.europesays.com\/fr\/wp-json\/wp\/v2\/posts"}],"about":[{"href":"https:\/\/www.europesays.com\/fr\/wp-json\/wp\/v2\/types\/post"}],"author":[{"embeddable":true,"href":"https:\/\/www.europesays.com\/fr\/wp-json\/wp\/v2\/users\/2"}],"replies":[{"embeddable":true,"href":"https:\/\/www.europesays.com\/fr\/wp-json\/wp\/v2\/comments?post=129415"}],"version-history":[{"count":0,"href":"https:\/\/www.europesays.com\/fr\/wp-json\/wp\/v2\/posts\/129415\/revisions"}],"wp:featuredmedia":[{"embeddable":true,"href":"https:\/\/www.europesays.com\/fr\/wp-json\/wp\/v2\/media\/129416"}],"wp:attachment":[{"href":"https:\/\/www.europesays.com\/fr\/wp-json\/wp\/v2\/media?parent=129415"}],"wp:term":[{"taxonomy":"category","embeddable":true,"href":"https:\/\/www.europesays.com\/fr\/wp-json\/wp\/v2\/categories?post=129415"},{"taxonomy":"post_tag","embeddable":true,"href":"https:\/\/www.europesays.com\/fr\/wp-json\/wp\/v2\/tags?post=129415"}],"curies":[{"name":"wp","href":"https:\/\/api.w.org\/{rel}","templated":true}]}}