{"id":129427,"date":"2025-05-26T14:13:08","date_gmt":"2025-05-26T14:13:08","guid":{"rendered":"https:\/\/www.europesays.com\/fr\/129427\/"},"modified":"2025-05-26T14:13:08","modified_gmt":"2025-05-26T14:13:08","slug":"lunion-europeenne-brandit-la-menace-damendes-pour-proteger-les-consommateurs","status":"publish","type":"post","link":"https:\/\/www.europesays.com\/fr\/129427\/","title":{"rendered":"l\u2019Union europ\u00e9enne brandit la menace d\u2019amendes pour prot\u00e9ger les consommateurs"},"content":{"rendered":"<p>Accus\u00e9e de fausses promotions, d\u2019all\u00e9gations trompeuses et de pratiques commerciales agressives, Shein a un mois pour r\u00e9pondre aux injonctions de Bruxelles. En cas d\u2019inaction, des sanctions financi\u00e8res pourraient \u00eatre engag\u00e9es par plusieurs \u00c9tats membres.<\/p>\n<p class=\"fig-paragraph\">Fausses r\u00e9ductions, informations trompeuses&#8230;\u00a0: l&rsquo;Union europ\u00e9enne a mis en cause lundi le vendeur en ligne\u00a0<a href=\"http:\/\/www.lefigaro.fr\/societes\/shein-temu-bruxelles-propose-des-frais-de-2-euros-sur-chaque-petit-colis-entrant-dans-l-ue-20250520\" target=\"_blank\" data-fig-type=\"NewsFlash\" rel=\"noopener\" data-gtm-custom-categorie=\"navigation\" data-gtm-custom-action=\"crossclick\" data-gtm-custom-label=\"Contextuel\" data-gtm-event=\"customEventSPE\" data-fig-domain=\"LEFIGARO\">Shein<\/a>, g\u00e9ant du pr\u00eat-\u00e0-porter tr\u00e8s bon march\u00e9, accus\u00e9 de pratiques contraires aux droits des consommateurs europ\u00e9ens et menac\u00e9 d&rsquo;amendes. La plateforme d&rsquo;origine chinoise dispose maintenant d&rsquo;un mois pour r\u00e9pondre aux inqui\u00e9tudes soulev\u00e9es par la Commission europ\u00e9enne et les autorit\u00e9s de protection des consommateurs belge, fran\u00e7aise, irlandaise et n\u00e9erlandaise.<\/p>\n<p class=\"fig-paragraph\">Si le g\u00e9ant de la \u00abfast fashion\u00bb \u00abne r\u00e9pond pas aux pr\u00e9occupations soulev\u00e9es, les autorit\u00e9s nationales peuvent prendre des mesures coercitives\u00bb, dont des amendes index\u00e9es sur le chiffre d&rsquo;affaires annuel de Shein dans les pays concern\u00e9s, indique la Commission. L&rsquo;Union europ\u00e9enne a lanc\u00e9 en f\u00e9vrier une enqu\u00eate sur cette plateforme en ligne, soup\u00e7onn\u00e9e de ne pas suffisamment lutter contre la vente de produits qui enfreignent les normes europ\u00e9ennes.<\/p>\n<p class=\"fig-paragraph\">Dans un communiqu\u00e9 lundi, la Commission d\u00e9nonce un \u00ablarge \u00e9ventail\u00bb d&rsquo;infractions potentielles, dont des \u00abfaux rabais\u00bb, des \u00abfaux d\u00e9lais\u00bb d&rsquo;achat pour pousser \u00e0 la consommation, des \u00ab\u00e9tiquettes de produits trompeuses\u00bb ou des \u00aball\u00e9gations trompeuses\u00bb en mati\u00e8re de durabilit\u00e9 des produits. L&rsquo;UE souligne aussi que \u00ables consommateurs ne peuvent pas facilement contacter Shein pour des questions ou des plaintes\u00bb.<\/p>\n<p class=\"fig-paragraph\">Contact\u00e9e, l&rsquo;entreprise n&rsquo;avait pas r\u00e9agi dans l&rsquo;imm\u00e9diat. Le 20 mai, l&rsquo;UE a en outre propos\u00e9 d&rsquo;imposer des frais de 2 euros sur chaque petit colis entrant en Europe et actuellement exempt\u00e9s de droits de douane, ce qui affecterait des plateformes asiatiques comme Shein et Temu.<\/p>\n","protected":false},"excerpt":{"rendered":"Accus\u00e9e de fausses promotions, d\u2019all\u00e9gations trompeuses et de pratiques commerciales agressives, Shein a un mois pour r\u00e9pondre aux&hellip;\n","protected":false},"author":2,"featured_media":129428,"comment_status":"","ping_status":"","sticky":false,"template":"","format":"standard","meta":{"footnotes":""},"categories":[1586],"tags":[11,7087,1117,2196,130,7064,1777,674,1779,638,1011,27,1116,342,639,12,2551,1118,25,137,1104,1778,364],"class_list":{"0":"post-129427","1":"post","2":"type-post","3":"status-publish","4":"format-standard","5":"has-post-thumbnail","7":"category-europe","8":"tag-actualites","9":"tag-amende","10":"tag-assurance","11":"tag-commission-europeenne","12":"tag-consommation","13":"tag-consommer","14":"tag-eu","15":"tag-europe","16":"tag-european-union","17":"tag-figaro","18":"tag-fr","19":"tag-france","20":"tag-immobilier","21":"tag-impots","22":"tag-le-figaro","23":"tag-news","24":"tag-patrimoine","25":"tag-placement","26":"tag-republique-francaise","27":"tag-retraite","28":"tag-shein","29":"tag-ue","30":"tag-union-europeenne"},"share_on_mastodon":{"url":"https:\/\/pubeurope.com\/@fr\/114574550913375608","error":""},"_links":{"self":[{"href":"https:\/\/www.europesays.com\/fr\/wp-json\/wp\/v2\/posts\/129427","targetHints":{"allow":["GET"]}}],"collection":[{"href":"https:\/\/www.europesays.com\/fr\/wp-json\/wp\/v2\/posts"}],"about":[{"href":"https:\/\/www.europesays.com\/fr\/wp-json\/wp\/v2\/types\/post"}],"author":[{"embeddable":true,"href":"https:\/\/www.europesays.com\/fr\/wp-json\/wp\/v2\/users\/2"}],"replies":[{"embeddable":true,"href":"https:\/\/www.europesays.com\/fr\/wp-json\/wp\/v2\/comments?post=129427"}],"version-history":[{"count":0,"href":"https:\/\/www.europesays.com\/fr\/wp-json\/wp\/v2\/posts\/129427\/revisions"}],"wp:featuredmedia":[{"embeddable":true,"href":"https:\/\/www.europesays.com\/fr\/wp-json\/wp\/v2\/media\/129428"}],"wp:attachment":[{"href":"https:\/\/www.europesays.com\/fr\/wp-json\/wp\/v2\/media?parent=129427"}],"wp:term":[{"taxonomy":"category","embeddable":true,"href":"https:\/\/www.europesays.com\/fr\/wp-json\/wp\/v2\/categories?post=129427"},{"taxonomy":"post_tag","embeddable":true,"href":"https:\/\/www.europesays.com\/fr\/wp-json\/wp\/v2\/tags?post=129427"}],"curies":[{"name":"wp","href":"https:\/\/api.w.org\/{rel}","templated":true}]}}