{"id":129440,"date":"2025-05-26T14:23:09","date_gmt":"2025-05-26T14:23:09","guid":{"rendered":"https:\/\/www.europesays.com\/fr\/129440\/"},"modified":"2025-05-26T14:23:09","modified_gmt":"2025-05-26T14:23:09","slug":"acosta-hausse-le-ton-face-au-niveau-de-ktm-je-ne-laccepte-pas","status":"publish","type":"post","link":"https:\/\/www.europesays.com\/fr\/129440\/","title":{"rendered":"Acosta hausse le ton face au niveau de KTM : \u00ab\u00a0Je ne l&rsquo;accepte pas\u00a0\u00bb"},"content":{"rendered":"<p>Le week-end de Silverstone semblait avoir bien d\u00e9but\u00e9 pour KTM, avec <a href=\"https:\/\/fr.motorsport.com\/motogp\/news\/ktm-obtient-fonds-survie-bajaj\/10725133\/\" target=\"_self\" rel=\"noopener\">l&rsquo;annonce d&rsquo;une ardoise r\u00e9gl\u00e9e par Bajaj<\/a> et d&rsquo;une situation financi\u00e8re enfin plus encourageante qu&rsquo;elle ne l&rsquo;a \u00e9t\u00e9 depuis six mois. Mais du c\u00f4t\u00e9 des r\u00e9sultats, ce septi\u00e8me Grand Prix de la saison a tourn\u00e9 au fiasco.<\/p>\n<p>Aucun des quatre pilotes de la marque n&rsquo;a particip\u00e9 \u00e0 la Q2, une premi\u00e8re cette ann\u00e9e, et il n&rsquo;y a finalement que <a href=\"https:\/\/fr.motorsport.com\/driver\/pedro-acosta\/840236\/\" target=\"_blank\" rel=\"noopener\">Pedro Acosta<\/a> qui a quelque peu sauv\u00e9 les meubles en prenant les points de la huiti\u00e8me place au sprint puis une sixi\u00e8me position plut\u00f4t louable dans la course principale, son deuxi\u00e8me meilleur r\u00e9sultat de la saison apr\u00e8s Le Mans. Pourtant, l&rsquo;Espagnol n&rsquo;avait pas de discours positif \u00e0 tenir. Au contraire, il a multipli\u00e9 les appels \u00e0 l&rsquo;aide \u00e0 l&rsquo;attention de KTM, insistant sur le fait qu&rsquo;il fallait une r\u00e9action, et vite.<\/p>\n<p>\u00ab\u00a0\u00c7a n&rsquo;a pas \u00e9t\u00e9 une course \u00e9trange, mais une course d\u00e9sesp\u00e9rante\u00a0\u00bb, a r\u00e9sum\u00e9 Acosta \u00e0 l&rsquo;arriv\u00e9e du Grand Prix. \u00ab\u00a0C&rsquo;est assez triste de voir qu&rsquo;on essaye d&rsquo;\u00eatre parfait dans les acc\u00e9l\u00e9rations, dans la mani\u00e8re de redresser la moto, de prendre de l&rsquo;angle, en \u00e9tant proche [des autres], et puis on perd tout \u00e0 l&rsquo;acc\u00e9l\u00e9ration pour une raison claire qui est qu&rsquo;on n&rsquo;a pas la quantit\u00e9 de grip qu&rsquo;ont les autres motos.\u00a0\u00bb<\/p>\n<p>Lire aussi :<\/p>\n<p>Samedi, apr\u00e8s ce qu&rsquo;il a estim\u00e9 \u00eatre \u00ab\u00a0une bonne remont\u00e9e\u00a0\u00bb de la 14e \u00e0 la huiti\u00e8me place du sprint, il observait d\u00e9j\u00e0\u00a0:\u00a0\u00ab\u00a0On ne pouvait rien faire de mieux. C&rsquo;est assez frustrant de ne m\u00eame pas avoir les outils pour jouer. C&rsquo;est assez difficile quand on ne peut m\u00eame pas se battre. OK, on pouvait se battre jusqu&rsquo;\u00e0 un certain stade mais c&rsquo;\u00e9tait ridicule.\u00a0\u00bb<\/p>\n<p>\u00ab\u00a0Pour moi, ce n&rsquo;est pas suffisant de partir 14e et de finir huiti\u00e8me, ce n&rsquo;est pas ce que je voulais, pas ce que je voulais pour ma carri\u00e8re, ce n&rsquo;est pas pour \u00e7a que je travaille. Je pense que tout le monde doit faire de gros progr\u00e8s. Vite, tr\u00e8s vite\u00a0\u00bb, pr\u00e9venait-il alors.<\/p>\n<p>Et vingt-quatre heures plus tard, l&rsquo;Espagnol \u00e9tait tout aussi incisif lorsqu&rsquo;il lui a \u00e9t\u00e9 demand\u00e9 dans quelle mesure il doit accepter la situation et se montrer patient. \u00ab\u00a0Je ne l&rsquo;accepte pas et je ne suis pas patient\u00a0\u00bb, a-t-il r\u00e9pondu. \u00ab\u00a0Les opportunit\u00e9s ne se pr\u00e9sentent qu&rsquo;une fois dans la vie. Et je ne vais pas employer toute ma vie pour \u00eatre champion dans ce championnat. J&rsquo;ai besoin d&rsquo;aide de la part de l&rsquo;usine, c&rsquo;est tout.\u00a0\u00bb<\/p>\n<p>   <img decoding=\"async\" draggable=\"false\" src=\"https:\/\/www.europesays.com\/fr\/wp-content\/uploads\/2025\/05\/1748269389_191_pedro-acosta-red-bull-ktm-fact.jpg\" alt=\"Pedro Acosta, Red Bull KTM Factory Racing\" width=\"1200\" height=\"800\" loading=\"lazy\"\/> <\/p>\n<p class=\"title\">Neuvi\u00e8me du championnat, Pedro Acosta n&rsquo;est pas du tout l\u00e0 o\u00f9 il le souhaite.<\/p>\n<p class=\"photographer\">Photo de : KTM Images<\/p>\n<p>\u00c0 seulement 21 ans et alors qu&rsquo;il dispute sa deuxi\u00e8me saison dans la cat\u00e9gorie, Pedro Acosta pourrait se rassurer face au long chemin qui s&rsquo;ouvre face \u00e0 lui. Au lieu de \u00e7a, il exprime une certaine angoisse \u00e0 l&rsquo;id\u00e9e de rester englu\u00e9 dans cette situation.<\/p>\n<p>\u00ab\u00a0On est jeune jusqu&rsquo;au moment o\u00f9 on ne l&rsquo;est plus\u00a0\u00bb, a-t-il ainsi fait remarquer dimanche, le jour m\u00eame de son anniversaire. \u00ab\u00a0Beaucoup de stars du championnat ont \u00e9merg\u00e9 tr\u00e8s vite et ont disparu tout aussi vite. Vous vous souvenez de Freddie Spencer\u00a0?\u00a0Il a gagn\u00e9 deux titres, ensuite il a eu quelque chose avec son bras et il n&rsquo;est jamais redevenu le m\u00eame.\u00a0\u00bb<\/p>\n<p>\u00ab\u00a0\u00c7a n&rsquo;est pas que moi\u00a0:\u00a0les quatre KTM \u00e9taient hors de la Q2 ce week-end et on a tous eu beaucoup de mal \u00e0 \u00eatre comp\u00e9titifs. On a besoin de l&rsquo;aide du constructeur, et l\u00e0 je parle des quatre pilotes, pas uniquement de moi.\u00a0\u00bb<\/p>\n<p>Acosta dit toujours croire dans le projet KTM<\/p>\n<p>Le nom de Pedro Acosta fait partie de ceux qui circulent le plus dans les coulisses des Grands Prix. Bien qu&rsquo;\u00e9tant sous contrat jusqu&rsquo;\u00e0 la fin de la saison prochaine, on parle de lui pour un hypoth\u00e9tique transfert chez VR46 afin de rebondir au guidon de la Ducati. Lui refuse d&rsquo;alimenter ces sp\u00e9culations, affirmant inlassablement qu&rsquo;il a un accord et que c&rsquo;est chez KTM qu&rsquo;une solution doit \u00eatre trouv\u00e9e.<\/p>\n<p>\u00ab\u00a0J&rsquo;ai encore une ann\u00e9e de contrat et je crois vraiment dans ce projet\u00a0\u00bb, assurait-il encore dimanche, \u00ab\u00a0mais je parle s\u00e9rieusement quand je dis que j&rsquo;ai besoin d&rsquo;aide. Je ne veux pas venir ici avec la KTM et simplement consommer du carburant. Je veux me battre.\u00a0\u00bb<\/p>\n<p>\u00ab\u00a0Aujourd&rsquo;hui, j&rsquo;ai plus ou moins r\u00e9ussi \u00e0 me battre jusqu&rsquo;au moment o\u00f9 j&rsquo;ai \u00e9t\u00e9 dans le groupe de Marc [M\u00e1rquez], Franco [Morbidelli], Jack [Miller] et \u00c1lex [M\u00e1rquez] et o\u00f9 je n&rsquo;ai plus \u00e9t\u00e9 en mesure de le faire. C&rsquo;est ce qui me fait bouillir, d&rsquo;\u00eatre si proche et de ne pas y arriver. Peu importe ce qu&rsquo;on fait, \u00e7a n&rsquo;arrive jamais.\u00a0\u00bb<\/p>\n<p>Lire aussi :<\/p>\n<p>Questionn\u00e9 sur les rumeurs, il a poursuivi\u00a0:\u00a0\u00ab\u00a0Je redis toujours la m\u00eame chose\u00a0:\u00a0je crois dans ce projet comme \u00e7a n&rsquo;est pas permis. Chez KTM ce sont des gagnants, ils ne sont pas juste l\u00e0 pour passer, comme beaucoup d&rsquo;autres constructeurs. Ils ont les capacit\u00e9s, ils ont tout, mais il faut qu&rsquo;on trouve quelque chose. J&rsquo;ai parl\u00e9 s\u00e9rieusement avec eux, je leur ai dit\u00a0:\u00a0&lsquo;Les gars, j&rsquo;ai besoin de quelque chose, juste pour \u00eatre comp\u00e9titif&rsquo;. Je ne parle pas de gagner le championnat cette ann\u00e9e ou l&rsquo;ann\u00e9e prochaine, mais de sentir que je me bats pour quelque chose.\u00a0\u00bb<\/p>\n<p>\u00ab\u00a0C&rsquo;est pour \u00e7a que j&rsquo;ai sign\u00e9 ce contrat, pour me battre pour le titre, c&rsquo;est clair, et ce quitte \u00e0 perdre apr\u00e8s m&rsquo;\u00eatre battu. Mais, l\u00e0, on ne se bat pas. J&rsquo;ai parl\u00e9 de ce probl\u00e8me depuis le premier jour du premier test que j&rsquo;ai fait sur la moto, en Malaisie, mais il est toujours l\u00e0. Le probl\u00e8me, c&rsquo;est qu&rsquo;il n&rsquo;y a rien de nouveau.\u00a0\u00bb<\/p>\n<p>\u00ab\u00a0Peut-\u00eatre que cette ann\u00e9e, les chronos sont plus \u00e9lev\u00e9s et plus proches, et c&rsquo;est encore pire pour nous. Peut-\u00eatre aussi que le fait qu&rsquo;il y ait plus de marques comp\u00e9titives, comme avec Zarco qui est revenu sur le podium et les Yamaha, est encore plus dur pour nous. \u00c7a laisse penser qu&rsquo;on n&rsquo;est pas aussi bons qu&rsquo;on le pensait et \u00e7a veut peut-\u00eatre dire qu&rsquo;il faut changer des choses. J&rsquo;ai entendu que Yamaha avait apport\u00e9 un nouveau ch\u00e2ssis ici et ils ont fait la pole et ont failli gagner la course\u00a0\u00bb, a conclu l&rsquo;Espagnol en laissant ses propos en suspens.<\/p>\n<p style=\"text-align: right;\">Avec Vincent Lalanne-Sicaud<\/p>\n<p><img decoding=\"async\" class=\"sizer\" draggable=\"false\" src=\"data:image\/png;base64,iVBORw0KGgoAAAANSUhEUgAAABAAAAAJCAYAAAA7KqwyAAAAGXRFWHRTb2Z0d2FyZQBBZG9iZSBJbWFnZVJlYWR5ccllPAAAABpJREFUeNpi\/P\/\/PwMlgImBQjBqwLAwACDAAOVfAw9\/ZDvcAAAAAElFTkSuQmCC\" alt=\"\" loading=\"lazy\"\/><\/p>\n<p class=\"title\">VID\u00c9O &#8211; R\u00c9SUM\u00c9 : Les meilleurs moments du GP de Grande-Bretagne<\/p>\n<p>Dans cet article<\/p>\n<p>    L\u00e9na Buffa\n<\/p>\n<p>    MotoGP\n<\/p>\n<p>    Pedro Acosta\n<\/p>\n<p>    Red Bull KTM Factory Racing\n<\/p>\n<p>Soyez le premier inform\u00e9 et souscrivez aux alertes mails pour recevoir les infos en temps r\u00e9el<\/p>\n<p>    S&rsquo;abonner aux alertes de news<\/p>\n","protected":false},"excerpt":{"rendered":"Le week-end de Silverstone semblait avoir bien d\u00e9but\u00e9 pour KTM, avec l&rsquo;annonce d&rsquo;une ardoise r\u00e9gl\u00e9e par Bajaj et&hellip;\n","protected":false},"author":2,"featured_media":129441,"comment_status":"","ping_status":"","sticky":false,"template":"","format":"standard","meta":{"footnotes":""},"categories":[1412],"tags":[1451,1452,1453,1454,1455,1011,27,23124,1458,3070,3068,23125,60],"class_list":{"0":"post-129440","1":"post","2":"type-post","3":"status-publish","4":"format-standard","5":"has-post-thumbnail","7":"category-f1","8":"tag-f1","9":"tag-formula-1","10":"tag-formula1","11":"tag-formule-1","12":"tag-formule1","13":"tag-fr","14":"tag-france","15":"tag-gp-de-grande-bretagne","16":"tag-motogp","17":"tag-pedro-acosta","18":"tag-red-bull-ktm-factory-racing","19":"tag-silverstone","20":"tag-sports"},"share_on_mastodon":{"url":"https:\/\/pubeurope.com\/@fr\/114574590242228064","error":""},"_links":{"self":[{"href":"https:\/\/www.europesays.com\/fr\/wp-json\/wp\/v2\/posts\/129440","targetHints":{"allow":["GET"]}}],"collection":[{"href":"https:\/\/www.europesays.com\/fr\/wp-json\/wp\/v2\/posts"}],"about":[{"href":"https:\/\/www.europesays.com\/fr\/wp-json\/wp\/v2\/types\/post"}],"author":[{"embeddable":true,"href":"https:\/\/www.europesays.com\/fr\/wp-json\/wp\/v2\/users\/2"}],"replies":[{"embeddable":true,"href":"https:\/\/www.europesays.com\/fr\/wp-json\/wp\/v2\/comments?post=129440"}],"version-history":[{"count":0,"href":"https:\/\/www.europesays.com\/fr\/wp-json\/wp\/v2\/posts\/129440\/revisions"}],"wp:featuredmedia":[{"embeddable":true,"href":"https:\/\/www.europesays.com\/fr\/wp-json\/wp\/v2\/media\/129441"}],"wp:attachment":[{"href":"https:\/\/www.europesays.com\/fr\/wp-json\/wp\/v2\/media?parent=129440"}],"wp:term":[{"taxonomy":"category","embeddable":true,"href":"https:\/\/www.europesays.com\/fr\/wp-json\/wp\/v2\/categories?post=129440"},{"taxonomy":"post_tag","embeddable":true,"href":"https:\/\/www.europesays.com\/fr\/wp-json\/wp\/v2\/tags?post=129440"}],"curies":[{"name":"wp","href":"https:\/\/api.w.org\/{rel}","templated":true}]}}