{"id":129493,"date":"2025-05-26T14:51:18","date_gmt":"2025-05-26T14:51:18","guid":{"rendered":"https:\/\/www.europesays.com\/fr\/129493\/"},"modified":"2025-05-26T14:51:18","modified_gmt":"2025-05-26T14:51:18","slug":"grenoble-la-nuit-fantastique-de-la-mc2","status":"publish","type":"post","link":"https:\/\/www.europesays.com\/fr\/129493\/","title":{"rendered":"Grenoble. La Nuit fantastique de la MC2"},"content":{"rendered":"<p>Le trompettiste Romain Leleu revisite le r\u00e9pertoire classique en sextet depuis pr\u00e8s de quinze ans, lui insufflant une couleur jazz d\u2019un grand raffinement et un son inimitable d\u00e9passant avec panache les barri\u00e8res de styles et d\u2019\u00e9poques, un son qu\u2019il a fait r\u00e9sonner tout autour de la plan\u00e8te. Ce nouveau programme Nuit fantastique  promet des ambiances envo\u00fbtantes.\u00a0Il rassemble des \u0153uvres inspir\u00e9es des 1\u00a0001 nuits , ponctu\u00e9es de quelques moments apaisants et romantiques, de Mozart \u00e0 Dizzy Gillespie, en passant par Schubert, Saint-Sa\u00ebns, Cole Porter ou encore Darius Milhaud.<\/p>\n<p class=\"note\">Dimanche 1er \u00a0juin \u00e0 11 heures \u00e0 la MC2 \u00e0 Grenoble. 5\/7 euros.<\/p>\n","protected":false},"excerpt":{"rendered":"Le trompettiste Romain Leleu revisite le r\u00e9pertoire classique en sextet depuis pr\u00e8s de quinze ans, lui insufflant une&hellip;\n","protected":false},"author":2,"featured_media":129494,"comment_status":"","ping_status":"","sticky":false,"template":"","format":"standard","meta":{"footnotes":""},"categories":[9566],"tags":[1111,11,2430,1687,112,1777,674,1011,27,2731,2732,108,12,25,3140],"class_list":{"0":"post-129493","1":"post","2":"type-post","3":"status-publish","4":"format-standard","5":"has-post-thumbnail","7":"category-grenoble","8":"tag-actu","9":"tag-actualites","10":"tag-auvergne-rhone-alpes","11":"tag-culture-loisirs","12":"tag-edition-grenoble-agglomeration","13":"tag-eu","14":"tag-europe","15":"tag-fr","16":"tag-france","17":"tag-grenoble","18":"tag-grenoble-bassin","19":"tag-isere","20":"tag-news","21":"tag-republique-francaise","22":"tag-spectacle"},"share_on_mastodon":{"url":"https:\/\/pubeurope.com\/@fr\/114574700259775461","error":""},"_links":{"self":[{"href":"https:\/\/www.europesays.com\/fr\/wp-json\/wp\/v2\/posts\/129493","targetHints":{"allow":["GET"]}}],"collection":[{"href":"https:\/\/www.europesays.com\/fr\/wp-json\/wp\/v2\/posts"}],"about":[{"href":"https:\/\/www.europesays.com\/fr\/wp-json\/wp\/v2\/types\/post"}],"author":[{"embeddable":true,"href":"https:\/\/www.europesays.com\/fr\/wp-json\/wp\/v2\/users\/2"}],"replies":[{"embeddable":true,"href":"https:\/\/www.europesays.com\/fr\/wp-json\/wp\/v2\/comments?post=129493"}],"version-history":[{"count":0,"href":"https:\/\/www.europesays.com\/fr\/wp-json\/wp\/v2\/posts\/129493\/revisions"}],"wp:featuredmedia":[{"embeddable":true,"href":"https:\/\/www.europesays.com\/fr\/wp-json\/wp\/v2\/media\/129494"}],"wp:attachment":[{"href":"https:\/\/www.europesays.com\/fr\/wp-json\/wp\/v2\/media?parent=129493"}],"wp:term":[{"taxonomy":"category","embeddable":true,"href":"https:\/\/www.europesays.com\/fr\/wp-json\/wp\/v2\/categories?post=129493"},{"taxonomy":"post_tag","embeddable":true,"href":"https:\/\/www.europesays.com\/fr\/wp-json\/wp\/v2\/tags?post=129493"}],"curies":[{"name":"wp","href":"https:\/\/api.w.org\/{rel}","templated":true}]}}