{"id":129516,"date":"2025-05-26T15:03:07","date_gmt":"2025-05-26T15:03:07","guid":{"rendered":"https:\/\/www.europesays.com\/fr\/129516\/"},"modified":"2025-05-26T15:03:07","modified_gmt":"2025-05-26T15:03:07","slug":"les-degats-dantesques-de-la-grele-et-des-orages-en-haute-garonne","status":"publish","type":"post","link":"https:\/\/www.europesays.com\/fr\/129516\/","title":{"rendered":"les d\u00e9g\u00e2ts dantesques de la gr\u00eale et des orages en Haute-Garonne"},"content":{"rendered":"<p>            Par<br \/>\n        <strong><br \/>\n            <a href=\"https:\/\/actu.fr\/auteur\/guillaume-laurens\" title=\"Consulter tous les articles de Guillaume Laurens\" rel=\"nofollow noopener\" target=\"_blank\">Guillaume Laurens<\/a><br \/>\n        <\/strong><\/p>\n<p>        Publi\u00e9 le<\/p>\n<p>            26 mai 2025 \u00e0 16h43        <\/p>\n<p>Les <a href=\"https:\/\/actu.fr\/occitanie\/toulouse_31555\/un-orage-supercellulaire-touche-le-sud-ouest-de-toulouse-des-grelons-de-6-a-7-centimetres_62656841.html\" rel=\"nofollow noopener\" target=\"_blank\">r\u00e9cents <strong>orages<\/strong> et <strong>violents \u00e9pisodes de gr\u00eale<\/strong> qui se sont abattus lundi 19\u00a0mai 2025<\/a> sur <strong>Toulouse<\/strong> et la <strong>Haute-Garonne<\/strong> ont des cons\u00e9quences terribles dans les exploitations du d\u00e9partement, o\u00f9 les <strong>cultures<\/strong> ont \u00e9t\u00e9 fortement <strong>endommag\u00e9es,<\/strong> et o\u00f9 les <strong>pertes de r\u00e9coltes<\/strong> sont tr\u00e8s importantes. Le point.<\/p>\n<p>Une r\u00e9union de crise \u00e0 la pr\u00e9fecture<\/p>\n<p class=\" wall-content\">\u00c0 la suite d\u2019une <strong>succession d\u2019\u00e9pisodes d\u2019intemp\u00e9ries<\/strong>, et en particulier des violents orages du 19\u00a0mai, les services de l\u2019\u00c9tat ont donc r\u00e9uni, jeudi 22\u00a0mai 2025 \u00e0 la pr\u00e9fecture, les repr\u00e9sentants du Conseil d\u00e9partemental, de la chambre d\u2019agriculture, des syndicats agricoles, de la MSA, mais aussi des banques et des compagnies d\u2019assurances et coop\u00e9ratives, \u00ab\u2009afin de <strong>faire le point sur les dommages<\/strong> subis par les agriculteurs et sur les dispositifs d\u2019accompagnement\u2009\u00bb.<\/p>\n<p>\u00ab\u2009Environ 200\u00a0communes touch\u00e9es\u2009\u00bb en Haute-Garonne<\/p>\n<p class=\" wall-content\">Au final, le bilan est \u00e9difiant\u2009: environ <strong>50\u2009000 hectares de cultures<\/strong> ont \u00e9t\u00e9 \u00ab\u2009partiellement, voire totalement <strong>d\u00e9truites\u2009\u00bb<\/strong> en Haute-Garonne, o\u00f9 <strong>pr\u00e8s de la moiti\u00e9 des communes<\/strong> (sachant qu\u2019il y en a 586, NDLR) ont \u00e9t\u00e9 touch\u00e9es par les intemp\u00e9ries successives, d\u00e9taille la pr\u00e9fecture.<\/p>\n<p class=\" wall-content\">\u00ab\u2009Environ <strong>200\u00a0communes<\/strong> ont \u00e9t\u00e9 touch\u00e9es par les deux principaux \u00e9pisodes climatiques recens\u00e9s ce mois-ci\u2009\u00bb, relate de son c\u00f4t\u00e9 la chambre d\u2019agriculture de la Haute-Garonne, qui s\u2019appuie sur les t\u00e9moignages de<strong> \u00ab\u2009500 agriculteurs\u2009\u00bb<\/strong> du d\u00e9partement.<\/p>\n<p>Vid\u00e9os : en ce moment sur ActuCalamit\u00e9s agricoles et indemnit\u00e9 de solidarit\u00e9 nationale<\/p>\n<p class=\" wall-content\">Pour accompagner les agriculteurs en difficult\u00e9, plusieurs <strong>mesures de soutien<\/strong> ont \u00e9t\u00e9 act\u00e9es. Comme le d\u00e9taille la pr\u00e9fecture, \u00ab\u2009les al\u00e9as conduisant \u00e0 des pertes exceptionnelles de r\u00e9coltes d\u00e9clenchent une intervention de l\u2019\u00c9tat, via <strong>l\u2019indemnit\u00e9 de solidarit\u00e9 nationale<\/strong>, y compris pour les agriculteurs non-assur\u00e9s\u2009\u00bb.<\/p>\n<blockquote class=\"ac-article-quote wall-content\">\n<p>Les pertes de fonds (fourrage d\u00e9j\u00e0 r\u00e9colt\u00e9 enrubann\u00e9 ou ensil\u00e9, curage de foss\u00e9s, etc) peuvent, par ailleurs, \u00eatre indemnis\u00e9es par le dispositif des calamit\u00e9s agricoles.<\/p>\n<p>    <strong>La pr\u00e9fecture de la Haute-Garonne<\/strong>\n            <\/p><\/blockquote>\n<p>Un comit\u00e9 d\u00e9partemental d\u2019expertise se r\u00e9unit mardi<\/p>\n<p class=\" wall-content\">Toujours selon la pr\u00e9fecture, \u00ab\u2009les services de l\u2019\u00c9tat, en lien avec la chambre d\u2019agriculture, travaillent \u00e0 la constitution du dossier permettant la <strong>reconnaissance de ces situations<\/strong> pour l\u2019ensemble des communes touch\u00e9es en Haute-Garonne\u2009\u00bb.<\/p>\n<p class=\" wall-content\">Tr\u00e8s concr\u00e8tement, <strong>\u00ab\u2009un comit\u00e9 d\u00e9partemental d\u2019expertise<\/strong> se r\u00e9unira ce mardi 27\u00a0mai, afin d\u2019adresser ses demandes au Comit\u00e9 national de gestion des risques agricoles (CNGRA) et \u00e0 la Commission charg\u00e9e de l\u2019orientation et du d\u00e9veloppement des assurances garantissant les dommages caus\u00e9s aux r\u00e9coltes (CODAR), qui se r\u00e9uniront d\u00e9but juillet\u2009\u00bb.<\/p>\n<p class=\" wall-content\">Cela permettra d\u2019examiner les <strong>demandes individuelles<\/strong> des agriculteurs, victimes de pertes de fonds ou de r\u00e9coltes, qui doivent \u00eatre obligatoirement <strong>adress\u00e9es \u00e0 la DDT<\/strong>. Afin de s\u2019assurer de leur \u00e9ligibilit\u00e9,<strong> \u00ab\u2009un zonage sera \u00e9tabli<\/strong> sur la base de rapports M\u00e9t\u00e9o-France et des rapports d\u2019enqu\u00eates sur le terrain, r\u00e9alis\u00e9s par la DDT en partenariat avec la chambre d\u2019agriculture pour faciliter les demandes formul\u00e9es\u2009\u00bb.<\/p>\n<p class=\" wall-content\">Un formulaire, en cours d\u2019\u00e9laboration, sera transmis aux organismes de services et aux agriculteurs des zones impact\u00e9es. \u00ab\u2009La <strong>conservation de tout \u00e9l\u00e9ment<\/strong> (photos de parcelles, relev\u00e9s m\u00e9t\u00e9os, facture d\u2019intrants ou de prestation) est fortement recommand\u00e9e pour l\u2019ensemble des agriculteurs impact\u00e9s\u2009\u00bb, pr\u00e9vient la pr\u00e9fecture.<\/p>\n<p>Peut-on intervenir sur les foss\u00e9s et cours d\u2019eau\u2009?<\/p>\n<p class=\" wall-content\">\u00c0 la suite des fortes intemp\u00e9ries, \u00ab\u2009des interventions peuvent appara\u00eetre n\u00e9cessaires sur les <strong>foss\u00e9s<\/strong> et <strong>cours d\u2019eau\u2009\u00bb,<\/strong> observe la pr\u00e9fecture, qui rappelle que \u00ab\u2009la r\u00e9glementation diff\u00e8re fortement selon qu\u2019il s\u2019agit ou non d\u2019un cours d\u2019eau\u2009\u00bb. Un document <a href=\"https:\/\/www.hautegaronne.gouv.fr\/contenu\/telechargement\/33562\/220234\/file\/guideEntretienCoursDEau_Haute-Garonne.pdf\" rel=\"nofollow noopener\" target=\"_blank\">consultable ici<\/a>\u00a0pr\u00e9cise les r\u00e8gles d\u2019entretien pour les <strong>cours d\u2019eau<\/strong>.<\/p>\n<p class=\" wall-content\">Concernant les <strong>foss\u00e9s priv\u00e9s<\/strong>, leur entretien (curage, enl\u00e8vement d\u2019emb\u00e2cles) n\u2019est soumis \u00e0 <strong>aucune r\u00e9glementation<\/strong>, \u00e0 la seule condition de \u00ab\u2009ne pas aggraver les conditions d\u2019\u00e9coulement sur les parcelles des fonds inf\u00e9rieurs\u2009\u00bb. Pour les <strong>foss\u00e9s communaux<\/strong>, les agriculteurs sont invit\u00e9s \u00e0 se tourner directement vers <strong>les mairies<\/strong>.<\/p>\n<p class=\" wall-content\">Une cartographie distinguant cours d\u2019eau et foss\u00e9s est <a href=\"https:\/\/www.haute-garonne.gouv.fr\/Actions-de-l-Etat\/Environnement-eau-biodiversite-etforet\/Eau\/Cartographie-et-entretien-des-cours-d-eau\/La-cartographie-des-cours-d-eau-de-laHaute-Garonne2\" rel=\"nofollow noopener\" target=\"_blank\">consultable en cliquant ici<\/a>. En cas de souhait d\u2019intervention urgente sur un cours d\u2019eau, ou lors d\u2019un doute sur le statut de l\u2019\u00e9coulement, les agriculteurs sont invit\u00e9s, avant toute intervention, \u00e0 <strong>contacter la DDT<\/strong>, en charge de la police de l\u2019eau, <a href=\"http:\/\/actu.fr\/cdn-cgi\/l\/email-protection#acc8c8d881dfc9c9caecc4cdd9d8c981cbcddec3c2c2c982cbc3d9da82cade\" rel=\"nofollow noopener\" target=\"_blank\">par mail en cliquant ici.<\/a><\/p>\n<p><strong>Besoin d\u2019aide\u2009? Les dispositifs d\u2019accompagnement de la MSA et de la chambre d\u2019agriculture<\/strong><br \/>\nLa <strong>MSA Midi-Pyr\u00e9n\u00e9es Sud<\/strong> met \u00e0 disposition un point de contact unique d\u00e9di\u00e9 aux agriculteurs ou salari\u00e9s en situation de crise, en particulier \u00e0 la suite d\u2019un \u00e9v\u00e8nement climatique, afin d\u2019\u00e9voquer les dispositifs existants notamment en mati\u00e8re de cotisations, au 05\u200961\u200965\u200988\u200901 ou <a href=\"http:\/\/actu.fr\/cdn-cgi\/l\/email-protection#a7c4c2cbcbd2cbc2c3c2c4d5ced4c2f8c6c0d5ce89c5cbc1e7cad7d489cad4c689c1d5\" rel=\"nofollow noopener\" target=\"_blank\">par mail ici.<\/a><br \/>\nLa <strong>chambre d\u2019agriculture<\/strong> propose \u00e9galement un accompagnement appel\u00e9<strong> \u00ab\u2009R\u00e9agir\u2009\u00bb, <\/strong>dont l\u2019objectif est de trouver des solutions aux probl\u00e8mes rencontr\u00e9s par l\u2019agriculteur concern\u00e9, au\u00a005\u200961\u200910\u200943\u200900 ou <a href=\"http:\/\/actu.fr\/cdn-cgi\/l\/email-protection#c9bbaca8aea0bbfaf889a1a8bcbdacaea8bba6a7a7ace7aaa1a8a4aba8aebba0e7afbb\" rel=\"nofollow noopener\" target=\"_blank\">par mail ici.<\/a><br \/>\nEn cas de d\u00e9tresse, <strong>\u00ab\u2009Agri\u2019Ecoute\u2009\u00bb,<\/strong> un <strong>service d\u2019\u00e9coute<\/strong> d\u00e9di\u00e9 au monde agricole assur\u00e9 par des psychologues \u00e0 l\u2019initiative de la MSA, est aussi disponible 24H\/24 et 7J\/7, au 09\u200969\u200939\u200929\u200919.<\/p>\n<p class=\" wall-content\">Suivez toute l\u2019actualit\u00e9 de vos villes et m\u00e9dias favoris en vous inscrivant \u00e0 <a href=\"https:\/\/moncompte.actu.fr\" title=\"D\u00e9couvez Mon Actu\" rel=\"nofollow noopener\" data-trk=\"{&quot;cta&quot;:{&quot;action&quot;:&quot;https:\\\/\\\/moncompte.actu.fr&quot;,&quot;category&quot;:&quot;mon compte&quot;,&quot;from&quot;:&quot;article footer&quot;,&quot;name&quot;:&quot;Mon actu&quot;,&quot;type&quot;:&quot;cta&quot;}}\" target=\"_blank\">Mon Actu<\/a>.<\/p>\n","protected":false},"excerpt":{"rendered":"Par Guillaume Laurens Publi\u00e9 le 26 mai 2025 \u00e0 16h43 Les r\u00e9cents orages et violents \u00e9pisodes de gr\u00eale&hellip;\n","protected":false},"author":2,"featured_media":129517,"comment_status":"","ping_status":"","sticky":false,"template":"","format":"standard","meta":{"footnotes":""},"categories":[2816],"tags":[1111,11,327,1777,674,1011,27,12,2680,4594,25,104,2312],"class_list":{"0":"post-129516","1":"post","2":"type-post","3":"status-publish","4":"format-standard","5":"has-post-thumbnail","7":"category-toulouse","8":"tag-actu","9":"tag-actualites","10":"tag-agriculture","11":"tag-eu","12":"tag-europe","13":"tag-fr","14":"tag-france","15":"tag-news","16":"tag-occitanie","17":"tag-orages","18":"tag-republique-francaise","19":"tag-societe","20":"tag-toulouse"},"share_on_mastodon":{"url":"https:\/\/pubeurope.com\/@fr\/114574747487355213","error":""},"_links":{"self":[{"href":"https:\/\/www.europesays.com\/fr\/wp-json\/wp\/v2\/posts\/129516","targetHints":{"allow":["GET"]}}],"collection":[{"href":"https:\/\/www.europesays.com\/fr\/wp-json\/wp\/v2\/posts"}],"about":[{"href":"https:\/\/www.europesays.com\/fr\/wp-json\/wp\/v2\/types\/post"}],"author":[{"embeddable":true,"href":"https:\/\/www.europesays.com\/fr\/wp-json\/wp\/v2\/users\/2"}],"replies":[{"embeddable":true,"href":"https:\/\/www.europesays.com\/fr\/wp-json\/wp\/v2\/comments?post=129516"}],"version-history":[{"count":0,"href":"https:\/\/www.europesays.com\/fr\/wp-json\/wp\/v2\/posts\/129516\/revisions"}],"wp:featuredmedia":[{"embeddable":true,"href":"https:\/\/www.europesays.com\/fr\/wp-json\/wp\/v2\/media\/129517"}],"wp:attachment":[{"href":"https:\/\/www.europesays.com\/fr\/wp-json\/wp\/v2\/media?parent=129516"}],"wp:term":[{"taxonomy":"category","embeddable":true,"href":"https:\/\/www.europesays.com\/fr\/wp-json\/wp\/v2\/categories?post=129516"},{"taxonomy":"post_tag","embeddable":true,"href":"https:\/\/www.europesays.com\/fr\/wp-json\/wp\/v2\/tags?post=129516"}],"curies":[{"name":"wp","href":"https:\/\/api.w.org\/{rel}","templated":true}]}}