{"id":129526,"date":"2025-05-26T15:08:10","date_gmt":"2025-05-26T15:08:10","guid":{"rendered":"https:\/\/www.europesays.com\/fr\/129526\/"},"modified":"2025-05-26T15:08:10","modified_gmt":"2025-05-26T15:08:10","slug":"on-a-tout-vendu-a-marseille-le-maillot-de-linter-milan-sarrache-avant-la-finale-contre-le-psg","status":"publish","type":"post","link":"https:\/\/www.europesays.com\/fr\/129526\/","title":{"rendered":"\u00ab\u00a0On a tout vendu\u00a0\u00bb : \u00e0 Marseille, le maillot de l&rsquo;Inter Milan s&rsquo;arrache avant la finale contre le PSG"},"content":{"rendered":"<p>Alors que la finale de la Ligue des champions, samedi 31 mai, approche \u00e0 grand pas, Marseille se prend de passion pour l&rsquo;Inter Milan, futur adversaire du rival parisien.Les supporters de l&rsquo;OM, qui redoutent de voir le PSG soulever la Coupe d&rsquo;Europe, se ruent dans les boutiques de sport pour d\u00e9goter un maillot int\u00e9riste.Prises d&rsquo;assaut, certaines enseignes de la cit\u00e9 phoc\u00e9enne affichent des ruptures de stock.<a href=\"https:\/\/www.tf1info.fr\/actualite\/football-ligue-des-champions-2024-2025-une-nouvelle-ere-s-ouvre-psg-lille-monaco-brest-real-madrid-machester-city-13795\/\" rel=\"noopener\" class=\"jsx-3118104007 Link jsx-1428418400 jsx-2089987738\" target=\"_blank\"><\/p>\n<p style=\"font-weight:400\" class=\"jsx-1837267516\">Suivez la couverture compl\u00e8te<\/p>\n<p style=\"font-weight:800\" class=\"jsx-1837267516\">Ligue des champions 2024-2025 : le PSG en finale<\/p>\n<p><\/a><\/p>\n<p data-module=\"article-paragraph\" class=\"jsx-362436225 Paragraph\">Ne comptez pas sur eux pour faire l&rsquo;union sacr\u00e9e derri\u00e8re le PSG. <a href=\"https:\/\/www.tf1info.fr\/sport\/football-finale-psg-inter-milan-ousmane-dembele-appelle-la-france-a-supporter-paris-en-ligue-des-champions-2372259.html\" target=\"_blank\" rel=\"noopener\">N&rsquo;en d\u00e9plaise \u00e0 Ousmane Demb\u00e9l\u00e9<\/a>. \u00c0 Marseille et ses environs, les fans de l&rsquo;OM vont soutenir l&rsquo;Inter Milan face \u00e0 l&rsquo;ennemi jur\u00e9, samedi 31 mai (\u00e0 21h, <a href=\"https:\/\/www.tf1info.fr\/sport\/football-psg-inter-milan-ligue-des-champions-ou-et-quand-se-jouera-la-finale-2369509.html\" target=\"_blank\" rel=\"noopener\">en live comment\u00e9 sur TF1info<\/a>), en finale de la Ligue des champions. Supporters du Bayern Munich lors de <a href=\"https:\/\/www.tf1info.fr\/sport\/video-ligue-des-champions-a-marseille-les-fans-de-l-om-fetent-la-defaite-du-psg-face-au-bayern-2162512.html\" target=\"_blank\" rel=\"noopener\">la pr\u00e9c\u00e9dente finale perdue en 2020<\/a> par le club de la capitale, tous leurs espoirs vont reposer sur les Nerazzurri pour emp\u00eacher le rival parisien de soulever de \u00ab\u00a0la Coupe aux grandes oreilles\u00a0\u00bb.<\/p>\n<p data-module=\"article-paragraph\" class=\"jsx-362436225 Paragraph Paragraph__End\">32 ans, quasiment jour pour jour, apr\u00e8s <a href=\"https:\/\/www.tf1info.fr\/sport\/video-football-champions-league-il-y-a-tout-juste-30-ans-marseille-remportait-la-ligue-des-champions-c-etait-la-folie-2258354.html\" target=\"_blank\" rel=\"noopener\">le coup de t\u00eate h\u00e9ro\u00efque de Basile Boli<\/a>, qui les a port\u00e9s sur le toit de l&rsquo;Europe, les supporters olympiens craignent des lendemains o\u00f9 ils ne pourront plus lancer \u00ab\u00a0\u00e0 jamais les seuls\u00a0\u00bb. Comme souvent avec tout ce qui touche \u00e0 l&rsquo;OM, face \u00e0 ce risque plus tangible que jamais, la d\u00e9raison l&#8217;emporte. Ils ne reculent devant rien pour vivre leur rivalit\u00e9 par procuration. M\u00eame \u00e0 d\u00e9penser une centaine d&rsquo;euros pour rev\u00eatir les couleurs d&rsquo;une \u00e9quipe qui n&rsquo;est pas la leur.<\/p>\n<blockquote class=\"jsx-2786790838 Quote__Text\"><p>La demande est forte \u00e0 Marseille, c&rsquo;est quotidien<\/p><\/blockquote>\n<p>Enzo Poletti, responsable du rayon football \u00e0 l&rsquo;Intersport Marseille Grand Littoral<\/p>\n<p data-module=\"article-paragraph\" class=\"jsx-362436225 Paragraph\">R\u00e9sultat : les maillots de l&rsquo;Inter Milan s&rsquo;arrachent comme des petits pains dans les magasins de sport de la cit\u00e9 phoc\u00e9enne. Certaines enseignes n&rsquo;ont plus en stock pour la tunique nerazzurra. \u00ab\u00a0On est en rupture\u00a0\u00bb, confie \u00e0 TF1info Patrick Dinocera, directeur du Sport 2000 Marseille La Valentine, qui pr\u00e9voit un r\u00e9assort dans les heures \u00e0 venir. \u00ab\u00a0Au d\u00e9but, les supporters pensaient que ce serait le Bar\u00e7a contre le PSG en finale. J&rsquo;en ai vendu terriblement pendant les demi-finales. Mais l&rsquo;Inter est pass\u00e9 et on a vendu tout ce qu&rsquo;on avait. On a beaucoup de demandes. En mettant de nouveaux produits demain, je risque de ne plus rien avoir d&rsquo;ici la finale samedi.\u00a0\u00bb<\/p>\n<p data-module=\"article-paragraph\" class=\"jsx-362436225 Paragraph Paragraph__End\">\u00ab\u00a0L&rsquo;Inter Milan, ce n&rsquo;est pas un club qu&rsquo;on nous demande souvent. Mais, en ce moment, la demande est forte \u00e0 Marseille\u00a0\u00bb, nous confirme Enzo Poletti, responsable du rayon football \u00e0 l&rsquo;Intersport Marseille Grand Littoral. \u00ab\u00a0C&rsquo;est quotidien, pas toute la journ\u00e9e, mais deux \u00e0 trois par jour.\u00a0\u00bb<\/p>\n<blockquote class=\"jsx-2786790838 Quote__Text\"><p>Les supporters de l&rsquo;OM refusent de voir le PSG gagner la Ligue des champions<\/p><\/blockquote>\n<p>Patrick Dinocera, directeur du Sport 2000 Marseille La Valentine<\/p>\n<p data-module=\"article-paragraph\" class=\"jsx-362436225 Paragraph\">Semblable \u00e0 celui d\u00e9j\u00e0 vu en 2020 pour le Bayern Munich, l&rsquo;engouement du peuple marseillais pour l&rsquo;Inter a une explication on ne peut plus simple : il s&rsquo;agit de la derni\u00e8re \u00e9quipe \u00e0 pouvoir briser le r\u00eave parisien de Coupe d&rsquo;Europe.\u00a0\u00ab\u00a0C&rsquo;est particulier. On sent vraiment que c&rsquo;est peut-\u00eatre l&rsquo;ann\u00e9e o\u00f9 Paris va aller la chercher. Les supporters de l&rsquo;OM refusent cette id\u00e9e, ils refusent de voir le PSG gagner la Ligue des champions\u00a0\u00bb, souligne Patrick Dinocera.<\/p>\n<p data-module=\"article-paragraph\" class=\"jsx-362436225 Paragraph Paragraph__End\">D&rsquo;o\u00f9 la passion excessive, encourag\u00e9e par <a href=\"https:\/\/www.instagram.com\/Fhenni_mohamed_off\" target=\"_blank\" rel=\"noopener\">l&rsquo;influenceur Mohamed Henni (nouvelle fen\u00eatre)<\/a>, que voue le tout Marseille au club italien. Alors qu&rsquo;il a habituellement une douzaine d&rsquo;exemplaires en boutique, deux \u00e0 la taille, le directeur du Sport 2000 en d\u00e9j\u00e0 vendu plus du double apr\u00e8s avoir fait rapatrier du stock. \u00ab\u00a0Ils me disent qu&rsquo;ils ne vont pas regarder le match, ils veulent juste le maillot pour le mettre avant la finale.\u00a0\u00bb<\/p>\n<ul class=\"jsx-3657663356 ReadMoreArticle__List flex flex-column\">\n<li class=\"jsx-3657663356\"><a href=\"https:\/\/www.tf1info.fr\/sport\/football-finale-psg-inter-milan-boli-zidane-deschamps-marseillais-mais-supporters-de-paris-pour-la-ligue-des-champions-2373068.html\" rel=\"noopener\" class=\"jsx-4233824444 Link flex\" target=\"_blank\"><img decoding=\"async\" src=\"https:\/\/www.europesays.com\/fr\/wp-content\/uploads\/2025\/05\/basile-boli-velodrome-om-mai-2023-87b72d-1@1x.jpeg\" alt=\"Un tifo \u00e0 l'effigie de Basile Boli, h\u00e9ros de la finale de la Ligue des champions 1993, le 27 mai 2023, au V\u00e9lodrome.\" loading=\"lazy\" importance=\"low\" fetchpriority=\"low\" class=\"\"\/>\n<p class=\"jsx-3657663356 ReadMoreArticle__Title\">Lire aussi<\/p>\n<p class=\"jsx-3657663356\">PSG-Inter Milan : Boli, Zidane, Deschamps&#8230; Marseillais mais \u00ab\u00a0supporters\u00a0\u00bb de Paris en finale<\/p>\n<p><\/a><\/li>\n<\/ul>\n<p data-module=\"article-paragraph\" class=\"jsx-362436225 Paragraph Paragraph__End\">Si l&rsquo;Inter remporte haut la main cette finale des maillots vendus, le PSG a aussi ses supporters. \u00c0 Marseille, depuis quelques saisons, les couleurs parisiennes se font de plus en plus voir, comme le constatait \u00c9ric Di Meco, vainqueur de la Ligue des champions avec l&rsquo;OM en 1993. \u00ab\u00a0On nous demande le maillot de l&rsquo;Inter, mais depuis qu&rsquo;on conna\u00eet les finalistes on nous r\u00e9clame aussi le maillot du PSG. Le maillot third Jordan est beaucoup demand\u00e9\u00a0\u00bb, reconna\u00eet le responsable du rayon football chez Intersport. \u00ab\u00a0\u00c7a ne me fait pas plaisir, \u00e7a me fait m\u00eame mal au c\u0153ur en tant que supporter marseillais.\u00a0\u00bb<\/p>\n<p>Yohan ROBLIN<\/p>\n<p><script async src=\"\/\/www.instagram.com\/embed.js\"><\/script><\/p>\n","protected":false},"excerpt":{"rendered":"Alors que la finale de la Ligue des champions, samedi 31 mai, approche \u00e0 grand pas, Marseille se&hellip;\n","protected":false},"author":2,"featured_media":129527,"comment_status":"","ping_status":"","sticky":false,"template":"","format":"standard","meta":{"footnotes":""},"categories":[2814],"tags":[1111,11,1921,1777,674,63,1011,27,1922,447,24553,23733,884,12,1176,882,93,25,133,4712],"class_list":{"0":"post-129526","1":"post","2":"type-post","3":"status-publish","4":"format-standard","5":"has-post-thumbnail","7":"category-marseille","8":"tag-actu","9":"tag-actualites","10":"tag-article-video","11":"tag-eu","12":"tag-europe","13":"tag-football","14":"tag-fr","15":"tag-france","16":"tag-info","17":"tag-ligue-des-champions","18":"tag-ligue-des-champions-2024-2025-le-psg-en-finale","19":"tag-ligue-des-nations","20":"tag-marseille","21":"tag-news","22":"tag-olympique-de-marseille","23":"tag-provence-alpes-cote-dazur","24":"tag-psg","25":"tag-republique-francaise","26":"tag-video","27":"tag-video-sports"},"share_on_mastodon":{"url":"https:\/\/pubeurope.com\/@fr\/114574767401426817","error":""},"_links":{"self":[{"href":"https:\/\/www.europesays.com\/fr\/wp-json\/wp\/v2\/posts\/129526","targetHints":{"allow":["GET"]}}],"collection":[{"href":"https:\/\/www.europesays.com\/fr\/wp-json\/wp\/v2\/posts"}],"about":[{"href":"https:\/\/www.europesays.com\/fr\/wp-json\/wp\/v2\/types\/post"}],"author":[{"embeddable":true,"href":"https:\/\/www.europesays.com\/fr\/wp-json\/wp\/v2\/users\/2"}],"replies":[{"embeddable":true,"href":"https:\/\/www.europesays.com\/fr\/wp-json\/wp\/v2\/comments?post=129526"}],"version-history":[{"count":0,"href":"https:\/\/www.europesays.com\/fr\/wp-json\/wp\/v2\/posts\/129526\/revisions"}],"wp:featuredmedia":[{"embeddable":true,"href":"https:\/\/www.europesays.com\/fr\/wp-json\/wp\/v2\/media\/129527"}],"wp:attachment":[{"href":"https:\/\/www.europesays.com\/fr\/wp-json\/wp\/v2\/media?parent=129526"}],"wp:term":[{"taxonomy":"category","embeddable":true,"href":"https:\/\/www.europesays.com\/fr\/wp-json\/wp\/v2\/categories?post=129526"},{"taxonomy":"post_tag","embeddable":true,"href":"https:\/\/www.europesays.com\/fr\/wp-json\/wp\/v2\/tags?post=129526"}],"curies":[{"name":"wp","href":"https:\/\/api.w.org\/{rel}","templated":true}]}}