{"id":129530,"date":"2025-05-26T15:10:13","date_gmt":"2025-05-26T15:10:13","guid":{"rendered":"https:\/\/www.europesays.com\/fr\/129530\/"},"modified":"2025-05-26T15:10:13","modified_gmt":"2025-05-26T15:10:13","slug":"lyon-subvention-exceptionnelle-de-30-000-euros-pour-my-presquile","status":"publish","type":"post","link":"https:\/\/www.europesays.com\/fr\/129530\/","title":{"rendered":"Lyon : subvention exceptionnelle de 30 000 euros pour My Presqu&rsquo;\u00eele"},"content":{"rendered":"<p><img loading=\"lazy\" decoding=\"async\" alt=\"\u00a9 S\u00e9verine Renard - La subvention exceptionnelle vient en accompagnement des commer\u00e7ants lyonnais autour de certaines nuisances pendant la mise en place de la zone \u00e0 trafic limit\u00e9.\" data-zoom-src=\"https:\/\/www.europesays.com\/fr\/wp-content\/uploads\/2025\/05\/initial-commerces-lyon-zone-a-trafic-limite-credit-severine-renard.jpg\" data-zoomable=\"\" height=\"702\" src=\"https:\/\/www.europesays.com\/fr\/wp-content\/uploads\/2025\/05\/initial-commerces-lyon-zone-a-trafic-limite-credit-severine-renard.jpg\" width=\"1248\"\/>  <\/p>\n<p class=\"article-desc\">\u00a9 S\u00e9verine Renard &#8211; La subvention exceptionnelle vient en accompagnement des commer\u00e7ants lyonnais autour de certaines nuisances pendant la mise en place de la zone \u00e0 trafic limit\u00e9. <\/p>\n<p dir=\"auto\">Lors de sa commission permanente tenue ce lundi 26 mai, la <strong>M\u00e9tropole de Lyon<\/strong> a annonc\u00e9 l&rsquo;octroi d&rsquo;une <strong>subvention exceptionnelle<\/strong> de 30 000 euros \u00e0 l&rsquo;association de commer\u00e7ants <strong>My Presqu&rsquo;\u00eele<\/strong>. <\/p>\n<p>\u00ab\u00a0Accompagner les commer\u00e7ants durant les transformations actuelles et futures de la Presqu&rsquo;\u00eele\u00a0\u00bb <\/p>\n<p dir=\"auto\">Cette <strong>aide financi\u00e8re<\/strong> vise \u00e0 \u00ab\u00a0soutenir les commer\u00e7ants de la presqu&rsquo;\u00eele lyonnaise, explique la M\u00e9tropole de Lyon dans un communiqu\u00e9. Dans un contexte \u00e9conomique marqu\u00e9 par l&rsquo;inflation, la hausse des co\u00fbts de l&rsquo;\u00e9nergie et des mati\u00e8res premi\u00e8res, ainsi que par l&rsquo;\u00e9volution des habitudes de consommation.\u00a0\u00bb <\/p>\n<p dir=\"auto\">My Presqu&rsquo;\u00eele, qui f\u00e9d\u00e8re divers acteurs publics et priv\u00e9s, joue un r\u00f4le cl\u00e9 dans le <strong>management de centre-ville<\/strong> de la Presqu&rsquo;\u00eele. <\/p>\n<p dir=\"auto\">L&rsquo;association, qui comprend parmi ses membres la M\u00e9tropole et la Ville de Lyon, les chambres consulaires, des associations de commer\u00e7ants, ainsi que des acteurs de l&rsquo;immobilier commercial, a pour mission de promouvoir et valoriser l&rsquo;attractivit\u00e9 du centre-ville. <\/p>\n<blockquote>\n<p>\u00ab\u00a0En compl\u00e9ment de son aide annuelle de 20 000 euros, la M\u00e9tropole de Lyon a d\u00e9cid\u00e9 d&rsquo;accorder cette subvention suppl\u00e9mentaire pour permettre \u00e0 My Presqu&rsquo;\u00eele de mettre en \u0153uvre un plan d&rsquo;actions sp\u00e9cifique, pr\u00e9cise la M\u00e9tropole. Ce plan vise \u00e0 accompagner les commer\u00e7ants durant les transformations actuelles et futures de la Presqu&rsquo;\u00eele, notamment avec la mise en place d&rsquo;une zone \u00e0 trafic limit\u00e9 pr\u00e9vue pour juin 2025.\u00a0\u00bb <\/p>\n<\/blockquote>\n<p>  Un plan d&rsquo;actions pour l&rsquo;association de commer\u00e7ants My Presqu&rsquo;\u00cele <\/p>\n<p dir=\"auto\">Le plan d&rsquo;actions port\u00e9e par l&rsquo;association lyonnaise My Presqu&rsquo;\u00eele comprend plusieurs initiatives : <\/p>\n<ul style=\"list-style-type:disc\">\n<li><strong>\u00c9v\u00e9nements de rue<\/strong> : d\u00e8s cet \u00e9t\u00e9, des \u00e9v\u00e9nements seront organis\u00e9s pour cr\u00e9er des ambiances sp\u00e9cifiques et mettre en valeur les nouveaux espaces publics, renfor\u00e7ant ainsi l&rsquo;attractivit\u00e9 de la Presqu&rsquo;\u00eele. <\/li>\n<li><strong>Communication attractive<\/strong> : une campagne de communication sera lanc\u00e9e pour promouvoir la Presqu&rsquo;\u00eele, son accessibilit\u00e9, son offre commerciale, ainsi que ses commer\u00e7ants et artisans ind\u00e9pendants. <\/li>\n<li><strong>Accompagnement et formation<\/strong> : les commer\u00e7ants, en particulier ceux situ\u00e9s dans la future zone \u00e0 trafic limit\u00e9, b\u00e9n\u00e9ficieront de conseils et de bonnes pratiques pour s&rsquo;adapter aux transformations du territoire et aux nouveaux usages des client\u00e8les.<\/li>\n<\/ul>\n","protected":false},"excerpt":{"rendered":"\u00a9 S\u00e9verine Renard &#8211; La subvention exceptionnelle vient en accompagnement des commer\u00e7ants lyonnais autour de certaines nuisances pendant&hellip;\n","protected":false},"author":2,"featured_media":129531,"comment_status":"","ping_status":"","sticky":false,"template":"","format":"standard","meta":{"footnotes":""},"categories":[1889],"tags":[1111,11,2430,7227,1777,674,1011,27,2428,13099,12,25,3291],"class_list":{"0":"post-129530","1":"post","2":"type-post","3":"status-publish","4":"format-standard","5":"has-post-thumbnail","7":"category-lyon","8":"tag-actu","9":"tag-actualites","10":"tag-auvergne-rhone-alpes","11":"tag-commerces","12":"tag-eu","13":"tag-europe","14":"tag-fr","15":"tag-france","16":"tag-lyon","17":"tag-mu00e9tropole-de-lyon","18":"tag-news","19":"tag-republique-francaise","20":"tag-ville-de-lyon"},"share_on_mastodon":{"url":"https:\/\/pubeurope.com\/@fr\/114574775015872954","error":""},"_links":{"self":[{"href":"https:\/\/www.europesays.com\/fr\/wp-json\/wp\/v2\/posts\/129530","targetHints":{"allow":["GET"]}}],"collection":[{"href":"https:\/\/www.europesays.com\/fr\/wp-json\/wp\/v2\/posts"}],"about":[{"href":"https:\/\/www.europesays.com\/fr\/wp-json\/wp\/v2\/types\/post"}],"author":[{"embeddable":true,"href":"https:\/\/www.europesays.com\/fr\/wp-json\/wp\/v2\/users\/2"}],"replies":[{"embeddable":true,"href":"https:\/\/www.europesays.com\/fr\/wp-json\/wp\/v2\/comments?post=129530"}],"version-history":[{"count":0,"href":"https:\/\/www.europesays.com\/fr\/wp-json\/wp\/v2\/posts\/129530\/revisions"}],"wp:featuredmedia":[{"embeddable":true,"href":"https:\/\/www.europesays.com\/fr\/wp-json\/wp\/v2\/media\/129531"}],"wp:attachment":[{"href":"https:\/\/www.europesays.com\/fr\/wp-json\/wp\/v2\/media?parent=129530"}],"wp:term":[{"taxonomy":"category","embeddable":true,"href":"https:\/\/www.europesays.com\/fr\/wp-json\/wp\/v2\/categories?post=129530"},{"taxonomy":"post_tag","embeddable":true,"href":"https:\/\/www.europesays.com\/fr\/wp-json\/wp\/v2\/tags?post=129530"}],"curies":[{"name":"wp","href":"https:\/\/api.w.org\/{rel}","templated":true}]}}