{"id":129539,"date":"2025-05-26T15:15:08","date_gmt":"2025-05-26T15:15:08","guid":{"rendered":"https:\/\/www.europesays.com\/fr\/129539\/"},"modified":"2025-05-26T15:15:08","modified_gmt":"2025-05-26T15:15:08","slug":"un-britannique-de-65-ans-disparait-a-paris-un-avis-de-recherche-lance","status":"publish","type":"post","link":"https:\/\/www.europesays.com\/fr\/129539\/","title":{"rendered":"Un Britannique de 65 ans dispara\u00eet \u00e0 Paris, un avis de recherche lanc\u00e9"},"content":{"rendered":"<p>            Par<br \/>\n        <strong><br \/>\n            <a href=\"https:\/\/actu.fr\/auteur\/redaction-paris\" title=\"Consulter tous les articles de R\u00e9daction Paris\" rel=\"nofollow noopener\" target=\"_blank\">R\u00e9daction Paris<\/a><br \/>\n        <\/strong><\/p>\n<p>        Publi\u00e9 le<\/p>\n<p>            26 mai 2025 \u00e0 16h41        <\/p>\n<p>Ses proches, inquiets, ont lanc\u00e9 un avis de recherche pour <a href=\"https:\/\/actu.fr\/tag\/disparition\" rel=\"nofollow noopener\" target=\"_blank\">disparition inqui\u00e9tante<\/a>, relay\u00e9 par l\u2019association Assistance et recherche de personnes disparues (A.R.P.D.). <strong>Chris Arnheim<\/strong>, britannique \u00e2g\u00e9 de 65\u00a0ans a \u00e9t\u00e9 vu pour la derni\u00e8re fois aux alentours de 20\u00a0heures, le 22\u00a0mai 2025 dans le secteur de la place des Vosges \u00e0 Paris.<\/p>\n<p>\u00ab\u2009Incapable de s\u2019exprimer\u2009\u00bb<\/p>\n<p class=\" wall-content\">Le jour de sa disparition, le sexag\u00e9naire portait un pantalon kaki vert, une chemise bleue\/vert, un cardigan fonc\u00e9 et un manteau noir. De corpulence mince, il mesure environ <strong>1m80<\/strong>.<\/p>\n<p class=\" wall-content\">D\u2019apr\u00e8s la description de l\u2019A.R.P.D., il pourrait \u00eatre \u00ab<strong>\u2009d\u00e9sorient\u00e9<\/strong> du fait d\u2019une maladie avanc\u00e9e\u2009\u00bb et serait \u00ab\u2009incapable de s\u2019exprimer\u2009\u00bb.<\/p>\n<p class=\" wall-content\">Toute personne ayant des renseignements est pri\u00e9e d\u2019appeler le<strong> 07\u200984\u200964\u200987\u200925<\/strong> ou d\u2019envoyer un mail \u00e0 <strong><a href=\"https:\/\/actu.fr\/cdn-cgi\/l\/email-protection\" class=\"__cf_email__\" data-cfemail=\"5d343138703938703b2f3c333e381d3c2f2d39733b2f\" rel=\"nofollow noopener\" target=\"_blank\">[email\u00a0protected]<\/a><\/strong>.<\/p>\n<p class=\" wall-content\">Suivez toute l\u2019actualit\u00e9 de vos villes et m\u00e9dias favoris en vous inscrivant \u00e0 <a href=\"https:\/\/moncompte.actu.fr\" title=\"D\u00e9couvez Mon Actu\" rel=\"nofollow noopener\" data-trk=\"{&quot;cta&quot;:{&quot;action&quot;:&quot;https:\\\/\\\/moncompte.actu.fr&quot;,&quot;category&quot;:&quot;mon compte&quot;,&quot;from&quot;:&quot;article footer&quot;,&quot;name&quot;:&quot;Mon actu&quot;,&quot;type&quot;:&quot;cta&quot;}}\" target=\"_blank\">Mon Actu<\/a>.<\/p>\n<ul class=\"ac-article-tag wall-content\">\n<li><a href=\"https:\/\/actu.fr\/tag\/disparition\" data-trk=\"{&quot;cta&quot;:{&quot;action&quot;:&quot;Disparition inqui\\u00e9tante&quot;,&quot;category&quot;:&quot;tag&quot;,&quot;from&quot;:&quot;article footer&quot;,&quot;name&quot;:&quot;Disparition inqui\\u00e9tante&quot;,&quot;type&quot;:&quot;cta&quot;}}\" rel=\"nofollow noopener\" target=\"_blank\">#Disparition inqui\u00e9tante<\/a><\/li>\n<\/ul>\n","protected":false},"excerpt":{"rendered":"Par R\u00e9daction Paris Publi\u00e9 le 26 mai 2025 \u00e0 16h41 Ses proches, inquiets, ont lanc\u00e9 un avis de&hellip;\n","protected":false},"author":2,"featured_media":129540,"comment_status":"","ping_status":"","sticky":false,"template":"","format":"standard","meta":{"footnotes":""},"categories":[1888],"tags":[11,3676,1777,674,118,1011,27,12,626,25],"class_list":{"0":"post-129539","1":"post","2":"type-post","3":"status-publish","4":"format-standard","5":"has-post-thumbnail","7":"category-paris","8":"tag-actualites","9":"tag-disparition-inquietante","10":"tag-eu","11":"tag-europe","12":"tag-faits-divers","13":"tag-fr","14":"tag-france","15":"tag-news","16":"tag-paris","17":"tag-republique-francaise"},"share_on_mastodon":{"url":"https:\/\/pubeurope.com\/@fr\/114574794949048631","error":""},"_links":{"self":[{"href":"https:\/\/www.europesays.com\/fr\/wp-json\/wp\/v2\/posts\/129539","targetHints":{"allow":["GET"]}}],"collection":[{"href":"https:\/\/www.europesays.com\/fr\/wp-json\/wp\/v2\/posts"}],"about":[{"href":"https:\/\/www.europesays.com\/fr\/wp-json\/wp\/v2\/types\/post"}],"author":[{"embeddable":true,"href":"https:\/\/www.europesays.com\/fr\/wp-json\/wp\/v2\/users\/2"}],"replies":[{"embeddable":true,"href":"https:\/\/www.europesays.com\/fr\/wp-json\/wp\/v2\/comments?post=129539"}],"version-history":[{"count":0,"href":"https:\/\/www.europesays.com\/fr\/wp-json\/wp\/v2\/posts\/129539\/revisions"}],"wp:featuredmedia":[{"embeddable":true,"href":"https:\/\/www.europesays.com\/fr\/wp-json\/wp\/v2\/media\/129540"}],"wp:attachment":[{"href":"https:\/\/www.europesays.com\/fr\/wp-json\/wp\/v2\/media?parent=129539"}],"wp:term":[{"taxonomy":"category","embeddable":true,"href":"https:\/\/www.europesays.com\/fr\/wp-json\/wp\/v2\/categories?post=129539"},{"taxonomy":"post_tag","embeddable":true,"href":"https:\/\/www.europesays.com\/fr\/wp-json\/wp\/v2\/tags?post=129539"}],"curies":[{"name":"wp","href":"https:\/\/api.w.org\/{rel}","templated":true}]}}