{"id":12954,"date":"2025-04-09T15:32:21","date_gmt":"2025-04-09T15:32:21","guid":{"rendered":"https:\/\/www.europesays.com\/fr\/12954\/"},"modified":"2025-04-09T15:32:21","modified_gmt":"2025-04-09T15:32:21","slug":"avec-30-points-en-20-journees-comment-situer-le-rc-vannes-par-rapport-aux-autres-promus-en-top-14","status":"publish","type":"post","link":"https:\/\/www.europesays.com\/fr\/12954\/","title":{"rendered":"Avec 30 points en 20 journ\u00e9es, comment situer le RC Vannes par rapport aux autres promus en Top\u00a014 ?"},"content":{"rendered":"<p>Apr\u00e8s 20 journ\u00e9es, le <a href=\"https:\/\/www.letelegramme.fr\/sports\/rugby\/rc-vannes\/\" target=\"_blank\" rel=\"noopener\">RC Vannes<\/a> est dernier de Top 14. Pas \u00e9tonnant pour un promu qui, en plus, d\u00e9couvre l\u2019\u00e9lite du rugby fran\u00e7ais. Mais rien n\u2019est jou\u00e9. Les Morbihannais restent \u00e0 deux points de la place de barragiste, occup\u00e9e par Perpignan, et \u00e0 six du premier non rel\u00e9gable, le Stade Fran\u00e7ais, alors qu\u2019il reste encore six matchs \u00e0 disputer.<\/p>\n<p>Les joueurs et le staff du RCV le r\u00e9p\u00e8tent d\u2019ailleurs : ils sont satisfaits d\u2019\u00eatre encore en vie et de pouvoir disputer le plus longtemps possible leur championnat, celui pour lequel ils \u00e9taient destin\u00e9s : le maintien.<\/p>\n<p>Alors, avec 30 points en 20 journ\u00e9es, o\u00f9 situer la performance du club breton par rapport \u00e0 celles des autres promus depuis le lancement du Top 14 en 2005-2006 ?<\/p>\n<p>Pour faire simple, selon les statistiques, elle est en dessous des clubs ayant r\u00e9ussi \u00e0 se maintenir mais meilleure que la majorit\u00e9 de ceux ayant \u00e9t\u00e9 rel\u00e9gu\u00e9s \u00e0 l\u2019issue de la saison.<\/p>\n<p>En effet, depuis 2005-2006, <a href=\"https:\/\/www.letelegramme.fr\/sports\/rugby\/rc-vannes\/quelles-sont-les-chances-de-maintien-du-rc-vannes-en-top-14-la-saison-prochaine-6601577.php\" target=\"_blank\" rel=\"noopener\">16 des 31 promus se sont maintenus<\/a>. Ils avaient tous atteint le seuil des 30 points apr\u00e8s 20 journ\u00e9es. Seule \u00e9quipe \u00e0 compter tout juste 30 points, comme le RCV, Dax avait \u00e9t\u00e9 sauv\u00e9 gr\u00e2ce \u00e0 la rel\u00e9gation administrative d\u2019Albi en fin de saison. Les Landais avaient fini 13es, \u00e0 une \u00e9poque o\u00f9 les deux derniers \u00e9taient directement rel\u00e9gu\u00e9s.<\/p>\n<p>Mais d\u00e9sormais, cette place offre un barrage d\u2019accession chez le finaliste de Pro D2. Les \u00e9quipes les plus proches des Vannetais \u00e0 s\u2019\u00eatre sauv\u00e9es \u00e9taient le RC Toulon (2008-2009) et Agen (2010-2011), tous deux comptaient alors 33 points. Perpignan, 34 points en 2021-2022, s\u2019\u00e9tait finalement maintenu lors du barrage d\u2019accession.<\/p>\n<p>\u00ab On est toujours dans la course au maintien \u00bb<\/p>\n<p>\u00ab Il reste encore six matchs dont trois \u00e0 La Rabine donc rien n\u2019est fait, on est toujours dans la course au maintien, confiait Fabrice Metz apr\u00e8s <a href=\"https:\/\/www.letelegramme.fr\/sports\/rugby\/rc-vannes\/vannes-perpignan-un-match-nul-au-gout-de-defaite-pour-le-rcv-dernier-du-top-14-6787840.php\" target=\"_blank\" rel=\"noopener\">le nul frustrant contre Perpignan<\/a>. C\u2019est ce qu\u2019on voulait depuis le d\u00e9but de la saison donc on ne l\u00e2chera pas. \u00bb<\/p>\n<p>Et il y a des motifs d\u2019espoirs, y compris dans les statistiques ! Parmi les 15 promus rel\u00e9gu\u00e9s, une seule \u00e9quipe avait atteint les 30 points apr\u00e8s 20 journ\u00e9es : Lyon (34 pts) en 2014-2015. Et seule La Rochelle (29 points en 2010-2011) s\u2019en approchait et avait finalement termin\u00e9 13e.<\/p>\n<p>Le reste se situe entre les douze points de l\u2019Usap en 2018-2019 et les 26 points du LOU (2011-2012) et d\u2019Oyonnax (2023-2024).<\/p>\n<p>Toutes ces statistiques sont \u00e9videmment seulement indicatives. Il reste difficile d\u2019en tirer des conclusions, alors que chaque saison est diff\u00e9rente et le Top 14 a \u00e9volu\u00e9 ces derni\u00e8res ann\u00e9es, avec notamment l\u2019apparition du barrage d\u2019accession en 2017-2018.<\/p>\n<p>Le championnat est \u00e9galement de plus en plus dense. Sur les quatre derni\u00e8res saisons, le 13e comptait entre 43 et 46 points. Le RC Vannes aurait besoin de trois \u00e0 quatre victoires suppl\u00e9mentaires pour atteindre ce total. Pas une mince affaire.<\/p>\n","protected":false},"excerpt":{"rendered":"Apr\u00e8s 20 journ\u00e9es, le RC Vannes est dernier de Top 14. Pas \u00e9tonnant pour un promu qui, en&hellip;\n","protected":false},"author":2,"featured_media":12955,"comment_status":"","ping_status":"","sticky":false,"template":"","format":"standard","meta":{"footnotes":""},"categories":[1416],"tags":[11,1011,27,3164,3167,479,1468,60,478,3165],"class_list":{"0":"post-12954","1":"post","2":"type-post","3":"status-publish","4":"format-standard","5":"has-post-thumbnail","7":"category-rugby","8":"tag-actualites","9":"tag-fr","10":"tag-france","11":"tag-rc-vannes","12":"tag-rcv","13":"tag-rugby","14":"tag-rugby-football","15":"tag-sports","16":"tag-top-14","17":"tag-vannes"},"share_on_mastodon":{"url":"https:\/\/pubeurope.com\/@fr\/114308732909599133","error":""},"_links":{"self":[{"href":"https:\/\/www.europesays.com\/fr\/wp-json\/wp\/v2\/posts\/12954","targetHints":{"allow":["GET"]}}],"collection":[{"href":"https:\/\/www.europesays.com\/fr\/wp-json\/wp\/v2\/posts"}],"about":[{"href":"https:\/\/www.europesays.com\/fr\/wp-json\/wp\/v2\/types\/post"}],"author":[{"embeddable":true,"href":"https:\/\/www.europesays.com\/fr\/wp-json\/wp\/v2\/users\/2"}],"replies":[{"embeddable":true,"href":"https:\/\/www.europesays.com\/fr\/wp-json\/wp\/v2\/comments?post=12954"}],"version-history":[{"count":0,"href":"https:\/\/www.europesays.com\/fr\/wp-json\/wp\/v2\/posts\/12954\/revisions"}],"wp:featuredmedia":[{"embeddable":true,"href":"https:\/\/www.europesays.com\/fr\/wp-json\/wp\/v2\/media\/12955"}],"wp:attachment":[{"href":"https:\/\/www.europesays.com\/fr\/wp-json\/wp\/v2\/media?parent=12954"}],"wp:term":[{"taxonomy":"category","embeddable":true,"href":"https:\/\/www.europesays.com\/fr\/wp-json\/wp\/v2\/categories?post=12954"},{"taxonomy":"post_tag","embeddable":true,"href":"https:\/\/www.europesays.com\/fr\/wp-json\/wp\/v2\/tags?post=12954"}],"curies":[{"name":"wp","href":"https:\/\/api.w.org\/{rel}","templated":true}]}}