{"id":129541,"date":"2025-05-26T15:16:11","date_gmt":"2025-05-26T15:16:11","guid":{"rendered":"https:\/\/www.europesays.com\/fr\/129541\/"},"modified":"2025-05-26T15:16:11","modified_gmt":"2025-05-26T15:16:11","slug":"gard-la-fdsea-du-gard-est-a-paris-pour-mettre-la-pression-sur-le-gouvernement","status":"publish","type":"post","link":"https:\/\/www.europesays.com\/fr\/129541\/","title":{"rendered":"Gard. La FDSEA du Gard est \u00e0 Paris pour mettre la pression sur le gouvernement"},"content":{"rendered":"<p>            Par<br \/>\n        <strong><br \/>\n            <a href=\"https:\/\/actu.fr\/auteur\/charles-dossantos\" title=\"Consulter tous les articles de Charles Dos Santos\" rel=\"nofollow noopener\" target=\"_blank\">Charles Dos Santos<\/a><br \/>\n        <\/strong><\/p>\n<p>        Publi\u00e9 le<\/p>\n<p>            26 mai 2025 \u00e0 16h46        <\/p>\n<p>Les agriculteurs avaient pr\u00e9venu. Ils ont tenu parole. Une grande manifestation \u00e0 Paris \u00e9tait pr\u00e9vue de longue date. Des tracteurs ont afflu\u00e9 vers la capitale ces derni\u00e8res heures. Les membres du <a href=\"https:\/\/actu.fr\/occitanie\/gard_30\" rel=\"nofollow noopener\" target=\"_blank\"><strong>Gard<\/strong><\/a> de la FDSEA, eux, en ont profit\u00e9 pour rencontrer des d\u00e9put\u00e9s de tous bords politiques.<\/p>\n<p>Des avanc\u00e9es sinon rien<\/p>\n<p class=\" wall-content\">C\u2019est par une courte vid\u00e9o cens\u00e9e \u00eatre humoristique de <strong>17 secondes<\/strong> diffus\u00e9e sur la page Facebook que le pr\u00e9sident gardois du syndicat agricole, David S\u00e8ve, a annonc\u00e9 leur arriv\u00e9e au sein de l\u2019Assembl\u00e9e Nationale. Le solide gaillard annon\u00e7ait dans la vid\u00e9o que lui et ses coll\u00e8gues syndiqu\u00e9s retenaient en otage le d\u00e9put\u00e9 <strong>Rassemblement National Nicolas Meizonnet<\/strong>, repr\u00e9sentant de la 2e circonscription du Gard.<\/p>\n<p>    <a href=\"https:\/\/www.facebook.com\/plugins\/video.php?height=476&amp;href=https%3A%2F%2Fwww.facebook.com%2Fdavid.seve.9%2Fvideos%2F1066650045326312%2F&amp;show_text=false&amp;width=350&amp;t=0\" title=\"Ouvrie le lien\" rel=\"nofollow noopener\" target=\"_blank\">Cliquez ici pour visualiser le contenu<\/a><\/p>\n<p class=\" wall-content\">Sollicit\u00e9 par <a href=\"https:\/\/actu.fr\/occitanie\/gard_30\" rel=\"nofollow noopener\" target=\"_blank\">Actu Occitanie<\/a>, l\u2019\u00e9lu frontiste d\u00e9ment toute prise d\u2019otage. \u00ab\u2009Pour leur vid\u00e9o, il s\u2019agit d\u2019une blague, rien de plus. Ils ne m\u2019ont pas pris en otage. Je suis dans mon bureau, je travaille\u2009\u00bb, rassure le trentenaire.<\/p>\n<p>Une visite, sans otage<\/p>\n<p class=\" wall-content\">Joint peu avant 16 heures, lundi 26 mai 2025, il confirme avoir eu une \u00ab\u2009<strong>longue rencontre<\/strong>\u2009\u00bb avec les repr\u00e9sentants du syndicat agricole, en pr\u00e9sence d\u2019autres repr\u00e9sentants de la nation.\u00a0En d\u00e9but d\u2019apr\u00e8s-midi, les syndicalistes venus d\u2019un peu partout en France ont pu visiter le Parlement et notamment l\u2019h\u00e9micycle.<\/p>\n<p>Vid\u00e9os : en ce moment sur Actu<\/p>\n<p class=\" wall-content\">C\u2019est pendant cette d\u00e9ambulation que le patron gardois de la FDSEA a tourn\u00e9 cette vid\u00e9o annon\u00e7ant la <strong>pseudo\u00a0prise d\u2019otage<\/strong>.\u00a0<\/p>\n<p class=\" wall-content\">\u00ab\u2009Ils ont quitt\u00e9 le Parlement sans souci. Je sais qu\u2019ils veulent <strong>obtenir des avanc\u00e9es<\/strong> de la part du gouvernement Bayrou sur <strong>plusieurs points<\/strong>. Ils sont s\u00fbrement encore dans Paris. Mais en tout cas, ils ne sont plus ni \u00e0 l\u2019Assembl\u00e9e Nationale, ni dans mon bureau\u2009\u00bb, conclut Nicolas Meizonnet.<\/p>\n<p class=\" wall-content\">Suivez toute l\u2019actualit\u00e9 de vos villes et m\u00e9dias favoris en vous inscrivant \u00e0 <a href=\"https:\/\/moncompte.actu.fr\" title=\"D\u00e9couvez Mon Actu\" rel=\"nofollow noopener\" data-trk=\"{&quot;cta&quot;:{&quot;action&quot;:&quot;https:\\\/\\\/moncompte.actu.fr&quot;,&quot;category&quot;:&quot;mon compte&quot;,&quot;from&quot;:&quot;article footer&quot;,&quot;name&quot;:&quot;Mon actu&quot;,&quot;type&quot;:&quot;cta&quot;}}\" target=\"_blank\">Mon Actu<\/a>.<\/p>\n","protected":false},"excerpt":{"rendered":"Par Charles Dos Santos Publi\u00e9 le 26 mai 2025 \u00e0 16h46 Les agriculteurs avaient pr\u00e9venu. Ils ont tenu&hellip;\n","protected":false},"author":2,"featured_media":129542,"comment_status":"","ping_status":"","sticky":false,"template":"","format":"standard","meta":{"footnotes":""},"categories":[1888],"tags":[11,327,1777,674,1011,27,1272,12,626,316,25,3427],"class_list":{"0":"post-129541","1":"post","2":"type-post","3":"status-publish","4":"format-standard","5":"has-post-thumbnail","7":"category-paris","8":"tag-actualites","9":"tag-agriculture","10":"tag-eu","11":"tag-europe","12":"tag-fr","13":"tag-france","14":"tag-manifestations","15":"tag-news","16":"tag-paris","17":"tag-politique","18":"tag-republique-francaise","19":"tag-syndicats"},"share_on_mastodon":{"url":"https:\/\/pubeurope.com\/@fr\/114574798634124259","error":""},"_links":{"self":[{"href":"https:\/\/www.europesays.com\/fr\/wp-json\/wp\/v2\/posts\/129541","targetHints":{"allow":["GET"]}}],"collection":[{"href":"https:\/\/www.europesays.com\/fr\/wp-json\/wp\/v2\/posts"}],"about":[{"href":"https:\/\/www.europesays.com\/fr\/wp-json\/wp\/v2\/types\/post"}],"author":[{"embeddable":true,"href":"https:\/\/www.europesays.com\/fr\/wp-json\/wp\/v2\/users\/2"}],"replies":[{"embeddable":true,"href":"https:\/\/www.europesays.com\/fr\/wp-json\/wp\/v2\/comments?post=129541"}],"version-history":[{"count":0,"href":"https:\/\/www.europesays.com\/fr\/wp-json\/wp\/v2\/posts\/129541\/revisions"}],"wp:featuredmedia":[{"embeddable":true,"href":"https:\/\/www.europesays.com\/fr\/wp-json\/wp\/v2\/media\/129542"}],"wp:attachment":[{"href":"https:\/\/www.europesays.com\/fr\/wp-json\/wp\/v2\/media?parent=129541"}],"wp:term":[{"taxonomy":"category","embeddable":true,"href":"https:\/\/www.europesays.com\/fr\/wp-json\/wp\/v2\/categories?post=129541"},{"taxonomy":"post_tag","embeddable":true,"href":"https:\/\/www.europesays.com\/fr\/wp-json\/wp\/v2\/tags?post=129541"}],"curies":[{"name":"wp","href":"https:\/\/api.w.org\/{rel}","templated":true}]}}