{"id":129543,"date":"2025-05-26T15:17:10","date_gmt":"2025-05-26T15:17:10","guid":{"rendered":"https:\/\/www.europesays.com\/fr\/129543\/"},"modified":"2025-05-26T15:17:10","modified_gmt":"2025-05-26T15:17:10","slug":"en-direct-ukraine-plus-de-limitation-de-la-portee-des-armes-livrees-a-kiev-par-ses-principaux-allies","status":"publish","type":"post","link":"https:\/\/www.europesays.com\/fr\/129543\/","title":{"rendered":"EN DIRECT &#8211; Ukraine : \u00ab\u00a0plus de limitation\u00a0\u00bb de la port\u00e9e des armes livr\u00e9es \u00e0 Kiev par ses principaux alli\u00e9s"},"content":{"rendered":"<p>\u00ab\u00a0Trump r\u00e9alise que Poutine a menti\u00a0\u00bb, a r\u00e9agi le pr\u00e9sident fran\u00e7ais au cours de sa visite au Vietnam, commentant la violente diatribe du pr\u00e9sident am\u00e9ricain contre son homologue russe.\u00a0<\/p>\n<p>\u00ab\u00a0Ce qui se passe en Ukraine est grave et inadmissible\u00a0\u00bb, a estim\u00e9 le pr\u00e9sident fran\u00e7ais, \u00e0 propos des frappes massives qui se sont poursuivies tout le weekend, et jusqu&rsquo;\u00e0 la nuit derni\u00e8re. \u00ab\u00a0Quand on bombarde, c&rsquo;est qu&rsquo;on veut tuer\u00a0\u00bb, a jug\u00e9 le pr\u00e9sident fran\u00e7ais, rappelant que cette attitude contredit la volont\u00e9 de n\u00e9gocier affich\u00e9e officiellement par Moscou.\u00a0<\/p>\n<p>\u00ab\u00a0Je pense que le pr\u00e9sident Trump r\u00e9alise que, lorsque le pr\u00e9sident Poutine au t\u00e9l\u00e9phone se dit pr\u00eat \u00e0 la paix, ou qu&rsquo;il fait dire \u00e0 ses \u00e9missaires qu&rsquo;il est pr\u00eat \u00e0 la paix, il leur a menti\u00a0\u00bb, a ass\u00e9n\u00e9 Emmanuel Macron \u00e0 Hano\u00ef. \u00ab\u00a0La priorit\u00e9 pour la France, et l&rsquo;Europe, c&rsquo;est d&rsquo;obtenir un cessez-le-feu\u00a0\u00bb, pour engager des discussions pour une paix robuste et durable\u00a0\u00bb.\u00a0<\/p>\n<p>\u00ab\u00a0Nous avons vu ces derni\u00e8res heures, une fois encore, s&rsquo;exprimer la col\u00e8re de Donald Trump. Une forme d&rsquo;impatience. Je souhaite simplement, maintenant, qu&rsquo;elle se traduise en actes\u00a0\u00bb, a conclu Emmanuel Macron.<\/p>\n<p>\u00c0 cet \u00e9gard, il a r\u00e9it\u00e9r\u00e9 sa volont\u00e9 d&rsquo;imposer une date-butoir pour un cessez-le-feu au pr\u00e9sident Poutine, et \u00ab\u00a0qu&rsquo;enfin tous puissent constater qu&rsquo;il ment\u00a0\u00bb, pour que des repr\u00e9sailles massives soient exerc\u00e9es sur la Russie, sous forme de sanctions. \u00ab\u00a0Le pr\u00e9sident Poutine a menti aux Europ\u00e9ens et aux Am\u00e9ricains\u00a0\u00bb, a martel\u00e9 le pr\u00e9sident fran\u00e7ais.<\/p>\n","protected":false},"excerpt":{"rendered":"\u00ab\u00a0Trump r\u00e9alise que Poutine a menti\u00a0\u00bb, a r\u00e9agi le pr\u00e9sident fran\u00e7ais au cours de sa visite au Vietnam,&hellip;\n","protected":false},"author":2,"featured_media":129544,"comment_status":"","ping_status":"","sticky":false,"template":"","format":"standard","meta":{"footnotes":""},"categories":[1591],"tags":[1111,11,672,1921,5925,75,1887,1918,1922,1916,12,2543,1885,1886,132,220,1917,364,133,1920,135],"class_list":{"0":"post-129543","1":"post","2":"type-post","3":"status-publish","4":"format-standard","5":"has-post-thumbnail","7":"category-russie","8":"tag-actu","9":"tag-actualites","10":"tag-allemagne","11":"tag-article-video","12":"tag-conflits-et-guerre","13":"tag-donald-trump","14":"tag-federation-de-russie","15":"tag-guerre-en-ukraine-une-treve-en-negociation","16":"tag-info","17":"tag-moscou","18":"tag-news","19":"tag-relations-internationales","20":"tag-russia","21":"tag-russian-federation","22":"tag-russie","23":"tag-ukraine","24":"tag-ukraine-4-annee-de-guerre","25":"tag-union-europeenne","26":"tag-video","27":"tag-video-international","28":"tag-vladimir-poutine"},"share_on_mastodon":{"url":"https:\/\/pubeurope.com\/@fr\/114574802557809197","error":""},"_links":{"self":[{"href":"https:\/\/www.europesays.com\/fr\/wp-json\/wp\/v2\/posts\/129543","targetHints":{"allow":["GET"]}}],"collection":[{"href":"https:\/\/www.europesays.com\/fr\/wp-json\/wp\/v2\/posts"}],"about":[{"href":"https:\/\/www.europesays.com\/fr\/wp-json\/wp\/v2\/types\/post"}],"author":[{"embeddable":true,"href":"https:\/\/www.europesays.com\/fr\/wp-json\/wp\/v2\/users\/2"}],"replies":[{"embeddable":true,"href":"https:\/\/www.europesays.com\/fr\/wp-json\/wp\/v2\/comments?post=129543"}],"version-history":[{"count":0,"href":"https:\/\/www.europesays.com\/fr\/wp-json\/wp\/v2\/posts\/129543\/revisions"}],"wp:featuredmedia":[{"embeddable":true,"href":"https:\/\/www.europesays.com\/fr\/wp-json\/wp\/v2\/media\/129544"}],"wp:attachment":[{"href":"https:\/\/www.europesays.com\/fr\/wp-json\/wp\/v2\/media?parent=129543"}],"wp:term":[{"taxonomy":"category","embeddable":true,"href":"https:\/\/www.europesays.com\/fr\/wp-json\/wp\/v2\/categories?post=129543"},{"taxonomy":"post_tag","embeddable":true,"href":"https:\/\/www.europesays.com\/fr\/wp-json\/wp\/v2\/tags?post=129543"}],"curies":[{"name":"wp","href":"https:\/\/api.w.org\/{rel}","templated":true}]}}