{"id":129577,"date":"2025-05-26T15:37:11","date_gmt":"2025-05-26T15:37:11","guid":{"rendered":"https:\/\/www.europesays.com\/fr\/129577\/"},"modified":"2025-05-26T15:37:11","modified_gmt":"2025-05-26T15:37:11","slug":"sa-vie-et-son-oeuvre-en-2-minutes","status":"publish","type":"post","link":"https:\/\/www.europesays.com\/fr\/129577\/","title":{"rendered":"sa vie et son \u0153uvre en 2 minutes"},"content":{"rendered":"<p>Maria Helena Vieira da Silva (1908\u20131992) en bref<\/p>\n<p class=\"editor-content__paragraph editor-content__paragraph--is-hidden\">Artiste peintre d\u2019origine portugaise (naturalis\u00e9e fran\u00e7aise), attach\u00e9e \u00e0 la Nouvelle \u00c9cole de Paris, Maria Helena Vieira da Silva est <strong>l\u2019une des grandes repr\u00e9sentantes de l\u2019<a href=\"https:\/\/www.beauxarts.com\/grand-format\/labstraction-lyrique-en-2-minutes\/\" target=\"_blank\" rel=\"noopener\">abstraction lyrique<\/a><\/strong>. Toutefois, son \u0153uvre ne rejette pas la figure ou le paysage, comme en t\u00e9moignent les titres de ses toiles. Marqu\u00e9e par l\u2019\u0153uvre de <a href=\"https:\/\/www.beauxarts.com\/grand-format\/paul-cezanne-en-2-minutes\/\" target=\"_blank\" rel=\"noopener\">Cezanne<\/a> et par le <a href=\"https:\/\/www.beauxarts.com\/grand-format\/le-cubisme-en-3-minutes\/\" target=\"_blank\" rel=\"noopener\">cubisme<\/a>, Vieira da Silva parvient \u00e0 faire entendre sa voix particuli\u00e8re, incarn\u00e9e par des<strong> vues urbaines \u00e9clat\u00e9es et \u00e9tag\u00e9es<\/strong>, aux tons brun-rouge ou bleu fonc\u00e9, des espaces dans lesquels fourmillent mille et un petits carr\u00e9s comme autant d\u2019azulejos r\u00e9invent\u00e9s. Un <strong>art labyrinthique, po\u00e9tique<\/strong>, que d\u2019aucuns ont qualifi\u00e9 de<strong> \u00ab\u00a0paysagisme abstrait\u00a0\u00bb<\/strong>.<\/p>\n<p>            <strong>Continuez votre lecture<\/strong><\/p>\n<p>\n                et acc\u00e9dez \u00e0 Beaux Arts Magazine<br \/>et \u00e0 tous les contenus web<br \/><strong>en illimit\u00e9 \u00e0 partir de 5,75\u20ac \/ mois<\/strong>\n            <\/p>\n<p class=\"cta-abonnement__log-in\">\n        D\u00e9j\u00e0 abonn\u00e9 ?        <a data-id=\"aHR0cHM6Ly93d3cuYmVhdXhhcnRzLmNvbS9tb24tY29tcHRlLw==\">Connectez-vous<\/a>\n    <\/p>\n<p>            <img data-vllblanksrc=\"https:\/\/www.beauxarts.com\/grand-format\/maria-helena-vieira-da-silva-en-2-minutes\/1\" data-vllsrc=\"https:\/\/www.europesays.com\/fr\/wp-content\/uploads\/2025\/05\/couv-bam-492-232x300.png\" alt=\"\"\/><img data-vllblanksrc=\"https:\/\/www.beauxarts.com\/grand-format\/maria-helena-vieira-da-silva-en-2-minutes\/1\" data-vllsrc=\"https:\/\/www.europesays.com\/fr\/wp-content\/uploads\/2025\/04\/couv-bam-2025-1-232x300.png\" alt=\"\"\/>        <\/p>\n","protected":false},"excerpt":{"rendered":"Maria Helena Vieira da Silva (1908\u20131992) en bref Artiste peintre d\u2019origine portugaise (naturalis\u00e9e fran\u00e7aise), attach\u00e9e \u00e0 la Nouvelle&hellip;\n","protected":false},"author":2,"featured_media":129578,"comment_status":"","ping_status":"","sticky":false,"template":"","format":"standard","meta":{"footnotes":""},"categories":[1358],"tags":[25362,12870,1348,1384,1385,1386,58,59,1011,27,1585],"class_list":{"0":"post-129577","1":"post","2":"type-post","3":"status-publish","4":"format-standard","5":"has-post-thumbnail","7":"category-arts-et-design","8":"tag-art-abstrait","9":"tag-art-moderne","10":"tag-arts","11":"tag-arts-and-design","12":"tag-arts-et-design","13":"tag-design","14":"tag-divertissement","15":"tag-entertainment","16":"tag-fr","17":"tag-france","18":"tag-peinture"},"share_on_mastodon":{"url":"https:\/\/pubeurope.com\/@fr\/114574881124902058","error":""},"_links":{"self":[{"href":"https:\/\/www.europesays.com\/fr\/wp-json\/wp\/v2\/posts\/129577","targetHints":{"allow":["GET"]}}],"collection":[{"href":"https:\/\/www.europesays.com\/fr\/wp-json\/wp\/v2\/posts"}],"about":[{"href":"https:\/\/www.europesays.com\/fr\/wp-json\/wp\/v2\/types\/post"}],"author":[{"embeddable":true,"href":"https:\/\/www.europesays.com\/fr\/wp-json\/wp\/v2\/users\/2"}],"replies":[{"embeddable":true,"href":"https:\/\/www.europesays.com\/fr\/wp-json\/wp\/v2\/comments?post=129577"}],"version-history":[{"count":0,"href":"https:\/\/www.europesays.com\/fr\/wp-json\/wp\/v2\/posts\/129577\/revisions"}],"wp:featuredmedia":[{"embeddable":true,"href":"https:\/\/www.europesays.com\/fr\/wp-json\/wp\/v2\/media\/129578"}],"wp:attachment":[{"href":"https:\/\/www.europesays.com\/fr\/wp-json\/wp\/v2\/media?parent=129577"}],"wp:term":[{"taxonomy":"category","embeddable":true,"href":"https:\/\/www.europesays.com\/fr\/wp-json\/wp\/v2\/categories?post=129577"},{"taxonomy":"post_tag","embeddable":true,"href":"https:\/\/www.europesays.com\/fr\/wp-json\/wp\/v2\/tags?post=129577"}],"curies":[{"name":"wp","href":"https:\/\/api.w.org\/{rel}","templated":true}]}}