{"id":129606,"date":"2025-05-26T15:52:09","date_gmt":"2025-05-26T15:52:09","guid":{"rendered":"https:\/\/www.europesays.com\/fr\/129606\/"},"modified":"2025-05-26T15:52:09","modified_gmt":"2025-05-26T15:52:09","slug":"grand-nancy-le-bac-pro-du-jeune-sourd-erwan-betrom-a-nouveau-compromis-a-cause-du-logement","status":"publish","type":"post","link":"https:\/\/www.europesays.com\/fr\/129606\/","title":{"rendered":"Grand Nancy. Le bac pro du jeune sourd Erwan Betrom \u00e0 nouveau compromis \u00e0 cause du logement"},"content":{"rendered":"<p>Retour \u00e0 la case d\u00e9part. L\u2019\u00e9lan de solidarit\u00e9 qui s\u2019\u00e9tait soulev\u00e9 autour du cas d\u2019Erwan Betrom, en septembre dernier, avait permis de <a href=\"https:\/\/www.estrepublicain.fr\/education\/2024\/09\/09\/jeune-sourd-sans-hebergement-le-week-end-il-a-trouve-le-cocon-familial-ideal\" target=\"_blank\" rel=\"noopener\">r\u00e9gler sa situation durablement en deux jours \u00e0 peine<\/a> , la veille de la rentr\u00e9e scolaire et de l\u2019anniversaire de ses 18 ans.<\/p>\n<p>La proposition d\u2019une habitante de Faulx d\u2019h\u00e9berger le futur bachelier les week-ends, pour les deux ann\u00e9es de son cursus de bac pro menuiserie, lui avait \u00e9vit\u00e9 d\u2019avoir \u00e0 renoncer \u00e0 son dipl\u00f4me pour de basses questions logistiques.<\/p>\n<p>  D\u00e9munis pour la rentr\u00e9e prochaine<\/p>\n<p>La chambre lui \u00e9tait initialement d\u00e9di\u00e9e jusqu\u2019au passage des examens, au d\u00e9but de l\u2019\u00e9t\u00e9 2026. Mais pour raisons familiales, celle-ci ne sera finalement plus disponible pour lui en septembre prochain.<\/p>\n<p>En r\u00e9alit\u00e9, elle ne l\u2019est d\u00e9j\u00e0 plus depuis avril dernier. \u00ab\u00a0Mais entre les p\u00e9riodes de stage qu\u2019Erwan a effectu\u00e9 dans notre r\u00e9gion, nos allers-retours avec nuit \u00e0 l\u2019h\u00f4tel et les solutions temporaires qu\u2019on a trouv\u00e9es avec sa logeuse de secours, on a r\u00e9ussi \u00e0 s\u2019arranger pour qu\u2019il termine cette premi\u00e8re ann\u00e9e sereinement\u00a0\u00bb raconte le papa, une nouvelle fois d\u00e9muni pour la rentr\u00e9e prochaine.<\/p>\n<p>Toujours pas de probl\u00e8me du lundi au vendredi. Le futur bachelier va vivre en autonomie dans un appartement partag\u00e9 avec un camarade au sein de l\u2019internat de l\u2019institut des jeunes sourds de la Malgrange, \u00e0 Jarville. Mais il sera contraint de quitter les lieux les vendredis soir \u00e0 la fermeture du site aux r\u00e9sidents.<\/p>\n<p>  Un p\u00e9rim\u00e8tre allant de Nancy et ses proches banlieues<\/p>\n<p><a href=\"https:\/\/www.estrepublicain.fr\/education\/2024\/09\/06\/s-il-ne-trouve-pas-de-logement-pour-le-week-end-un-jeune-sourd-admis-a-l-ijs-de-jarville-devra-renoncer-au-bac\" target=\"_blank\" rel=\"noopener\">La probl\u00e9matique n\u2019a pas chang\u00e9<\/a>. Les parents habitant sur la c\u00f4te ouest, notamment pour leur travail, il est inenvisageable pour l\u2019\u00e9tudiant de rentrer, chaque fin de semaine, au domicile familial. Revoil\u00e0 donc le trio face \u00e0 la m\u00eame difficult\u00e9 \u00e0 trouver une famille d\u2019accueil, les dispositifs institutionnels ne s\u2019\u00e9tant pas am\u00e9lior\u00e9 par ailleurs.<\/p>\n<p>\u00ab\u00a0Notre fils a gagn\u00e9 en maturit\u00e9 au fil de l\u2019ann\u00e9e mais \u00e0 son \u00e2ge, il a encore besoin d\u2019une pr\u00e9sence adulte bienveillante \u00e0 ses c\u00f4t\u00e9s.\u00a0\u00bb<\/p>\n<p>Le p\u00e9rim\u00e8tre de recherche n\u2019a pas chang\u00e9 non plus et porte sur Nancy, le Grand Nancy et ses proches banlieues puisque dans la m\u00e9tropole, Erwan peut circuler en bus en totale autonomie et que pour les destinations plus lointaines, l\u2019IJS propose un service de taxi pour acheminer les internes vers leur adresse secondaire.<\/p>\n<p>  Discussion facile<\/p>\n<p>\u00ab\u00a0On a conscience que c\u2019est un engagement d\u2019accueillir un jeune sourd au sein de son foyer m\u00eame s\u2019il a la discussion facile et se d\u00e9brouille dans les gestes du quotidien, estiment les parents. Mais cette fois on dispose de plus de temps pour s\u2019organiser avec les futurs logeurs.\u00a0\u00bb<\/p>\n<p>Les week-ends des 28-29 juin puis du 4\u00a0juillet, ils seront m\u00eame dans le secteur pour rencontrer ceux qui se seraient manifest\u00e9s d\u2019ici-l\u00e0.<\/p>\n<p>Et n\u00e9cessit\u00e9 faisant loi, ils se pr\u00e9parent \u00e0 tout \u00e9ventuel aller-retour en train au cours des vacances d\u2019\u00e9t\u00e9 pour formaliser un arrangement, notamment sur la contribution financi\u00e8re, pour qu\u2019en septembre prochain Erwan puisse prendre un nouveau d\u00e9part.<\/p>\n<p>Et son envol du nid familial une fois le dipl\u00f4me du bac sur son CV\ufeff.<\/p>\n<p class=\"note\">Contact\u00a0: betrom.jean-luc@orange.fr ou T\u00e9l.\u00a006\u00a086\u00a027\u00a091\u00a067<\/p>\n","protected":false},"excerpt":{"rendered":"Retour \u00e0 la case d\u00e9part. L\u2019\u00e9lan de solidarit\u00e9 qui s\u2019\u00e9tait soulev\u00e9 autour du cas d\u2019Erwan Betrom, en septembre&hellip;\n","protected":false},"author":2,"featured_media":129607,"comment_status":"","ping_status":"","sticky":false,"template":"","format":"standard","meta":{"footnotes":""},"categories":[9635],"tags":[1111,11,1707,1704,1057,1777,674,10961,5016,1011,27,775,1943,1908,1702,1703,12,25,104],"class_list":{"0":"post-129606","1":"post","2":"type-post","3":"status-publish","4":"format-standard","5":"has-post-thumbnail","7":"category-nancy","8":"tag-actu","9":"tag-actualites","10":"tag-edition-luneville","11":"tag-edition-nancy-et-agglomeration","12":"tag-education","13":"tag-eu","14":"tag-europe","15":"tag-examen-diplome","16":"tag-formation-orientation","17":"tag-fr","18":"tag-france","19":"tag-grand-est","20":"tag-handicap","21":"tag-logement","22":"tag-nancy","23":"tag-nancy-ville-54b","24":"tag-news","25":"tag-republique-francaise","26":"tag-societe"},"share_on_mastodon":{"url":"https:\/\/pubeurope.com\/@fr\/114574940138461479","error":""},"_links":{"self":[{"href":"https:\/\/www.europesays.com\/fr\/wp-json\/wp\/v2\/posts\/129606","targetHints":{"allow":["GET"]}}],"collection":[{"href":"https:\/\/www.europesays.com\/fr\/wp-json\/wp\/v2\/posts"}],"about":[{"href":"https:\/\/www.europesays.com\/fr\/wp-json\/wp\/v2\/types\/post"}],"author":[{"embeddable":true,"href":"https:\/\/www.europesays.com\/fr\/wp-json\/wp\/v2\/users\/2"}],"replies":[{"embeddable":true,"href":"https:\/\/www.europesays.com\/fr\/wp-json\/wp\/v2\/comments?post=129606"}],"version-history":[{"count":0,"href":"https:\/\/www.europesays.com\/fr\/wp-json\/wp\/v2\/posts\/129606\/revisions"}],"wp:featuredmedia":[{"embeddable":true,"href":"https:\/\/www.europesays.com\/fr\/wp-json\/wp\/v2\/media\/129607"}],"wp:attachment":[{"href":"https:\/\/www.europesays.com\/fr\/wp-json\/wp\/v2\/media?parent=129606"}],"wp:term":[{"taxonomy":"category","embeddable":true,"href":"https:\/\/www.europesays.com\/fr\/wp-json\/wp\/v2\/categories?post=129606"},{"taxonomy":"post_tag","embeddable":true,"href":"https:\/\/www.europesays.com\/fr\/wp-json\/wp\/v2\/tags?post=129606"}],"curies":[{"name":"wp","href":"https:\/\/api.w.org\/{rel}","templated":true}]}}