{"id":129614,"date":"2025-05-26T15:56:13","date_gmt":"2025-05-26T15:56:13","guid":{"rendered":"https:\/\/www.europesays.com\/fr\/129614\/"},"modified":"2025-05-26T15:56:13","modified_gmt":"2025-05-26T15:56:13","slug":"herault-la-caf-aide-les-enfants-a-avoir-des-vacances-avec-le-retour-du-pass-colo","status":"publish","type":"post","link":"https:\/\/www.europesays.com\/fr\/129614\/","title":{"rendered":"H\u00e9rault. La CAF aide les enfants \u00e0 avoir des vacances avec le retour du Pass Colo"},"content":{"rendered":"<p>            Par<br \/>\n        <strong><br \/>\n            <a href=\"https:\/\/actu.fr\/auteur\/metropoop\" title=\"Consulter tous les articles de R\u00e9daction M\u00e9tropolitain\" target=\"_blank\" rel=\"noopener\">R\u00e9daction M\u00e9tropolitain<\/a><br \/>\n        <\/strong><\/p>\n<p>        Publi\u00e9 le<\/p>\n<p>            26 mai 2025 \u00e0 17h36        <\/p>\n<p>Cette opportunit\u00e9 propos\u00e9e par la <strong>CAF<\/strong>\u00a0-Caisse d\u2019allocations familiales de l\u2019H\u00e9rault- a pu vous \u00e9chapper, mais elle est\u00a0tr\u00e8s\u00a0 int\u00e9ressante \u00e0 saisir avec l\u2019arriv\u00e9e prochaine des vacances d\u2019\u00e9t\u00e9 du\u00a0<strong>Pass Colo<\/strong>. Cr\u00e9\u00e9 en 2023, le Pass Colo est une <strong>aide \u00e0 la famille<\/strong> pour <strong>financer une partie du s\u00e9jour collectif<\/strong> de l\u2019enfant, compl\u00e9mentaire aux aides d\u00e9j\u00e0 existantes, et vers\u00e9e \u00e0 l\u2019organisateur du s\u00e9jour pour diminuer le reste \u00e0 charge de la famille. L\u2019objectif du dispositif est simple : \u00ab\u00a0lever le frein financier au d\u00e9part en colo\u00a0\u00bb et permettre \u00e0 des familles aux revenus modestes d\u2019offrir \u00e0 leur enfant la possibilit\u00e9 de partir en colonie pendant quelques jours. Attention cependant, il n\u2019est possible d\u2019en profiter qu\u2019<strong>une seule fois<\/strong>.<\/p>\n<p>Une aide soumise \u00e0 des conditions<\/p>\n<p class=\" wall-content\">Le Pass Colo s\u2019adresse cette ann\u00e9e \u00e0 tous les enfants <strong>n\u00e9s en 2014<\/strong> et qui f\u00eatent leur onze ans en 2025, mais aussi \u00e0 <strong>ceux qui n\u2019ont pas profit\u00e9 de l\u2019opportunit\u00e9<\/strong> en 2024. En plus de cette condition, le quotient familial de la famille de l\u2019enfant <strong>ne doit pas \u00eatre sup\u00e9rieur \u00e0 1 500\u20ac<\/strong>. Le montant de l\u2019aide varie en fonction des ressources :<\/p>\n<ul class=\" wall-content\">\n<li>Les familles avec un quotient familial de 200\u20ac ou moins peuvent b\u00e9n\u00e9ficier d\u2019une aide de <strong>350\u20ac<\/strong><\/li>\n<li>Les familles avec un quotient familial compris entre 201\u20ac et 700\u20ac peuvent b\u00e9n\u00e9ficier d\u2019une aide de <strong>300\u20ac<\/strong><\/li>\n<li>Les familles avec un quotient familial compris entre 701\u20ac et 1 200\u20ac peuvent b\u00e9n\u00e9ficier d\u2019une aide de <strong>250\u20ac<\/strong><\/li>\n<li>Les familles avec un quotient familial compris entre 1 201\u20ac et 1 500\u20ac peuvent b\u00e9n\u00e9ficier d\u2019une aide de <strong>250\u20ac<\/strong><\/li>\n<\/ul>\n<p class=\" wall-content\">Tous les s\u00e9jours ne sont pas \u00e9ligibles \u00e0 l\u2019aide. En effet, cette parenth\u00e8se doit avoir une dur\u00e9e minimale de <strong>quatre nuits et cinq jours<\/strong>, et n\u2019a pas de dur\u00e9e maximale. Autre condition : le s\u00e9jour doit \u00eatre organis\u00e9 durant les <strong>cong\u00e9s scolaires<\/strong>. Sont ainsi \u00e9ligibles :\u00a0<\/p>\n<ul class=\" wall-content\">\n<li>Les s\u00e9jours de vacances<\/li>\n<li>Les s\u00e9jours sp\u00e9cifiques (artistiques, culturels, linguistiques, sportifs)<\/li>\n<li>Les accueils de scoutismes qui sont ouverts \u00e0 tous les mineurs sans exclusivit\u00e9<\/li>\n<li>Les s\u00e9jours \u00e0 l\u2019\u00e9tranger<\/li>\n<li>Les activit\u00e9s d\u2019h\u00e9bergement accessoires \u00e0 un accueil de loisirs ou \u00e0 un accueil de jeunes<\/li>\n<\/ul>\n<p>Vid\u00e9os : en ce moment sur ActuLe Pass Colo reste pour l\u2019instant une aide m\u00e9connue<\/p>\n<p class=\" wall-content\">Depuis le 1er janvier, 619 enfants h\u00e9raultais ont \u00e9t\u00e9 inscrits dans un s\u00e9jour conventionn\u00e9 Pass Colo, un chiffre qui semble satisfaire la CAF de l\u2019H\u00e9rault. Toutefois, <strong>Sabrina Gomez<\/strong> (sous-directrice en charge des services nationaux) reconna\u00eet que \u00ab\u00a0le probl\u00e8me principal de ce dispositif, c\u2019est qu\u2019<strong>il n\u2019est pas assez connu par les familles<\/strong>.\u00a0\u00bb Pour pallier ce probl\u00e8me, diff\u00e9rents moyens devraient \u00eatre mis en place dans les prochains mois, dont une pr\u00e9sence plus forte sur les r\u00e9seaux sociaux comme <strong>Tiktok<\/strong>, pour mettre au courant les premiers concern\u00e9s de l\u2019aide \u00e0 laquelle ils pourraient avoir droit. Les <strong>\u00e9tablissements scolaires<\/strong> devraient \u00e9galement accueillir une campagne de communication plus importante.<\/p>\n<p>    <img   decoding=\"async\" loading=\"lazy\" src=\"https:\/\/www.europesays.com\/fr\/wp-content\/uploads\/2025\/05\/20250522-181235-960x640.jpg\" alt=\"La CAF de l'H\u00e9rault a pr\u00e9sent\u00e9 le Pass Colo et son bilan.\" width=\"960\" height=\"640\"\/><br \/>\n    La CAF de l\u2019H\u00e9rault a pr\u00e9sent\u00e9 le Pass Colo et son bilan. (\u00a9M\u00e9tropolitain\/AS)<\/p>\n<p class=\" wall-content\">Le Pass Colo vient s\u2019ajouter \u00e0 des dispositifs d\u00e9j\u00e0 existants, comme l\u2019Aide aux vacances enfant (<strong>AVE<\/strong>), les aides des comit\u00e9s sociaux et \u00e9conomiques (<strong>CSE<\/strong>), ou bien les <strong>colos apprenantes<\/strong> de l\u2019Education nationale. Celles-ci, d\u00e9crites par <strong>Catherine C\u00f4me<\/strong> (directrice acad\u00e9mique des services de l\u2019Education nationale) comme une \u00ab\u00a0politique publique essentielle\u00a0\u00bb, sont des s\u00e9jours qui associent la d\u00e9couverte et les vacances \u00e0 un apport p\u00e9dagogique. La CAF soutient ces colo apprenantes \u00e0 hauteur de pr\u00e8s de 500 000 euros.<\/p>\n<p>384 s\u00e9jours cette ann\u00e9e<\/p>\n<p class=\" wall-content\">Cette ann\u00e9e, <strong>384 s\u00e9jours<\/strong> sont propos\u00e9s dans l\u2019H\u00e9rault par des organisateurs conventionn\u00e9s, dont les associations <strong>C.L.O.S Nature<\/strong> et <strong>PePs<\/strong> font partie. La premi\u00e8re organise sept colonies par an et de l\u2019aide aux devoirs apr\u00e8s les journ\u00e9es d\u2019\u00e9cole. Elle accueille essentiellement des enfants du quartier Figuerolles, mais pas exclusivement. Pour <strong>Perrine Polenne<\/strong>, responsable p\u00e9dagogique de l\u2019association PePs, ces colonies sont un bon moyen de \u00ab\u00a0garder une mixit\u00e9 sociale chez les plus jeunes.\u00a0\u00bb <strong>Olivier Azemar<\/strong>, pr\u00e9sident de C.L.O.S Nature, explique que le dispositif VACAF aide l\u2019association \u00e0 vivre et \u00e0 organiser des activit\u00e9s de qualit\u00e9, et lui permet de \u00ab\u00a0participer \u00e0 l\u2019action publique,\u00a0\u00bb ainsi que d\u2019assurer une continuit\u00e9 p\u00e9dagogique.<\/p>\n<p>&gt; Toutes les informations au sujet du Pass Colo peuvent \u00eatre retrouv\u00e9es sur le site <a href=\"https:\/\/www.jeunes.gouv.fr\/passcolo\" target=\"_blank\" rel=\"noopener\">jeunes.gouv.fr<\/a>. Le site int\u00e8gre aussi un simulateur du montant de l\u2019aide et du reste \u00e0 charge de la famille, ainsi que la liste des organisateurs de s\u00e9jours et des s\u00e9jours propos\u00e9s.<\/p>\n<p class=\" wall-content\">Suivez toute l\u2019actualit\u00e9 de vos villes et m\u00e9dias favoris en vous inscrivant \u00e0 <a href=\"https:\/\/moncompte.actu.fr\" title=\"D\u00e9couvez Mon Actu\" rel=\"nofollow noopener\" data-trk=\"{&quot;cta&quot;:{&quot;action&quot;:&quot;https:\\\/\\\/moncompte.actu.fr&quot;,&quot;category&quot;:&quot;mon compte&quot;,&quot;from&quot;:&quot;article footer&quot;,&quot;name&quot;:&quot;Mon actu&quot;,&quot;type&quot;:&quot;cta&quot;}}\" target=\"_blank\">Mon Actu<\/a>.<\/p>\n","protected":false},"excerpt":{"rendered":"Par R\u00e9daction M\u00e9tropolitain Publi\u00e9 le 26 mai 2025 \u00e0 17h36 Cette opportunit\u00e9 propos\u00e9e par la CAF\u00a0-Caisse d\u2019allocations familiales&hellip;\n","protected":false},"author":2,"featured_media":129615,"comment_status":"","ping_status":"","sticky":false,"template":"","format":"standard","meta":{"footnotes":""},"categories":[9599],"tags":[1111,11,18489,20504,1777,674,1011,27,2208,12,2680,25,104],"class_list":{"0":"post-129614","1":"post","2":"type-post","3":"status-publish","4":"format-standard","5":"has-post-thumbnail","7":"category-montpellier","8":"tag-actu","9":"tag-actualites","10":"tag-aides-sociales","11":"tag-caf","12":"tag-eu","13":"tag-europe","14":"tag-fr","15":"tag-france","16":"tag-montpellier","17":"tag-news","18":"tag-occitanie","19":"tag-republique-francaise","20":"tag-societe"},"share_on_mastodon":{"url":"https:\/\/pubeurope.com\/@fr\/114574955904354926","error":""},"_links":{"self":[{"href":"https:\/\/www.europesays.com\/fr\/wp-json\/wp\/v2\/posts\/129614","targetHints":{"allow":["GET"]}}],"collection":[{"href":"https:\/\/www.europesays.com\/fr\/wp-json\/wp\/v2\/posts"}],"about":[{"href":"https:\/\/www.europesays.com\/fr\/wp-json\/wp\/v2\/types\/post"}],"author":[{"embeddable":true,"href":"https:\/\/www.europesays.com\/fr\/wp-json\/wp\/v2\/users\/2"}],"replies":[{"embeddable":true,"href":"https:\/\/www.europesays.com\/fr\/wp-json\/wp\/v2\/comments?post=129614"}],"version-history":[{"count":0,"href":"https:\/\/www.europesays.com\/fr\/wp-json\/wp\/v2\/posts\/129614\/revisions"}],"wp:featuredmedia":[{"embeddable":true,"href":"https:\/\/www.europesays.com\/fr\/wp-json\/wp\/v2\/media\/129615"}],"wp:attachment":[{"href":"https:\/\/www.europesays.com\/fr\/wp-json\/wp\/v2\/media?parent=129614"}],"wp:term":[{"taxonomy":"category","embeddable":true,"href":"https:\/\/www.europesays.com\/fr\/wp-json\/wp\/v2\/categories?post=129614"},{"taxonomy":"post_tag","embeddable":true,"href":"https:\/\/www.europesays.com\/fr\/wp-json\/wp\/v2\/tags?post=129614"}],"curies":[{"name":"wp","href":"https:\/\/api.w.org\/{rel}","templated":true}]}}