{"id":129624,"date":"2025-05-26T16:02:10","date_gmt":"2025-05-26T16:02:10","guid":{"rendered":"https:\/\/www.europesays.com\/fr\/129624\/"},"modified":"2025-05-26T16:02:10","modified_gmt":"2025-05-26T16:02:10","slug":"la-tranchee-couverte-ouvre-en-partie-ce-mardi","status":"publish","type":"post","link":"https:\/\/www.europesays.com\/fr\/129624\/","title":{"rendered":"la tranch\u00e9e couverte ouvre en partie ce mardi"},"content":{"rendered":"<p>On commence \u00e0 voir le bout du tunnel du c\u00f4t\u00e9 des travaux du <a href=\"https:\/\/www.ledauphine.com\/d\/echangeur-du-rondeau-ou-en-est-le-chantier-95a8e06d-60b2-410a-b4e4-3210965d68d5\" target=\"_blank\" rel=\"noopener\">Rondeau<\/a>\u2026 Ce mardi 27\u00a0mai au matin, une partie de <a href=\"https:\/\/www.ledauphine.com\/transport\/2025\/05\/21\/metropole-de-grenoble-rondeau-le-tunnel-ouvrira-entre-le-27-mai-et-le-4-juin\" target=\"_blank\" rel=\"noopener\">la nouvelle tranch\u00e9e couverte<\/a> sera accessible aux automobilistes qui arrivent de Chamb\u00e9ry et qui souhaitent rejoindre l\u2019A480.<\/p>\n<p>La mise en service compl\u00e8te de l\u2019\u00e9quipement ne peut en effet pas se faire en une fois\u00a0: il faudra attendre jusqu\u2019au mercredi 4\u00a0juin pour l\u2019ouverture de la partie sud, dans le sens A480 vers Chamb\u00e9ry donc. Mais apr\u00e8s quatre ann\u00e9es de travaux, certains diront qu\u2019on n\u2019a jamais \u00e9t\u00e9 aussi pr\u00e8s du but\u00a0!<\/p>\n<p>Encore des travaux pendant\u00a0un an<\/p>\n<p>Le chantier se poursuivra ces prochains mois parce qu\u2019il reste encore des am\u00e9nagements \u00e0 r\u00e9aliser. <a href=\"https:\/\/www.ledauphine.com\/transport\/2025\/01\/21\/passerelle-pietons-cycles-du-rondeau-la-premiere-piece-du-puzzle-est-posee\" target=\"_blank\" rel=\"noopener\">La passerelle pi\u00e9tons-cycles<\/a>, bien visible d\u00e9sormais au-dessus de l\u2019A480, n\u2019est par exemple pas encore pr\u00eate et ne sera mise en service qu\u2019en fin d\u2019ann\u00e9e. Il faudra aussi r\u00e9aliser les \u00e9quipements de surface sur la tranch\u00e9e (plantations, voiries,\u00a0etc.). D\u2019ici un an, tout devrait \u00eatre termin\u00e9 du c\u00f4t\u00e9 du Rondeau.<\/p>\n<p>Ce contenu est bloqu\u00e9 car vous n&rsquo;avez pas accept\u00e9 les cookies et autres traceurs.<\/p>\n<p>En cliquant sur \u00ab J\u2019accepte \u00bb, les cookies et autres traceurs seront d\u00e9pos\u00e9s et vous pourrez visualiser les contenus  (<a href=\"\" class=\"consentModule_policy\" target=\"_blank\" title=\"Consulter la politique de protection des donn\u00e9es du fournisseur\">plus d&rsquo;informations<\/a>).<\/p>\n<p>En cliquant sur \u00ab J\u2019accepte tous les cookies \u00bb, vous autorisez des d\u00e9p\u00f4ts de cookies et autres traceurs pour le stockage de vos donn\u00e9es sur nos sites et applications \u00e0 des fins de personnalisation et de ciblage publicitaire.<\/p>\n<p class=\"consentModule_secondaryText\">Vous gardez la possibilit\u00e9 de retirer votre consentement \u00e0 tout moment en consultant notre <a href=\"https:\/\/www.ledauphine.com\/protection-des-donnees\" target=\"_blank\" title=\"Consulter notre politique de protection des donn\u00e9es\" rel=\"noopener\">politique de protection des donn\u00e9es<\/a>. <br \/>&#13;<br \/>\n            <a href=\"https:\/\/www.ledauphine.com\/transport\/2025\/05\/26\/javascript:Didomi.notice.show()\" class=\"consentModule_cmp\" target=\"_blank\" rel=\"noopener\">G\u00e9rer mes choix<\/a>&#13;\n        <\/p>\n<p>&#13;<br \/>\n                        J&rsquo;accepte&#13;<br \/>\n            J&rsquo;accepte tous les cookies&#13;\n        <\/p>\n","protected":false},"excerpt":{"rendered":"On commence \u00e0 voir le bout du tunnel du c\u00f4t\u00e9 des travaux du Rondeau\u2026 Ce mardi 27\u00a0mai au&hellip;\n","protected":false},"author":2,"featured_media":129625,"comment_status":"","ping_status":"","sticky":false,"template":"","format":"standard","meta":{"footnotes":""},"categories":[9566],"tags":[1111,11,646,2430,4749,3542,9852,9853,112,1777,674,1011,27,2731,108,12,25,2803,800],"class_list":{"0":"post-129624","1":"post","2":"type-post","3":"status-publish","4":"format-standard","5":"has-post-thumbnail","7":"category-grenoble","8":"tag-actu","9":"tag-actualites","10":"tag-automobile","11":"tag-auvergne-rhone-alpes","12":"tag-btp-et-chantiers","13":"tag-circulation","14":"tag-echirolles","15":"tag-echirolles-bassin","16":"tag-edition-grenoble-agglomeration","17":"tag-eu","18":"tag-europe","19":"tag-fr","20":"tag-france","21":"tag-grenoble","22":"tag-isere","23":"tag-news","24":"tag-republique-francaise","25":"tag-transport","26":"tag-transports"},"share_on_mastodon":{"url":"https:\/\/pubeurope.com\/@fr\/114574979523665355","error":""},"_links":{"self":[{"href":"https:\/\/www.europesays.com\/fr\/wp-json\/wp\/v2\/posts\/129624","targetHints":{"allow":["GET"]}}],"collection":[{"href":"https:\/\/www.europesays.com\/fr\/wp-json\/wp\/v2\/posts"}],"about":[{"href":"https:\/\/www.europesays.com\/fr\/wp-json\/wp\/v2\/types\/post"}],"author":[{"embeddable":true,"href":"https:\/\/www.europesays.com\/fr\/wp-json\/wp\/v2\/users\/2"}],"replies":[{"embeddable":true,"href":"https:\/\/www.europesays.com\/fr\/wp-json\/wp\/v2\/comments?post=129624"}],"version-history":[{"count":0,"href":"https:\/\/www.europesays.com\/fr\/wp-json\/wp\/v2\/posts\/129624\/revisions"}],"wp:featuredmedia":[{"embeddable":true,"href":"https:\/\/www.europesays.com\/fr\/wp-json\/wp\/v2\/media\/129625"}],"wp:attachment":[{"href":"https:\/\/www.europesays.com\/fr\/wp-json\/wp\/v2\/media?parent=129624"}],"wp:term":[{"taxonomy":"category","embeddable":true,"href":"https:\/\/www.europesays.com\/fr\/wp-json\/wp\/v2\/categories?post=129624"},{"taxonomy":"post_tag","embeddable":true,"href":"https:\/\/www.europesays.com\/fr\/wp-json\/wp\/v2\/tags?post=129624"}],"curies":[{"name":"wp","href":"https:\/\/api.w.org\/{rel}","templated":true}]}}