{"id":129630,"date":"2025-05-26T16:05:09","date_gmt":"2025-05-26T16:05:09","guid":{"rendered":"https:\/\/www.europesays.com\/fr\/129630\/"},"modified":"2025-05-26T16:05:09","modified_gmt":"2025-05-26T16:05:09","slug":"strasbourg-un-podcast-de-licans-finaliste-dun-prix-francophone","status":"publish","type":"post","link":"https:\/\/www.europesays.com\/fr\/129630\/","title":{"rendered":"Strasbourg. Un podcast de l\u2019Icans finaliste d\u2019un prix francophone"},"content":{"rendered":"<p>Lanc\u00e9 au c\u0153ur des p\u00e9riodes de confinement li\u00e9 \u00e0 la pand\u00e9mie de Covid-19 en France, \u201cDe vous \u00e0 nous\u201d le podcast de l\u2019Icans a permis \u00e0 l\u2019Institut de canc\u00e9rologie de Strasbourg Europe de poursuivre ses missions de pr\u00e9vention et d\u2019information aupr\u00e8s de chacun. Un format accessible \u00e0 tous, qui continue depuis lors \u00e0 promouvoir les messages de sant\u00e9 publique, et qui vient d\u2019\u00eatre finaliste du Prix podcast sant\u00e9 francophone 2025 au salon SantExpo.<\/p>\n<p>Fruit d\u2019une r\u00e9flexion multidisciplinaire men\u00e9e en interne qui a tenu compte des attentes et besoins de nos usagers, le podcast \u201cDe vous \u00e0 vous\u201d a \u00e9t\u00e9 cr\u00e9\u00e9 pour entretenir le lien entre les \u00e9quipes de l\u2019Icans et leurs patients et leurs proches, ainsi que pour continuer de \u00ab\u00a0toujours informer, soutenir et rassurer\u00a0\u00bb. Au fil des neuf\u00a0\u00e9pisodes enregistr\u00e9s au c\u0153ur de l\u2019institut strasbourgeois, \u201cDe vous \u00e0 nous\u201d propose \u00ab\u00a0un contenu unique, neuf et dynamique\u00a0\u00bb.<\/p>\n<p class=\"note\">Les \u00e9pisodes sont accessibles sur le site internet\u00a0: <a href=\"https:\/\/icans.eu\/de-vous-a-nous-le-podcast-de-licans\/\" title=\"icans.eu\" rel=\"nofollow noopener\" target=\"_blank\"> https:\/\/icans.eu\/de-vous-a-nous-le-podcast-de-licans<\/a><\/p>\n","protected":false},"excerpt":{"rendered":"Lanc\u00e9 au c\u0153ur des p\u00e9riodes de confinement li\u00e9 \u00e0 la pand\u00e9mie de Covid-19 en France, \u201cDe vous \u00e0&hellip;\n","protected":false},"author":2,"featured_media":129631,"comment_status":"","ping_status":"","sticky":false,"template":"","format":"standard","meta":{"footnotes":""},"categories":[2820],"tags":[1111,11,2389,25367,2880,1777,674,107,1011,27,775,12,25,71,640,2879],"class_list":{"0":"post-129630","1":"post","2":"type-post","3":"status-publish","4":"format-standard","5":"has-post-thumbnail","7":"category-strasbourg","8":"tag-actu","9":"tag-actualites","10":"tag-alsace","11":"tag-covid-coronavirus","12":"tag-edition-strasbourg","13":"tag-eu","14":"tag-europe","15":"tag-fil-info","16":"tag-fr","17":"tag-france","18":"tag-grand-est","19":"tag-news","20":"tag-republique-francaise","21":"tag-sante","22":"tag-strasbourg","23":"tag-strasbourg-ville"},"share_on_mastodon":{"url":"https:\/\/pubeurope.com\/@fr\/114574991355130843","error":""},"_links":{"self":[{"href":"https:\/\/www.europesays.com\/fr\/wp-json\/wp\/v2\/posts\/129630","targetHints":{"allow":["GET"]}}],"collection":[{"href":"https:\/\/www.europesays.com\/fr\/wp-json\/wp\/v2\/posts"}],"about":[{"href":"https:\/\/www.europesays.com\/fr\/wp-json\/wp\/v2\/types\/post"}],"author":[{"embeddable":true,"href":"https:\/\/www.europesays.com\/fr\/wp-json\/wp\/v2\/users\/2"}],"replies":[{"embeddable":true,"href":"https:\/\/www.europesays.com\/fr\/wp-json\/wp\/v2\/comments?post=129630"}],"version-history":[{"count":0,"href":"https:\/\/www.europesays.com\/fr\/wp-json\/wp\/v2\/posts\/129630\/revisions"}],"wp:featuredmedia":[{"embeddable":true,"href":"https:\/\/www.europesays.com\/fr\/wp-json\/wp\/v2\/media\/129631"}],"wp:attachment":[{"href":"https:\/\/www.europesays.com\/fr\/wp-json\/wp\/v2\/media?parent=129630"}],"wp:term":[{"taxonomy":"category","embeddable":true,"href":"https:\/\/www.europesays.com\/fr\/wp-json\/wp\/v2\/categories?post=129630"},{"taxonomy":"post_tag","embeddable":true,"href":"https:\/\/www.europesays.com\/fr\/wp-json\/wp\/v2\/tags?post=129630"}],"curies":[{"name":"wp","href":"https:\/\/api.w.org\/{rel}","templated":true}]}}