{"id":129632,"date":"2025-05-26T16:06:13","date_gmt":"2025-05-26T16:06:13","guid":{"rendered":"https:\/\/www.europesays.com\/fr\/129632\/"},"modified":"2025-05-26T16:06:13","modified_gmt":"2025-05-26T16:06:13","slug":"strasbourg-a-lorangerie-le-nouveau-bowling-decarbone-prend-forme-la-date-douverture-se-precise","status":"publish","type":"post","link":"https:\/\/www.europesays.com\/fr\/129632\/","title":{"rendered":"Strasbourg. \u00c0 l\u2019Orangerie, le nouveau bowling \u00ab d\u00e9carbon\u00e9 \u00bb prend forme, la date d&rsquo;ouverture se pr\u00e9cise"},"content":{"rendered":"<p>Il pousse presque aussi vite que le b\u00e2timent pr\u00e9c\u00e9dent a \u00e9t\u00e9 d\u00e9truit par la croqueuse ! Au parc de l\u2019Orangerie, le futur nouveau bowling, son restaurant et ses (tr\u00e8s attendues) toilettes publiques attenantes &#8211; \u00ab <a href=\"https:\/\/www.dna.fr\/culture-loisirs\/2022\/12\/29\/un-bowling-tout-neuf-pour-l-orangerie-d-ici-juin-2024\" target=\"_blank\" rel=\"noopener\">un projet sur lequel nous travaillons depuis six ans<\/a> , tant il a \u00e9t\u00e9 compliqu\u00e9 \u00e0 lancer \u00bb, a rappel\u00e9 ce lundi matin son patient propri\u00e9taire, Richard Meyer &#8211; prennent enfin forme !<\/p>\n<p><a href=\"https:\/\/www.dna.fr\/economie\/2025\/03\/29\/a-l-orangerie-le-nouveau-bowling-sort-(enfin)-de-terre-voici-a-quoi-il-ressemblera\" target=\"_blank\" rel=\"noopener\">D\u00e9marr\u00e9 en mars avec le coulage de la dalle<\/a> , le chantier, surplomb\u00e9 d\u2019une impressionnante grue, gagne rapidement en hauteur. D\u2019ici fin juillet, tous les pans de murs en b\u00e9ton \u00ab bas carbone \u00bb seront en place. Fin juin, la charpente en lamell\u00e9-coll\u00e9 qui coiffera le bowling, longue de 28 m\u00e8tres, arrivera par convoi exceptionnel pour \u00eatre pos\u00e9e. \u00c0 l\u2019int\u00e9rieur du quadrilat\u00e8re, les diff\u00e9rents espaces (bowling, bar, espaces techniques, restaurant de 180 couverts et autres salles de s\u00e9minaire) imagin\u00e9s par le cabinet Wolfrom &amp; Schmitt Architectes s\u2019esquissent peu \u00e0 peu, eux aussi, donnant une vague id\u00e9e&#8230;<\/p>\n","protected":false},"excerpt":{"rendered":"Il pousse presque aussi vite que le b\u00e2timent pr\u00e9c\u00e9dent a \u00e9t\u00e9 d\u00e9truit par la croqueuse ! Au parc&hellip;\n","protected":false},"author":2,"featured_media":129633,"comment_status":"","ping_status":"","sticky":false,"template":"","format":"standard","meta":{"footnotes":""},"categories":[2820],"tags":[1111,11,2389,2649,4749,4406,33,2880,436,1777,674,107,1011,27,775,12,25,640,2879],"class_list":{"0":"post-129632","1":"post","2":"type-post","3":"status-publish","4":"format-standard","5":"has-post-thumbnail","7":"category-strasbourg","8":"tag-actu","9":"tag-actualites","10":"tag-alsace","11":"tag-bas-rhin","12":"tag-btp-et-chantiers","13":"tag-commerce-et-services","14":"tag-economie","15":"tag-edition-strasbourg","16":"tag-environnement","17":"tag-eu","18":"tag-europe","19":"tag-fil-info","20":"tag-fr","21":"tag-france","22":"tag-grand-est","23":"tag-news","24":"tag-republique-francaise","25":"tag-strasbourg","26":"tag-strasbourg-ville"},"share_on_mastodon":{"url":"https:\/\/pubeurope.com\/@fr\/114574995212532756","error":""},"_links":{"self":[{"href":"https:\/\/www.europesays.com\/fr\/wp-json\/wp\/v2\/posts\/129632","targetHints":{"allow":["GET"]}}],"collection":[{"href":"https:\/\/www.europesays.com\/fr\/wp-json\/wp\/v2\/posts"}],"about":[{"href":"https:\/\/www.europesays.com\/fr\/wp-json\/wp\/v2\/types\/post"}],"author":[{"embeddable":true,"href":"https:\/\/www.europesays.com\/fr\/wp-json\/wp\/v2\/users\/2"}],"replies":[{"embeddable":true,"href":"https:\/\/www.europesays.com\/fr\/wp-json\/wp\/v2\/comments?post=129632"}],"version-history":[{"count":0,"href":"https:\/\/www.europesays.com\/fr\/wp-json\/wp\/v2\/posts\/129632\/revisions"}],"wp:featuredmedia":[{"embeddable":true,"href":"https:\/\/www.europesays.com\/fr\/wp-json\/wp\/v2\/media\/129633"}],"wp:attachment":[{"href":"https:\/\/www.europesays.com\/fr\/wp-json\/wp\/v2\/media?parent=129632"}],"wp:term":[{"taxonomy":"category","embeddable":true,"href":"https:\/\/www.europesays.com\/fr\/wp-json\/wp\/v2\/categories?post=129632"},{"taxonomy":"post_tag","embeddable":true,"href":"https:\/\/www.europesays.com\/fr\/wp-json\/wp\/v2\/tags?post=129632"}],"curies":[{"name":"wp","href":"https:\/\/api.w.org\/{rel}","templated":true}]}}