{"id":129634,"date":"2025-05-26T16:07:09","date_gmt":"2025-05-26T16:07:09","guid":{"rendered":"https:\/\/www.europesays.com\/fr\/129634\/"},"modified":"2025-05-26T16:07:09","modified_gmt":"2025-05-26T16:07:09","slug":"des-microcoupures-de-courant-a-nouveau-constatees-ce-lundi-a-louest-de-nice","status":"publish","type":"post","link":"https:\/\/www.europesays.com\/fr\/129634\/","title":{"rendered":"Des microcoupures de courant \u00e0 nouveau constat\u00e9es ce lundi \u00e0 l\u2019ouest de Nice"},"content":{"rendered":"<p>Dans le quartier d\u2019affaires de l\u2019Ar\u00e9nas, \u00e0 Carras, ou encore \u00e0 Fabron, Sainte-Marguerite et \u00e0 la Corniche-Fleurie, des microcoupures de courant ont \u00e0 nouveau \u00e9maill\u00e9 cette journ\u00e9e de lundi. De quoi affoler la Toile. Notamment les pages communautaires de Facebook comme \u00ab\u00a0J\u2019ai Nice dans la peau!\u00a0\u00bb.<\/p>\n<p>Sur ce forum, les t\u00e9moignages se multiplient depuis le d\u00e9but d&rsquo;apr\u00e8s-midi.\u00a0\u00ab\u00a0Ce matin dans les bureaux de l\u2019Ar\u00e9nas il n\u2019y avait pas [de courant], les gens ont d\u00fb rentrer bosser en t\u00e9l\u00e9travail\u00a0\u00bb, \u00e9voque l\u2019un d\u2019eux. \u00ab\u00a0Coupure de 25 minutes \u00e0 la Corniche-Fleurie\u00a0\u00bb, pr\u00e9cise un autre.<\/p>\n<p>Enedis confirme que ces incidents ont bien \u00e9t\u00e9 \u00ab\u00a0rep\u00e9r\u00e9s\u00a0\u00bb par les syst\u00e8mes de d\u00e9tection automatis\u00e9s. Mais, apr\u00e8s v\u00e9rification, <a href=\"https:\/\/www.nicematin.com\/faits-divers\/helicoptere-vingt-ingenieurs-de-gros-moyens-mobilises-a-villeneuve-loubet-pour-eviter-que-le-pylone-ne-s-effondre-a-la-suite-de-la-vague-de-sabotage-du-reseau-electrique-987491\" rel=\"nofollow noopener\" target=\"_blank\">ils ne sont pas cons\u00e9cutifs \u00e0 un nouvel acte de vandalisme.<\/a><\/p>\n<p>Ces nouveaux incidents sur le r\u00e9seau sont en r\u00e9alit\u00e9 \u00ab\u00a0la cons\u00e9quence des travaux de r\u00e9paration en cours sur le poste incendi\u00e9 dans la nuit de samedi \u00e0 dimanche boulevard Paul Montel\u00a0\u00bb, pr\u00e9cise l\u2019op\u00e9rateur.<\/p>\n","protected":false},"excerpt":{"rendered":"Dans le quartier d\u2019affaires de l\u2019Ar\u00e9nas, \u00e0 Carras, ou encore \u00e0 Fabron, Sainte-Marguerite et \u00e0 la Corniche-Fleurie, des&hellip;\n","protected":false},"author":2,"featured_media":129635,"comment_status":"","ping_status":"","sticky":false,"template":"","format":"standard","meta":{"footnotes":""},"categories":[2819],"tags":[1111,11,893,1777,674,1011,27,12,2401,882,25],"class_list":{"0":"post-129634","1":"post","2":"type-post","3":"status-publish","4":"format-standard","5":"has-post-thumbnail","7":"category-nice","8":"tag-actu","9":"tag-actualites","10":"tag-energie","11":"tag-eu","12":"tag-europe","13":"tag-fr","14":"tag-france","15":"tag-news","16":"tag-nice","17":"tag-provence-alpes-cote-dazur","18":"tag-republique-francaise"},"share_on_mastodon":{"url":"https:\/\/pubeurope.com\/@fr\/114574999194639329","error":""},"_links":{"self":[{"href":"https:\/\/www.europesays.com\/fr\/wp-json\/wp\/v2\/posts\/129634","targetHints":{"allow":["GET"]}}],"collection":[{"href":"https:\/\/www.europesays.com\/fr\/wp-json\/wp\/v2\/posts"}],"about":[{"href":"https:\/\/www.europesays.com\/fr\/wp-json\/wp\/v2\/types\/post"}],"author":[{"embeddable":true,"href":"https:\/\/www.europesays.com\/fr\/wp-json\/wp\/v2\/users\/2"}],"replies":[{"embeddable":true,"href":"https:\/\/www.europesays.com\/fr\/wp-json\/wp\/v2\/comments?post=129634"}],"version-history":[{"count":0,"href":"https:\/\/www.europesays.com\/fr\/wp-json\/wp\/v2\/posts\/129634\/revisions"}],"wp:featuredmedia":[{"embeddable":true,"href":"https:\/\/www.europesays.com\/fr\/wp-json\/wp\/v2\/media\/129635"}],"wp:attachment":[{"href":"https:\/\/www.europesays.com\/fr\/wp-json\/wp\/v2\/media?parent=129634"}],"wp:term":[{"taxonomy":"category","embeddable":true,"href":"https:\/\/www.europesays.com\/fr\/wp-json\/wp\/v2\/categories?post=129634"},{"taxonomy":"post_tag","embeddable":true,"href":"https:\/\/www.europesays.com\/fr\/wp-json\/wp\/v2\/tags?post=129634"}],"curies":[{"name":"wp","href":"https:\/\/api.w.org\/{rel}","templated":true}]}}