{"id":129661,"date":"2025-05-26T16:21:10","date_gmt":"2025-05-26T16:21:10","guid":{"rendered":"https:\/\/www.europesays.com\/fr\/129661\/"},"modified":"2025-05-26T16:21:10","modified_gmt":"2025-05-26T16:21:10","slug":"loi-duplomb-le-mouvement-est-parti-pour-durer-selon-la-fdsea-idf","status":"publish","type":"post","link":"https:\/\/www.europesays.com\/fr\/129661\/","title":{"rendered":"Loi Duplomb : \u201cle mouvement est parti pour durer\u201d, selon la FDSEA IDF"},"content":{"rendered":"<p><img loading=\"lazy\" decoding=\"async\" alt=\"\u00a9 FRSEA IDF - Guillaume Moret, pr\u00e9sident de la FDSEA IDF et agriculteur dans le Val-d\u2019Oise.\u00a0\" data-zoom-src=\"https:\/\/www.europesays.com\/fr\/wp-content\/uploads\/2025\/05\/initial-agriculteurs-assemblee-nationale.jpg\" data-zoomable=\"\" height=\"702\" src=\"https:\/\/www.europesays.com\/fr\/wp-content\/uploads\/2025\/05\/initial-agriculteurs-assemblee-nationale.jpg\" width=\"1248\"\/>  <\/p>\n<p class=\"article-desc\">\u00a9 FRSEA IDF &#8211; Guillaume Moret, pr\u00e9sident de la FDSEA IDF et agriculteur dans le Val-d\u2019Oise.\u00a0 <\/p>\n<p>Le mouvement de grogne des agriculteurs reprend. Alors que l\u2019examen de la proposition de <a href=\"https:\/\/mesinfos.fr\/75000-paris\/loi-duplomb-sur-les-pesticides-une-bataille-tactique-s-ouvre-a-l-assemblee-nationale-223200.html\" rel=\"noopener\" target=\"_blank\">loi Duplomb<\/a> d\u00e9bute \u00e0 l\u2019<strong>Assembl\u00e9e nationale<\/strong>, les exploitants se mobilisent au pied du <strong>Palais Bourbon<\/strong>, notamment ceux originaires de l&rsquo;<strong>\u00cele-de-France<\/strong>. Outre un barrage filtrant positionn\u00e9 sur la N118 en Essonne, des op\u00e9rations escargot ont \u00e9t\u00e9 annonc\u00e9es sur l\u2019A15, la N184 et la N104.\u00a0 <\/p>\n<p>\u201cDans le cadre de la mobilisation agricole, des perturbations sont en cours sur la N118. Des d\u00e9viations ont \u00e9t\u00e9 mises en place pour s\u00e9curiser la circulation aux <strong>Ulis<\/strong> et sur le plateau de <strong>Saclay<\/strong>\u201d, expliquait en matin\u00e9e la <strong>pr\u00e9fecture de l\u2019Essonne<\/strong>. La <strong>pr\u00e9fecture du Val-d\u2019Oise<\/strong> expliquait \u00e9galement : \u201cdans le d\u00e9partement, les conditions de circulation sont actuellement difficiles sur l\u2019A15 vers Paris et la N184 vers Cergy. La circulation est fortement ralentie par endroit\u201d.\u00a0 <\/p>\n<p> Le mouvement des agriculteurs \u201cparti pour durer\u201d <\/p>\n<p>\u201cIl faut lever les distorsions de concurrence. On ne peut pas se battre sur les m\u00eames march\u00e9s que nos coll\u00e8gues avec des r\u00e8gles qui sont diff\u00e9rentes\u201d, a expliqu\u00e9 sur RMC <strong>Guillaume Moret<\/strong>, pr\u00e9sident de la <strong>FDSEA \u00cele-de-France Ouest <\/strong>et agriculteur au<strong> Plessis-Gassot<\/strong>, dans le Val-d\u2019Oise. Selon lui, les attentes des agriculteurs sont fortes et le mouvement est parti pour durer.\u00a0<\/p>\n<p>Sur la question des <strong>ac\u00e9tamiprides<\/strong>, un produit de la famille des <a href=\"https:\/\/mesinfos.fr\/ile-de-france\/fin-des-neonicotinoides-jean-francois-parigi-a-ecrit-a-la-premiere-ministre-120957.html\" rel=\"noopener\" target=\"_blank\"><strong>n\u00e9onicotino\u00efdes<\/strong><\/a>, l\u2019exploitant demande une homologation temporaire sous certaines conditions, afin de retrouver la comp\u00e9titivit\u00e9. Ce produit est notamment important pour la culture des noisettes et des <strong>betteraves<\/strong>. \u201cCes n\u00e9onis ont \u00e9t\u00e9 retir\u00e9s parce qu\u2019ils \u00e9taient consid\u00e9r\u00e9s comme des insecticides <strong>tueurs d\u2019abeilles<\/strong>, alors que les betteraves ne produisent pas de fleur au moment o\u00f9 nous les r\u00e9coltons. Il s\u2019agissait de traitements des semences, donc tr\u00e8s localis\u00e9s\u201d, a ajout\u00e9 Guillaume Moret.\u00a0<\/p>\n<p>En 2020, ann\u00e9e de l\u2019interdiction du produit, de fortes <strong>attaques de pucerons<\/strong> ont fait passer les rendements de 85 tonnes \u00e0 20 tonnes par hectare. \u201cOn nous avait fait des promesses, rien n\u2019est tenu, on n\u2019avance pas, on patine\u201d, a poursuivi l\u2019exploitant.<\/p>\n<p>Interrog\u00e9 devant l\u2019Assembl\u00e9e nationale par BFM, <strong>Cl\u00e9ment Torpier<\/strong>, pr\u00e9sident des <strong>JA<\/strong> (Jeunes agriculteurs)<strong> IDF<\/strong>, a d\u00e9plor\u00e9 le d\u00e9p\u00f4t de pr\u00e8s de 3500 amendements. \u201cOn continue de marcher sur la t\u00eate, c\u2019est une forme de trahison de certains d\u00e9put\u00e9s qui sont venus l\u2019an dernier sur des points de mobilisation pour nous soutenir, aujourd\u2019hui une partie ne va pas tenir ses engagements\u201d,\u00a0a-t-il indiqu\u00e9, demandant l&rsquo;adoption du texte d&rsquo;origine dans son enti\u00e8ret\u00e9.\u00a0 <\/p>\n<blockquote class=\"twitter-tweet\" data-uniformized=\"true\">\n<p dir=\"ltr\" lang=\"fr\">Nos <a href=\"https:\/\/twitter.com\/hashtag\/JeunesAgriculteurs?src=hash&amp;ref_src=twsrc%5Etfw\" target=\"_blank\" rel=\"noopener\">#JeunesAgriculteurs<\/a> rencontrent les d\u00e9put\u00e9s pour les sensibiliser \u00e0 l\u2019importance de la <a href=\"https:\/\/twitter.com\/hashtag\/LoiContraintes?src=hash&amp;ref_src=twsrc%5Etfw\" target=\"_blank\" rel=\"noopener\">#LoiContraintes<\/a> \ud83d\udc4a <a href=\"https:\/\/twitter.com\/QGuillous?ref_src=twsrc%5Etfw\" target=\"_blank\" rel=\"noopener\">@QGuillous<\/a> <a href=\"https:\/\/twitter.com\/TorpierC?ref_src=twsrc%5Etfw\" target=\"_blank\" rel=\"noopener\">@TorpierC<\/a> <a href=\"https:\/\/twitter.com\/JAregionIDF?ref_src=twsrc%5Etfw\" target=\"_blank\" rel=\"noopener\">@JAregionIDF<\/a> <a href=\"https:\/\/t.co\/DZqZ6L0RuF\">pic.twitter.com\/DZqZ6L0RuF<\/a><\/p>\n<p> \u2014 Jeunes Agriculteurs (@JeunesAgri) <a href=\"https:\/\/twitter.com\/JeunesAgri\/status\/1926938624009855033?ref_src=twsrc%5Etfw\" target=\"_blank\" rel=\"noopener\">May 26, 2025<\/a><\/p><\/blockquote>\n<p>\u00a0<\/p>\n<p><script async src=\"https:\/\/platform.twitter.com\/widgets.js\" charset=\"utf-8\"><\/script><\/p>\n","protected":false},"excerpt":{"rendered":"\u00a9 FRSEA IDF &#8211; Guillaume Moret, pr\u00e9sident de la FDSEA IDF et agriculteur dans le Val-d\u2019Oise.\u00a0 Le mouvement&hellip;\n","protected":false},"author":2,"featured_media":129662,"comment_status":"","ping_status":"","sticky":false,"template":"","format":"standard","meta":{"footnotes":""},"categories":[1592],"tags":[1111,11,25368,1777,674,1011,27,662,12,626,25],"class_list":{"0":"post-129661","1":"post","2":"type-post","3":"status-publish","4":"format-standard","5":"has-post-thumbnail","7":"category-ile-de-france","8":"tag-actu","9":"tag-actualites","10":"tag-agriculteurs-en-colu00e8re","11":"tag-eu","12":"tag-europe","13":"tag-fr","14":"tag-france","15":"tag-ile-de-france","16":"tag-news","17":"tag-paris","18":"tag-republique-francaise"},"share_on_mastodon":{"url":"https:\/\/pubeurope.com\/@fr\/114575054221022363","error":""},"_links":{"self":[{"href":"https:\/\/www.europesays.com\/fr\/wp-json\/wp\/v2\/posts\/129661","targetHints":{"allow":["GET"]}}],"collection":[{"href":"https:\/\/www.europesays.com\/fr\/wp-json\/wp\/v2\/posts"}],"about":[{"href":"https:\/\/www.europesays.com\/fr\/wp-json\/wp\/v2\/types\/post"}],"author":[{"embeddable":true,"href":"https:\/\/www.europesays.com\/fr\/wp-json\/wp\/v2\/users\/2"}],"replies":[{"embeddable":true,"href":"https:\/\/www.europesays.com\/fr\/wp-json\/wp\/v2\/comments?post=129661"}],"version-history":[{"count":0,"href":"https:\/\/www.europesays.com\/fr\/wp-json\/wp\/v2\/posts\/129661\/revisions"}],"wp:featuredmedia":[{"embeddable":true,"href":"https:\/\/www.europesays.com\/fr\/wp-json\/wp\/v2\/media\/129662"}],"wp:attachment":[{"href":"https:\/\/www.europesays.com\/fr\/wp-json\/wp\/v2\/media?parent=129661"}],"wp:term":[{"taxonomy":"category","embeddable":true,"href":"https:\/\/www.europesays.com\/fr\/wp-json\/wp\/v2\/categories?post=129661"},{"taxonomy":"post_tag","embeddable":true,"href":"https:\/\/www.europesays.com\/fr\/wp-json\/wp\/v2\/tags?post=129661"}],"curies":[{"name":"wp","href":"https:\/\/api.w.org\/{rel}","templated":true}]}}