{"id":129695,"date":"2025-05-26T16:40:12","date_gmt":"2025-05-26T16:40:12","guid":{"rendered":"https:\/\/www.europesays.com\/fr\/129695\/"},"modified":"2025-05-26T16:40:12","modified_gmt":"2025-05-26T16:40:12","slug":"roland-garros-badosa-apres-sa-victoire-contre-osaka-merci-nadal-car-je-dois-dire-que-lorsque-jai-perdu-le-premier-set-la-premiere-chose-que-jai-faite-a-ete-de-regarder-lemprunte-de-rafa-et-d","status":"publish","type":"post","link":"https:\/\/www.europesays.com\/fr\/129695\/","title":{"rendered":"Roland Garros > Badosa, apr\u00e8s sa victoire contre Osaka : \u00ab\u00a0Merci Nadal car je dois dire que lorsque j&rsquo;ai perdu le premier set, la premi\u00e8re chose que j&rsquo;ai faite a \u00e9t\u00e9 de regarder l&#8217;emprunte de Rafa et de me dire : &lsquo;Allez Paula, tu dois te battre comme lui'\u00a0\u00bb"},"content":{"rendered":"<p>Quoi de mieux que de s\u2019ins\u00adpirer de Rafael Nadal pour remporter un match sur le court Philippe\u2010Chatrier\u202f? C\u2019est ce que Paula Badosa a fait pour renverser Naomi Osaka au premier tour de Roland\u2010Garros ce samedi\u00a0: 6\u20137(1), 6\u20131, 6\u20134, en 2h20 de\u00a0jeu.\u00a0<\/p>\n<blockquote class=\"twitter-tweet\">\n<p lang=\"en\" dir=\"ltr\">Paula Badosa after beating Naomi Osaka at Roland Garros<\/p>\n<p>\u201cI have to say that when I was 7\u20136 down the first thing I did was to look over there.\u201d<\/p>\n<p>*points to Rafa\u2019s foot\u00adprint*<\/p>\n<p>\u201cTo get inspi\u00adra\u00adtion from Rafa. I\u2019m like \u2018Come on Paula, you have to fight like he was.\u2019 Thanks Rafa. We\u2026 <a href=\"https:\/\/t.co\/8nU3Z1HKSz\" data-wpel-link=\"external\" target=\"_blank\" rel=\"nofollow external noopener\">pic.twitter.com\/8nU3Z1HKSz<\/a><\/p>\n<p>\u2014 The Tennis Letter (@TheTennisLetter) <a href=\"https:\/\/twitter.com\/TheTennisLetter\/status\/1927009210396463250?ref_src=twsrc%5Etfw\" data-wpel-link=\"external\" target=\"_blank\" rel=\"nofollow external noopener\">May 26,\u00a02025<\/a><\/p><\/blockquote>\n<p><strong>\u00ab\u202fJe dois dire que lorsque j\u2019ai perdu le premier set, la premi\u00e8re chose que j\u2019ai faite a \u00e9t\u00e9 de regarder l\u2019emprunte de Nadal. Pour m\u2019ins\u00adpirer de Rafa. Je me suis dit\u00a0: \u2018Allez Paula, tu dois te battre comme lui.\u2019 Merci Rafa. Tu nous manques beau\u00adcoup\u202f\u00bb<\/strong>, a confi\u00e9 l\u2019Espagnole lors de l\u2019in\u00adter\u00adview sur le\u00a0court.\u00a0<\/p>\n<p class=\"post-published-date\" style=\"color: silver; font-size: 75%; text-align: left;\">Publi\u00e9 le lundi 26 mai 2025 \u00e0 17:32<\/p>\n<p><script async src=\"https:\/\/platform.twitter.com\/widgets.js\" charset=\"utf-8\"><\/script><\/p>\n","protected":false},"excerpt":{"rendered":"Quoi de mieux que de s\u2019ins\u00adpirer de Rafael Nadal pour remporter un match sur le court Philippe\u2010Chatrier\u202f? C\u2019est&hellip;\n","protected":false},"author":2,"featured_media":129696,"comment_status":"","ping_status":"","sticky":false,"template":"","format":"standard","meta":{"footnotes":""},"categories":[1415],"tags":[13215,1011,27,1960,8447,60,1467],"class_list":{"0":"post-129695","1":"post","2":"type-post","3":"status-publish","4":"format-standard","5":"has-post-thumbnail","7":"category-tennis","8":"tag-badosa","9":"tag-fr","10":"tag-france","11":"tag-nadal","12":"tag-osaka","13":"tag-sports","14":"tag-tennis"},"share_on_mastodon":{"url":"https:\/\/pubeurope.com\/@fr\/114575128937097278","error":""},"_links":{"self":[{"href":"https:\/\/www.europesays.com\/fr\/wp-json\/wp\/v2\/posts\/129695","targetHints":{"allow":["GET"]}}],"collection":[{"href":"https:\/\/www.europesays.com\/fr\/wp-json\/wp\/v2\/posts"}],"about":[{"href":"https:\/\/www.europesays.com\/fr\/wp-json\/wp\/v2\/types\/post"}],"author":[{"embeddable":true,"href":"https:\/\/www.europesays.com\/fr\/wp-json\/wp\/v2\/users\/2"}],"replies":[{"embeddable":true,"href":"https:\/\/www.europesays.com\/fr\/wp-json\/wp\/v2\/comments?post=129695"}],"version-history":[{"count":0,"href":"https:\/\/www.europesays.com\/fr\/wp-json\/wp\/v2\/posts\/129695\/revisions"}],"wp:featuredmedia":[{"embeddable":true,"href":"https:\/\/www.europesays.com\/fr\/wp-json\/wp\/v2\/media\/129696"}],"wp:attachment":[{"href":"https:\/\/www.europesays.com\/fr\/wp-json\/wp\/v2\/media?parent=129695"}],"wp:term":[{"taxonomy":"category","embeddable":true,"href":"https:\/\/www.europesays.com\/fr\/wp-json\/wp\/v2\/categories?post=129695"},{"taxonomy":"post_tag","embeddable":true,"href":"https:\/\/www.europesays.com\/fr\/wp-json\/wp\/v2\/tags?post=129695"}],"curies":[{"name":"wp","href":"https:\/\/api.w.org\/{rel}","templated":true}]}}