{"id":129711,"date":"2025-05-26T16:49:09","date_gmt":"2025-05-26T16:49:09","guid":{"rendered":"https:\/\/www.europesays.com\/fr\/129711\/"},"modified":"2025-05-26T16:49:09","modified_gmt":"2025-05-26T16:49:09","slug":"une-interruption-generale-des-chaines-de-television-a-prevoir","status":"publish","type":"post","link":"https:\/\/www.europesays.com\/fr\/129711\/","title":{"rendered":"une interruption g\u00e9n\u00e9rale des cha\u00eenes de t\u00e9l\u00e9vision \u00e0 pr\u00e9voir"},"content":{"rendered":"<p>Une coupure est pr\u00e9vue dans la nuit du 5 au 6 juin prochain afin de permettre la mise en place des nouveaux canaux. \u00abQuelques minutes\u00bb seulement, estime l\u2019Arcom dans Purem\u00e9dias.<\/p>\n<p class=\"fig-paragraph\">Le chass\u00e9-crois\u00e9 de la TNT est imminent. NRJ12, C8 et les cha\u00eenes payantes du groupe Canal + laissent place \u00e0 des entrantes, dont T18 avec\u00a0<a href=\"http:\/\/tvmag.lefigaro.fr\/programme-tv\/actu-tele\/laurent-ruquier-bientot-a-la-tete-d-une-emission-culturelle-sur-t18-je-ne-regarde-jamais-quelle-epoque-20250524\" target=\"_blank\" data-fig-type=\"Article\" rel=\"noopener\" data-gtm-custom-categorie=\"navigation\" data-gtm-custom-action=\"crossclick\" data-gtm-custom-label=\"Contextuel\" data-gtm-event=\"customEventSPE\" data-fig-domain=\"TVMAG\">Laurent Ruquier en t\u00eate d\u2019affiche<\/a>. En tout, une dizaine de cha\u00eenes vont changer de canal \u00e0 la fin de la premi\u00e8re semaine de juin. La bascule s\u2019op\u00e9rera au cours de la nuit du vendredi 5 au samedi 6 juin, rappelle\u00a0<a href=\"https:\/\/www.ozap.com\/actu\/une-coupure-de-quelques-minutes-toutes-les-chaines-de-television-vont-sinterrompre-dans-la-nuit-du-5-au-6-juin-pour-mettre-en-place-la-nouvelle-numerotation-de-la-tnt\/650092\" target=\"_blank\" rel=\"noopener\" data-gtm-custom-categorie=\"navigation\" data-gtm-custom-action=\"crossclick\" data-gtm-custom-label=\"Contextuel\" data-gtm-event=\"customEventSPE\">Purem\u00e9dias<\/a>, qui a joint le gendarme de l\u2019audiovisuel.<\/p>\n<p class=\"fig-paragraph\">\u00ab\u00a0Il y aura bien une br\u00e8ve coupure des cha\u00eenes lorsque l\u2019op\u00e9ration sera lanc\u00e9e mais elle durera, a priori, quelques minutes\u00a0\u00bb, pr\u00e9cise l\u2019Arcom \u00e0 nos confr\u00e8res. L\u2019estimation la plus probable. \u00ab\u00a0Nous avons pr\u00e9venu chaque groupe et chaque cha\u00eene que la bascule pourrait durer jusqu\u2019\u00e0 une heure et aurait lieu vers 1 heure du matin. Mais il n\u2019y a pas de raison que \u00e7a bloque.\u00a0\u00bb Un \u00e9cran d\u2019interruption va appara\u00eetre sur les t\u00e9l\u00e9viseurs le temps que se d\u00e9roule la bascule.<\/p>\n<p class=\"fig-body-link\">\n            \u00c0 lire aussi<br \/>\n        <a class=\"fig-body-link__link\" href=\"http:\/\/tvmag.lefigaro.fr\/programme-tv\/actu-tele\/nouvelle-numerotation-des-chaines-de-la-tnt-ce-qu-il-faut-savoir-pour-s-y-retrouver-20250517\" target=\"_blank\" data-fig-type=\"Article\" rel=\"noopener\" data-gtm-custom-categorie=\"navigation\" data-gtm-custom-action=\"crossclick\" data-gtm-custom-label=\"Contextuel\" data-gtm-event=\"customEventSPE\" data-fig-domain=\"TVMAG\">Nouvelle num\u00e9rotation des cha\u00eenes de la TNT\u00a0: ce qu\u2019il faut savoir pour s\u2019y retrouver<br \/>\n    <\/a>\n<\/p>\n<p class=\"fig-paragraph\">Ensuite, les t\u00e9l\u00e9spectateurs d\u00e9couvriront le nouveau paysage de la TNT. France 4 grimpera, par exemple, de dix places pour atterrir au canal 4. La Cha\u00eene Parlementaire et Public S\u00e9nat h\u00e9ritent du tr\u00e8s favorable canal 8. L\u2019Arcom a \u00e9galement d\u00e9cid\u00e9\u00a0<a href=\"http:\/\/tvmag.lefigaro.fr\/programme-tv\/actu-tele\/nouvelle-numerotation-des-chaines-de-la-tnt-ce-qu-il-faut-savoir-pour-s-y-retrouver-20250517\" target=\"_blank\" data-fig-type=\"Article\" rel=\"noopener\" data-gtm-custom-categorie=\"navigation\" data-gtm-custom-action=\"crossclick\" data-gtm-custom-label=\"Contextuel\" data-gtm-event=\"customEventSPE\" data-fig-domain=\"TVMAG\">de regrouper les quatre cha\u00eenes d\u2019information en continu<\/a>. \u00c0 noter que\u00a0<a href=\"http:\/\/tvmag.lefigaro.fr\/programme-tv\/actu-tele\/claire-arnoux-bein-sports-rejoindra-la-future-chaine-novo19-20250511\" target=\"_blank\" data-fig-type=\"Article\" rel=\"noopener\" data-gtm-custom-categorie=\"navigation\" data-gtm-custom-action=\"crossclick\" data-gtm-custom-label=\"Contextuel\" data-gtm-event=\"customEventSPE\" data-fig-domain=\"TVMAG\">NOVO19<\/a>, la cha\u00eene imagin\u00e9e par le groupe Ouest-France, ne d\u00e9barquera que le 1er septembre \u00e0 la t\u00e9l\u00e9vision. Comme son nom l\u2019indique, sur le canal 19.<\/p>\n","protected":false},"excerpt":{"rendered":"Une coupure est pr\u00e9vue dans la nuit du 5 au 6 juin prochain afin de permettre la mise&hellip;\n","protected":false},"author":2,"featured_media":129712,"comment_status":"","ping_status":"","sticky":false,"template":"","format":"standard","meta":{"footnotes":""},"categories":[1356],"tags":[497,496,499,3839,58,59,1011,27,500,504,505,495,503,502,501,252,3171,1364,498],"class_list":{"0":"post-129711","1":"post","2":"type-post","3":"status-publish","4":"format-standard","5":"has-post-thumbnail","7":"category-television","8":"tag-actu-tv","9":"tag-actualite-tv","10":"tag-buzz-tv","11":"tag-chaine","12":"tag-divertissement","13":"tag-entertainment","14":"tag-fr","15":"tag-france","16":"tag-medias","17":"tag-news-tele","18":"tag-news-television","19":"tag-news-tv","20":"tag-programme-tele","21":"tag-programme-tv","22":"tag-quiz-tv","23":"tag-television","24":"tag-tnt","25":"tag-tv","26":"tag-tv-actu"},"share_on_mastodon":{"url":"https:\/\/pubeurope.com\/@fr\/114575164371030952","error":""},"_links":{"self":[{"href":"https:\/\/www.europesays.com\/fr\/wp-json\/wp\/v2\/posts\/129711","targetHints":{"allow":["GET"]}}],"collection":[{"href":"https:\/\/www.europesays.com\/fr\/wp-json\/wp\/v2\/posts"}],"about":[{"href":"https:\/\/www.europesays.com\/fr\/wp-json\/wp\/v2\/types\/post"}],"author":[{"embeddable":true,"href":"https:\/\/www.europesays.com\/fr\/wp-json\/wp\/v2\/users\/2"}],"replies":[{"embeddable":true,"href":"https:\/\/www.europesays.com\/fr\/wp-json\/wp\/v2\/comments?post=129711"}],"version-history":[{"count":0,"href":"https:\/\/www.europesays.com\/fr\/wp-json\/wp\/v2\/posts\/129711\/revisions"}],"wp:featuredmedia":[{"embeddable":true,"href":"https:\/\/www.europesays.com\/fr\/wp-json\/wp\/v2\/media\/129712"}],"wp:attachment":[{"href":"https:\/\/www.europesays.com\/fr\/wp-json\/wp\/v2\/media?parent=129711"}],"wp:term":[{"taxonomy":"category","embeddable":true,"href":"https:\/\/www.europesays.com\/fr\/wp-json\/wp\/v2\/categories?post=129711"},{"taxonomy":"post_tag","embeddable":true,"href":"https:\/\/www.europesays.com\/fr\/wp-json\/wp\/v2\/tags?post=129711"}],"curies":[{"name":"wp","href":"https:\/\/api.w.org\/{rel}","templated":true}]}}