{"id":129715,"date":"2025-05-26T16:51:09","date_gmt":"2025-05-26T16:51:09","guid":{"rendered":"https:\/\/www.europesays.com\/fr\/129715\/"},"modified":"2025-05-26T16:51:09","modified_gmt":"2025-05-26T16:51:09","slug":"ou-en-est-le-3e-film","status":"publish","type":"post","link":"https:\/\/www.europesays.com\/fr\/129715\/","title":{"rendered":"o\u00f9 en est le 3e film ?"},"content":{"rendered":"<p>Ce lundi 26 mai, TF1 S\u00e9ries Films offre aux t\u00e9l\u00e9spectateurs l\u2019occasion de (re)d\u00e9couvrir Gladiator, chef-d\u2019\u0153uvre de Ridley Scott sorti en 2000, avec Russell Crowe dans le r\u00f4le de Maximus. Vingt-cinq ans apr\u00e8s sa sortie, le film n\u2019a rien perdu de sa puissance, ni de sa capacit\u00e9 \u00e0 f\u00e9d\u00e9rer un large public. Apr\u00e8s un <a href=\"https:\/\/www.journaldugeek.com\/critique\/critique-gladiator-2-de-mal-empire\/\" target=\"_blank\" rel=\"noopener\">second opus sorti en 2024<\/a>, on fait le point sur le troisi\u00e8me et dernier volet de la saga, qui promet d\u00e9j\u00e0 de nous en mettre plein la vue.<\/p>\n<p> Gladiator III\u00a0: on en est o\u00f9\u00a0? <\/p>\n<p>Apr\u00e8s le succ\u00e8s de Gladiator II en 2024, centr\u00e9 sur le personnage de Lucius Verus (Paul Mescal), Ridley Scott a confirm\u00e9 son intention de poursuivre l\u2019aventure avec un troisi\u00e8me film. Le r\u00e9alisateur a d\u00e9j\u00e0 entam\u00e9 l\u2019\u00e9criture du sc\u00e9nario, et disposerait m\u00eame d\u2019une tr\u00e8s bonne \u00e9bauche, destin\u00e9e \u00e0 offrir une conclusion grandiose \u00e0 la saga. Lors d\u2019une interview pour <a href=\"https:\/\/ew.com\/breaking-down-gladiator-ii-brutal-ending-what-means-sequel-8745115\" target=\"_blank\" rel=\"noopener\">EW<\/a>, il explique\u00a0: \u201cLes gens me demandent si un troisi\u00e8me film est possible. Et je r\u00e9ponds\u00a0: Bien s\u00fbr\u00a0! C\u2019est une r\u00e9ponse instinctive. Avons-nous d\u00e9j\u00e0 trouv\u00e9 comment le faire\u00a0? Pas vraiment\u201d.\u00a0<\/p>\n<p>Pas de doute l\u00e0-dessus. La fin abrupte des aventures de Lucius Verus a laiss\u00e9 les spectateurs et les spectatrices sur le carreau. Malgr\u00e9 un accueil discutable du second volet, il y a fort \u00e0 parier que Ridley Scott obtiendra gain de cause pour relancer la machine. Le r\u00e9alisateur a laiss\u00e9 entendre que <strong>l\u2019action pourrait s\u2019\u00e9loigner des ar\u00e8nes<\/strong> pour explorer d\u2019autres provinces de l\u2019Empire romain, offrant ainsi un nouveau souffle \u00e0 la saga. Le destin de Lucius, seul survivant des \u00e9v\u00e9nements de Gladiator II, devrait \u00eatre au c\u0153ur de l\u2019intrigue.<\/p>\n<p>Le casting complet n\u2019a pas encore \u00e9t\u00e9 officialis\u00e9, mais la pr\u00e9sence de Paul Mescal semble acquise. <a href=\"https:\/\/www.journaldugeek.com\/2024\/11\/25\/gladiator-ii-paul-mescal-netait-pas-le-premier-choix-de-ridley-scott\/\" target=\"_blank\" rel=\"noopener\">S\u2019il n\u2019\u00e9tait pas le premier choix de la production<\/a>, l\u2019acteur a d\u2019ores et d\u00e9j\u00e0 confirm\u00e9 qu\u2019il rechausserait les spartiates pour conclure en beaut\u00e9 l\u2019\u00e9pop\u00e9e sanglante de son personnage.<\/p>\n<p> \u00c7a sort quand\u00a0? <\/p>\n<p>Les rumeurs \u00e9voquent une possible sortie en d\u00e9cembre 2026, mais l\u2019attente pourrait \u00eatre longue. La saga, qui m\u00eale action et fresque historique, pourrait n\u2019arriver qu\u2019en 2027, voire en 2028, en fonction de l\u2019avanc\u00e9e du tournage et des n\u00e9gociations en coulisses. Si la patience reste de mise avant de d\u00e9couvrir ce nouveau chapitre, la diffusion de Gladiator ce soir sur TF1 S\u00e9ries Films est l\u2019occasion parfaite de replonger dans l\u2019univers \u00e9pique de Ridley Scott et de patienter en attendant la suite.<\/p>\n<blockquote>\n<p class=\"text-base text-neutral-700 dark:text-neutral-300\">\ud83d\udfe3 Pour ne manquer aucune news sur le Journal du Geek, abonnez-vous sur <a href=\"https:\/\/news.google.com\/publications\/CAAqBwgKMNr_hAswwYyCAw?hl=fr&amp;gl=FR&amp;ceid=FR%3Afr\" target=\"_blank\" rel=\"noopener\">Google Actualit\u00e9s<\/a> et sur <a href=\"https:\/\/whatsapp.com\/channel\/0029VaClM5y4tRry12tb7D2h\" target=\"_blank\" rel=\"noopener\">notre WhatsApp<\/a>. Et si vous nous adorez, on a <a href=\"https:\/\/www.journaldugeek.com\/newsletter\/\" target=\"_blank\" rel=\"noopener\">une newsletter tous les matins<\/a>.<\/p>\n<\/blockquote>\n","protected":false},"excerpt":{"rendered":"Ce lundi 26 mai, TF1 S\u00e9ries Films offre aux t\u00e9l\u00e9spectateurs l\u2019occasion de (re)d\u00e9couvrir Gladiator, chef-d\u2019\u0153uvre de Ridley Scott&hellip;\n","protected":false},"author":2,"featured_media":129716,"comment_status":"","ping_status":"","sticky":false,"template":"","format":"standard","meta":{"footnotes":""},"categories":[1354],"tags":[25376,650,58,59,1346,1011,27,25377,25378,1360],"class_list":{"0":"post-129715","1":"post","2":"type-post","3":"status-publish","4":"format-standard","5":"has-post-thumbnail","7":"category-films","8":"tag-ce-soir-a-la-tv","9":"tag-cinema","10":"tag-divertissement","11":"tag-entertainment","12":"tag-films","13":"tag-fr","14":"tag-france","15":"tag-gladiator","16":"tag-gladiator-ii","17":"tag-movies"},"share_on_mastodon":{"url":"https:\/\/pubeurope.com\/@fr\/114575172149289260","error":""},"_links":{"self":[{"href":"https:\/\/www.europesays.com\/fr\/wp-json\/wp\/v2\/posts\/129715","targetHints":{"allow":["GET"]}}],"collection":[{"href":"https:\/\/www.europesays.com\/fr\/wp-json\/wp\/v2\/posts"}],"about":[{"href":"https:\/\/www.europesays.com\/fr\/wp-json\/wp\/v2\/types\/post"}],"author":[{"embeddable":true,"href":"https:\/\/www.europesays.com\/fr\/wp-json\/wp\/v2\/users\/2"}],"replies":[{"embeddable":true,"href":"https:\/\/www.europesays.com\/fr\/wp-json\/wp\/v2\/comments?post=129715"}],"version-history":[{"count":0,"href":"https:\/\/www.europesays.com\/fr\/wp-json\/wp\/v2\/posts\/129715\/revisions"}],"wp:featuredmedia":[{"embeddable":true,"href":"https:\/\/www.europesays.com\/fr\/wp-json\/wp\/v2\/media\/129716"}],"wp:attachment":[{"href":"https:\/\/www.europesays.com\/fr\/wp-json\/wp\/v2\/media?parent=129715"}],"wp:term":[{"taxonomy":"category","embeddable":true,"href":"https:\/\/www.europesays.com\/fr\/wp-json\/wp\/v2\/categories?post=129715"},{"taxonomy":"post_tag","embeddable":true,"href":"https:\/\/www.europesays.com\/fr\/wp-json\/wp\/v2\/tags?post=129715"}],"curies":[{"name":"wp","href":"https:\/\/api.w.org\/{rel}","templated":true}]}}