{"id":129724,"date":"2025-05-26T16:56:09","date_gmt":"2025-05-26T16:56:09","guid":{"rendered":"https:\/\/www.europesays.com\/fr\/129724\/"},"modified":"2025-05-26T16:56:09","modified_gmt":"2025-05-26T16:56:09","slug":"cac40-1-trump-refait-le-coup-du-delai-w-street-clos-26-05-2025-a-1612","status":"publish","type":"post","link":"https:\/\/www.europesays.com\/fr\/129724\/","title":{"rendered":"CAC40 : +1%, Trump refait le coup du &lsquo;d\u00e9lai&rsquo;, W-Street clos &#8211; 26\/05\/2025 \u00e0 16:12"},"content":{"rendered":"<p>                                                                (CercleFinance.com) &#8211; Trump rejoue la s\u00e9quence &lsquo;sanctions puis report du d\u00e9lai d&rsquo;application&rsquo;, du coup le CAC40 regagne +1% et le DAX40 (1er p\u00e9nalis\u00e9 par d&rsquo;\u00e9ventuelles surtaxes am\u00e9ricaines) +1,5%, ce qui efface int\u00e9gralement les pertes de vendredi (retour au contact des 24.000Pts).<\/p>\n<p>Pour rappel, l&rsquo;indice parisien avait l\u00e2ch\u00e9 plus de 1,6% vendredi, plomb\u00e9 par la menace brandie par Donald Trump d&rsquo;imposer \u00e0 l&rsquo;UE des droits de douane de 50%, \u00e0 partir du 1er juin, invoquant l&rsquo;absence de progr\u00e8s dans les n\u00e9gociations commerciales. Donald Trump a ensuite indiqu\u00e9 dimanche vouloir reporter ces droits de douane \u00e0 d\u00e9but juillet.\n<\/p>\n<p>&lsquo;L&rsquo;exp\u00e9rience des derniers mois sugg\u00e8re qu&rsquo;un accord sera finalement conclu et que les tarifs de 10% sur les importations am\u00e9ricaines en provenance de l&rsquo;UE annonc\u00e9s d\u00e9but avril resteront en place pour la plupart des produits&rsquo;, temp\u00e9rait Commerzbank.\n<\/p>\n<p>A Wall Street, pas de cotations ce lundi mais les &lsquo;futures&rsquo; progressent de +1% \u00e0 +1,3% malgr\u00e9 la d\u00e9gradation des T-Bonds (toujours en transactions \u00e9lectroniques) apr\u00e8s une br\u00e8ve parenth\u00e8se de 48H de d\u00e9tente jeudi et vendredi.<br \/>\n<br \/>Le rendement du &rsquo;10 ans&rsquo; remonte \u00e0 4,53% (et plus de 4,55% ce matin), le &lsquo;2 ans&rsquo; repasse la barre des 4,00%, le &rsquo;30 ans&rsquo; celle des 5,05%.\n<\/p>\n<p>Londres et New York \u00e9tant ferm\u00e9s ce lundi, les volumes d&rsquo;activit\u00e9 sont consid\u00e9rablement plus minces que d&rsquo;habitude, avec 1MdE \u00e9chang\u00e9 \u00e0 Paris \u00e0 90 minutes de la cl\u00f4ture.<br \/>\n<br \/>Par ailleurs, aucune donn\u00e9e macro\u00e9conomique notable ne figure au calendrier ce lundi, les autres jours de cette derni\u00e8re semaine de mai s&rsquo;annon\u00e7ant toutefois plus riches en statistiques.<br \/>\n<br \/>Les march\u00e9s obligataires exp\u00e9dient donc les affaires courantes&#8230; mais nos OAT se d\u00e9tendent de -2Pts vers 3,248% et les Bunds de seulement -0,7Pt vers 2,567%, soit moins de 68Pts de &lsquo;spread&rsquo;, le meilleur score depuis mars.\n<\/p>\n<p>Ainsi, sur le vieux continent, les op\u00e9rateurs prendront connaissance notamment des indices du sentiment \u00e9conomique de Bruxelles, ainsi que d&rsquo;une nouvelle estimation de la croissance fran\u00e7aise, ou de l&rsquo;inflation en France et en Allemagne.\n<\/p>\n<p>Aux Etats-Unis, sont attendus dans les prochains jours l&rsquo;indice de confiance du Conference Board, une estimation du PIB, puis les revenus et d\u00e9penses des m\u00e9nages (accompagn\u00e9s de l&rsquo;indice des prix PCE surveill\u00e9 de pr\u00e8s par la Fed).\n<\/p>\n<p>Sur le front des publications d&rsquo;entreprises, c&rsquo;est surtout celle du sp\u00e9cialiste des puces pour l&rsquo;IA -et l&rsquo;une des toutes premi\u00e8res capitalisations mondiales- Nvidia, pr\u00e9vue mercredi soir, qui devrait retenir l&rsquo;attention des investisseurs.\n<\/p>\n<p>&lsquo;Ses ventes devraient rester en voie pour r\u00e9pondre aux attentes du march\u00e9, mais, comme pour les deux derniers trimestres, nous ne pr\u00e9voyons pas de d\u00e9passement d&rsquo;attente et de rel\u00e8vement d&rsquo;objectifs significatifs&rsquo;, pronostiquait HSBC.\n<\/p>\n<p>&lsquo;Il faudra surveiller s&rsquo;il y a du changement au niveau de la r\u00e9partition g\u00e9ographique des acheteurs de processeurs Nvidia du fait de la guerre commerciale&rsquo;, pointe Christopher Dembik, senior investment adviser chez Pictet Asset Management.\n<\/p>\n<p>A l&rsquo;occasion de la visite d&rsquo;Emmanuel Macron au Vietnam, Airbus indique que Vietjet, la plus grande compagnie priv\u00e9e du pays, lui a pass\u00e9 une nouvelle commande de 20 gros-porteurs A330-900 pour son expansion au cours de la prochaine d\u00e9cennie.<\/p>\n","protected":false},"excerpt":{"rendered":"(CercleFinance.com) &#8211; Trump rejoue la s\u00e9quence &lsquo;sanctions puis report du d\u00e9lai d&rsquo;application&rsquo;, du coup le CAC40 regagne +1%&hellip;\n","protected":false},"author":2,"featured_media":7013,"comment_status":"","ping_status":"","sticky":false,"template":"","format":"standard","meta":{"footnotes":""},"categories":[6],"tags":[400,398,408,35,405,33,34,1011,27,403,402,399,404,401,406,407],"class_list":{"0":"post-129724","1":"post","2":"type-post","3":"status-publish","4":"format-standard","5":"has-post-thumbnail","7":"category-economie","8":"tag-action-cac-40","9":"tag-bourse-de-paris","10":"tag-boursorama","11":"tag-business","12":"tag-cotations","13":"tag-economie","14":"tag-economy","15":"tag-fr","16":"tag-france","17":"tag-indices-devises","18":"tag-investir","19":"tag-investissement","20":"tag-marche-boursier","21":"tag-sicav","22":"tag-trackers","23":"tag-warrants"},"share_on_mastodon":{"url":"https:\/\/pubeurope.com\/@fr\/114575191755405178","error":""},"_links":{"self":[{"href":"https:\/\/www.europesays.com\/fr\/wp-json\/wp\/v2\/posts\/129724","targetHints":{"allow":["GET"]}}],"collection":[{"href":"https:\/\/www.europesays.com\/fr\/wp-json\/wp\/v2\/posts"}],"about":[{"href":"https:\/\/www.europesays.com\/fr\/wp-json\/wp\/v2\/types\/post"}],"author":[{"embeddable":true,"href":"https:\/\/www.europesays.com\/fr\/wp-json\/wp\/v2\/users\/2"}],"replies":[{"embeddable":true,"href":"https:\/\/www.europesays.com\/fr\/wp-json\/wp\/v2\/comments?post=129724"}],"version-history":[{"count":0,"href":"https:\/\/www.europesays.com\/fr\/wp-json\/wp\/v2\/posts\/129724\/revisions"}],"wp:featuredmedia":[{"embeddable":true,"href":"https:\/\/www.europesays.com\/fr\/wp-json\/wp\/v2\/media\/7013"}],"wp:attachment":[{"href":"https:\/\/www.europesays.com\/fr\/wp-json\/wp\/v2\/media?parent=129724"}],"wp:term":[{"taxonomy":"category","embeddable":true,"href":"https:\/\/www.europesays.com\/fr\/wp-json\/wp\/v2\/categories?post=129724"},{"taxonomy":"post_tag","embeddable":true,"href":"https:\/\/www.europesays.com\/fr\/wp-json\/wp\/v2\/tags?post=129724"}],"curies":[{"name":"wp","href":"https:\/\/api.w.org\/{rel}","templated":true}]}}