{"id":129730,"date":"2025-05-26T17:00:10","date_gmt":"2025-05-26T17:00:10","guid":{"rendered":"https:\/\/www.europesays.com\/fr\/129730\/"},"modified":"2025-05-26T17:00:10","modified_gmt":"2025-05-26T17:00:10","slug":"saint-etienne-des-passants-maitrisent-un-homme-qui-venait-de-briser-la-vitre-dune-voiture","status":"publish","type":"post","link":"https:\/\/www.europesays.com\/fr\/129730\/","title":{"rendered":"Saint-Etienne. Des passants ma\u00eetrisent un homme qui venait de briser la vitre d\u2019une voiture"},"content":{"rendered":"<p>C\u2019est un v\u00e9ritable fl\u00e9au pour les propri\u00e9taires d\u2019automobiles. Le vol \u00e0 la roulotte suscite bien souvent col\u00e8re et agacement, car le propri\u00e9taire du v\u00e9hicule est victime d\u2019un larcin, mais aussi d\u2019une d\u00e9gradation de son v\u00e9hicule qui va g\u00e9n\u00e9rer des frais suppl\u00e9mentaires, entre assurances et r\u00e9parations.<\/p>\n<p>  Un vol \u00e0 la roulotte perp\u00e9tr\u00e9 rue Blanqui<\/p>\n<p>Alors quand ils ont vu cet homme fracasser la vitre d\u2019une automobile stationn\u00e9e rue Blanqui \u00e0 Saint-Etienne, \u00e0 quelques encablures de l\u2019h\u00f4tel de ville, samedi 24\u00a0mai vers 19 heures, et voler une veste apr\u00e8s avoir fouill\u00e9 dans la voiture, ces passants n\u2019ont pas h\u00e9sit\u00e9 \u00e0 intervenir et l\u2019ont ma\u00eetris\u00e9 avec force.<\/p>\n<p>Selon une source polici\u00e8re, ils ont r\u00e9ussi \u00e0 le maintenir jusqu\u2019\u00e0 l\u2019arriv\u00e9e rapide d\u2019un \u00e9quipage de la police nationale.<\/p>\n<p>Plac\u00e9 en garde \u00e0 vue, l\u2019homme, \u00e2g\u00e9 de 54 ans, a \u00e9t\u00e9 auditionn\u00e9 avant d\u2019\u00eatre rel\u00e2ch\u00e9. Il sera cependant convoqu\u00e9 devant le tribunal correctionnel de Saint-Etienne au cours des prochaines semaines pour r\u00e9pondre de ses actes.<\/p>\n","protected":false},"excerpt":{"rendered":"C\u2019est un v\u00e9ritable fl\u00e9au pour les propri\u00e9taires d\u2019automobiles. Le vol \u00e0 la roulotte suscite bien souvent col\u00e8re et&hellip;\n","protected":false},"author":2,"featured_media":129731,"comment_status":"","ping_status":"","sticky":false,"template":"","format":"standard","meta":{"footnotes":""},"categories":[9653],"tags":[1111,11,2430,271,272,7539,1777,674,274,1011,27,3367,12,25,4001,7538],"class_list":{"0":"post-129730","1":"post","2":"type-post","3":"status-publish","4":"format-standard","5":"has-post-thumbnail","7":"category-saint-etienne","8":"tag-actu","9":"tag-actualites","10":"tag-auvergne-rhone-alpes","11":"tag-crime","12":"tag-delit-et-contravention","13":"tag-edition-loire-sud","14":"tag-eu","15":"tag-europe","16":"tag-faits-divers-justice","17":"tag-fr","18":"tag-france","19":"tag-loire","20":"tag-news","21":"tag-republique-francaise","22":"tag-saint-etienne","23":"tag-saint-etienne-ville"},"share_on_mastodon":{"url":"https:\/\/pubeurope.com\/@fr\/114575208959684150","error":""},"_links":{"self":[{"href":"https:\/\/www.europesays.com\/fr\/wp-json\/wp\/v2\/posts\/129730","targetHints":{"allow":["GET"]}}],"collection":[{"href":"https:\/\/www.europesays.com\/fr\/wp-json\/wp\/v2\/posts"}],"about":[{"href":"https:\/\/www.europesays.com\/fr\/wp-json\/wp\/v2\/types\/post"}],"author":[{"embeddable":true,"href":"https:\/\/www.europesays.com\/fr\/wp-json\/wp\/v2\/users\/2"}],"replies":[{"embeddable":true,"href":"https:\/\/www.europesays.com\/fr\/wp-json\/wp\/v2\/comments?post=129730"}],"version-history":[{"count":0,"href":"https:\/\/www.europesays.com\/fr\/wp-json\/wp\/v2\/posts\/129730\/revisions"}],"wp:featuredmedia":[{"embeddable":true,"href":"https:\/\/www.europesays.com\/fr\/wp-json\/wp\/v2\/media\/129731"}],"wp:attachment":[{"href":"https:\/\/www.europesays.com\/fr\/wp-json\/wp\/v2\/media?parent=129730"}],"wp:term":[{"taxonomy":"category","embeddable":true,"href":"https:\/\/www.europesays.com\/fr\/wp-json\/wp\/v2\/categories?post=129730"},{"taxonomy":"post_tag","embeddable":true,"href":"https:\/\/www.europesays.com\/fr\/wp-json\/wp\/v2\/tags?post=129730"}],"curies":[{"name":"wp","href":"https:\/\/api.w.org\/{rel}","templated":true}]}}