{"id":129732,"date":"2025-05-26T17:01:16","date_gmt":"2025-05-26T17:01:16","guid":{"rendered":"https:\/\/www.europesays.com\/fr\/129732\/"},"modified":"2025-05-26T17:01:16","modified_gmt":"2025-05-26T17:01:16","slug":"municipales-2026-a-droite-et-au-centre-sept-dun-coup-a-saint-etienne","status":"publish","type":"post","link":"https:\/\/www.europesays.com\/fr\/129732\/","title":{"rendered":"Municipales 2026 : \u00e0 droite et au centre, sept d&rsquo;un coup \u00e0 Saint-Etienne"},"content":{"rendered":"<p class=\"is-style-chapo\">LR, UDI, Modem, Renaissance, Horizons, Parti radical et Parti radical de gauche (PRG) sont depuis vendredi officiellement engag\u00e9s dans un \u00ab\u00a0projet commun\u00a0\u00bb aux Municipales et une liste tout aussi commune. Ils en d\u00e9termineront la t\u00eate non via des primaires mais \u00ab\u00a0un sondage\u00a0\u00bb. Objectif\u00a0de \u00ab\u00a0Saint-Etienne Ensemble 2026\u00a0\u00bb : \u00ab faire rena\u00eetre la ville\u00a0\u00bb\u00a0en battant \u00e0 la fois la gauche et le maire sortant Ga\u00ebl Perdriau, ex LR, exclu il y a 2 ans et demi de son ancien parti en raison de \u00ab\u00a0l\u2019affaire\u00a0\u00bb. Un arc d\u2019alliance \u00e0 la largesse pr\u00e9sent\u00e9e comme \u00ab\u00a0in\u00e9dite\u00a0\u00bb en France.<\/p>\n<p><img fetchpriority=\"high\" decoding=\"async\" width=\"1024\" height=\"576\" src=\"https:\/\/www.europesays.com\/fr\/wp-content\/uploads\/2025\/05\/une-2-1024x576.jpg\" alt=\"\" class=\"wp-image-79367\"  \/>Dirigeants, repr\u00e9sentants (et quelques membres) de sept partis en question posant devant l\u2019h\u00f4tel de ville. \u00a9If Saint-Etienne \/ XA<\/p>\n<p>Quasiment au grand complet. A droite et au centre, le paysage des vell\u00e9it\u00e9s politiques en vue des Municipales 2026 \u00e0 Saint-Etienne s\u2019est brusquement simplifi\u00e9 vendredi dans un contexte local justement fa\u00e7onn\u00e9 par la complexit\u00e9. LR, UDI, Modem, Renaissance, Horizons, Parti radical et le Parti radical de gauche (PRG) avec les soutiens logiques de l\u2019ancien maire Michel Thiolli\u00e8re et de l\u2019actuel pr\u00e9sident du D\u00e9partement Georges Ziegler, ont officiellement annonc\u00e9 leur d\u00e9cision d\u2019union ferme, d\u00e9finitive et irr\u00e9vocable en constituant \u00ab\u00a0Saint-Etienne Ensemble 2026\u00a0\u00bb. S\u2019y associe la dizaine d\u2019\u00e9lus ayant quitt\u00e9 la majorit\u00e9 de Ga\u00ebl Perdriau il y a bient\u00f4t <a href=\"https:\/\/www.if-saint-etienne.fr\/politique-societe\/conseil-municipal-de-saint-etienne-autopsie-dun-chaos\" target=\"_blank\" rel=\"noreferrer noopener\">un an<\/a>, dont les ex adjoints rest\u00e9s LR Nicole Peycelon, Claude Liogier ou encore Robert Karulak.<\/p>\n<p>\u00ab\u00a0Les discussions ont commenc\u00e9 petit \u00e0 petit cet automne mais tout s\u2019est acc\u00e9l\u00e9r\u00e9 \u00e0 partir de fin janvier-d\u00e9but f\u00e9vrier\u00a0\u00bb, pr\u00e9cise \u00e0 If ce dernier et \u00e0 qui a \u00e9t\u00e9 confi\u00e9 les relations presse de cet \u00ab\u00a0arc\u00a0\u00bb d\u00e9sign\u00e9 par ses fondateurs de r\u00e9publicain et \u00ab\u00a0d\u2019in\u00e9dit\u00a0\u00bb \u00e0 l\u2019\u00e9chelle m\u00eame du pays du fait de sa largesse. Ils excluent d\u2019avance toute possibilit\u00e9 de rapprochement \u2013 d\u00e8s maintenant et en cas de 2e tour \u2013 avec les extr\u00eames et associ\u00e9s sur leur droite\u00a0:\u00a0le RN, l\u2019UDR d\u2019Eric Ciotti, Debout la France et, a fortiori, donc\u00a0Reconqu\u00eate si tant est que le parti d\u2019Eric Zemmour d\u00e9p\u00eache un candidat \u00e0 Saint-Etienne. Tandis que de l\u2019autre c\u00f4t\u00e9 de l\u2019\u00e9chiquier, <a href=\"https:\/\/www.if-saint-etienne.fr\/politique-societe\/municipales-2026-a-saint-etienne-lfi-a-presente-ses-axes-programmatiques\" target=\"_blank\" rel=\"noreferrer noopener\">LFI<\/a> est consid\u00e9r\u00e9e \u00e0 leurs yeux comme un autre extr\u00eame antid\u00e9mocratique \u00e0 battre \u00e0 tout prix afin d\u2019\u00e9viter une \u00ab catastrophe\u00a0\u00bb pour Saint-Etienne. Exclu aussi, tout rapprochement avec les socialistes locaux\u00a0: \u00ab\u00a0Il y a d\u00e9sormais deux d\u00e9put\u00e9s extr\u00e9mistes \u00e0 Saint-Etienne \u00bb, a m\u00eame tamponn\u00e9, vendredi Quentin Bataillon, fugace d\u00e9put\u00e9 st\u00e9phanois au nom de Renaissance de 2022 \u00e0 2024.<\/p>\n<p>Une charte pour graver les engagements<\/p>\n<p>Le PS, en discussions pour former une <a href=\"https:\/\/www.if-saint-etienne.fr\/politique-societe\/municipales-2026-a-saint-etienne-la-gauche-plurielle-oui-mais-faute-daccord-a-ce-stade\" target=\"_blank\" rel=\"noreferrer noopener\">union<\/a> avec EELV, LFI Saint\u00e9 Populaire et le PC n\u2019\u00e9tait de toute fa\u00e7on pas int\u00e9ress\u00e9 et partira seul ou via une union \u00ab\u00a0compl\u00e8te\u00a0\u00bb, sinon partielle \u00e0 gauche. De leurs c\u00f4t\u00e9s, ce sont donc sept repr\u00e9sentants de premier plan ou n\u00b01 d\u00e9partementaux de leurs partis, avec, ont-ils pr\u00e9cis\u00e9 l\u2019aval officiel de ces derniers au niveau national, qui ont sign\u00e9 vendredi une charte officielle\u00a0posant la ligne de conduite, les grands principes inali\u00e9nables de \u00ab\u00a0Saint-Etienne Ensemble 2026\u00a0\u00bb. A savoir, l\u2019engagement \u00e0 cr\u00e9er une association regroupant l\u2019ensemble des sympathisants militants et soutiens des partis signataires\u00a0; via cette derni\u00e8re \u00e0 faire campagne derri\u00e8re cette m\u00eame banni\u00e8re ; d\u00e9finir un projet aussi commun que leur future liste sera commune, et annonc\u00e9e comme \u00ab\u00a0transpartisane\u00a0\u00bb car \u00ab\u00a0s\u2019appuyant uniquement sur des comp\u00e9tences\u00a0\u00bb, \u00ab\u00a0ouverte aux sans \u00e9tiquettes\u00a0\u00bb.<\/p>\n<p>Le d\u00e9put\u00e9 du Gier Emmanuel Mandon \u00e9tait signataire de cette charte au nom du MoDem malgr\u00e9 une pr\u00e9sidence Loire tenue par Siham Labich, adjointe rest\u00e9e fid\u00e8le \u00e0 Ga\u00ebl Perdriau\u00a0; Quentin Bataillon repr\u00e9sentait Renaissance donc ; Lionel Boucher longtemps lieutenant de <a href=\"https:\/\/www.if-saint-etienne.fr\/politique-societe\/gilles-artigues-il-ny-a-pas-dautre-verite\" target=\"_blank\" rel=\"noreferrer noopener\">Gilles Artigues<\/a>, ex adjoint rel\u00e9gu\u00e9 de force conseiller d\u2019opposition, \u00e9tait logiquement l\u00e0 pour l\u2019UDI\u00a0; Zahra Bencharif pour le Parti Radical de Gauche (membre et ex adjoint de Maurice Vincent, Andr\u00e9 Friendeberg \u00e9tait pr\u00e9sent aussi) pour ce qui est de la seule composante centre gauche de l\u2019arc qui nous avait fait part de son absolue \u00ab <a href=\"https:\/\/www.if-saint-etienne.fr\/legislatives-2022\/elections-legislatives-a-gauche-il-y-a-des-alternatives-a-la-nupes\" target=\"_blank\" rel=\"noreferrer noopener\">incompatibilit\u00e9<\/a>\u00a0\u00bb avec LFI d\u00e8s 2022. Les derniers ralli\u00e9s \u00e0 l\u2019attelage semblent avoir \u00e9t\u00e9 Horizons avec Eric Le Jaou\u00ebn comme candidat <a href=\"https:\/\/www.if-saint-etienne.fr\/breves\/municipales-2026-eric-le-jaouen-candidat\" target=\"_blank\" rel=\"noreferrer noopener\">d\u00e9j\u00e0 en lice<\/a> et le Parti radical pr\u00e9sid\u00e9 par Alain Berth\u00e9as, ajout\u00e9s \u00e0 la liste des acteurs peu avant le jour J de la pr\u00e9sentation. Et pas seulement en raison d\u2019un oubli technique selon nos informations bien que rien n\u2019indique de fondamentales h\u00e9sitations sur le fond.<\/p>\n<p>Un sondage pour d\u00e9signer la t\u00eate de liste<\/p>\n<p>Il y a, enfin, Dino Cinieri au nom des LR, dont l\u2019ensemble des \u00e9lus majeurs dans la Loire s\u2019\u00e9taient d\u00e9finitivement \u2013 ou brusquement\u2026 \u2013 d\u00e9solidaris\u00e9es publiquement de Ga\u00ebl Perdriau fin <a href=\"https:\/\/www.if-saint-etienne.fr\/politique\/25-elus-de-la-loire-appellent-gael-perdriau-a-demissionner-dont-georges-ziegler-herve-reynaud-christophe-bazile-et-yves-nicolin\" target=\"_blank\" rel=\"noreferrer noopener\">novembre<\/a> 2022, trois mois apr\u00e8s la premi\u00e8re publication de Mediapart, quand la <a href=\"https:\/\/www.if-saint-etienne.fr\/politique\/mediapart-publie-la-suite-de-son-enquete\" target=\"_blank\" rel=\"noreferrer noopener\">diffusion<\/a> d\u2019un enregistrement li\u00e9 \u00e0 l\u2019affaire \u00e9tait venu \u00e9clabousser Laurent Wauquiez, enfon\u00e7ant six pieds sous terre ses relations d\u00e9j\u00e0 pr\u00e9alablement hostiles avec le maire de Saint-Etienne\u2026 L\u2019abandon \u00e0 l\u2019automne 2023 par Dino Cinieri de son poste de d\u00e9put\u00e9, pourtant r\u00e9\u00e9lu en juin 2022 n\u2019est bien s\u00fbr sans doute pas \u00e9tranger \u00e0 ce qui se passe aujourd\u2019hui. En tant que futur leader, et donc t\u00eate de liste,\u00a0de cette large alliance\u00a0? L\u2019ex parlementaire qui n\u2019a sans doute pas r\u00e9cup\u00e9r\u00e9 par hasard un mandat de vice-pr\u00e9sident au sein du Parc naturel r\u00e9gional du Pilat juste avant sa d\u00e9mission du Palais Bourbon, justifiant m\u00eame cette derni\u00e8re par cette \u00e9lection, semble avoir \u00e9t\u00e9 missionn\u00e9 par sa famille politique pour \u00e9viter que Saint-Etienne ne tombe \u00e0 gauche et\/ou reste aux mains de Ga\u00ebl Perdriau.<\/p>\n<blockquote class=\"wp-block-quote is-layout-flow wp-block-quote-is-layout-flow\">\n<p>Chaque parti composant cet arc, du moins, s\u2019il le souhaite, d\u00e9signera une personne pour participer \u00e0 ce sondage.<\/p>\n<\/blockquote>\n<p>Vendredi, il avait l\u2019air au centre de la man\u0153uvre \u2013 a minima sur la formation \/ animation de cette alliance \u2013 en se fiant \u00e0 ses prises de paroles r\u00e9p\u00e9t\u00e9s initiale, interm\u00e9diaires et conclusive. Ainsi, parfois, qu\u2019aux d\u00e9clarations d\u2019encouragement de partenaires. De l\u00e0 \u00e0 en faire le leader\u2026 S\u2019il veut en \u00eatre effectivement, c\u2019est le seul r\u00e9sultat d\u2019un sondage aupr\u00e8s des St\u00e9phanois qui le dira, a act\u00e9 \u2013 cela fait l\u2019objet d\u2019un article de sa charte \u2013 \u00ab\u00a0Saint-Etienne Ensemble 2026\u00a0\u00bb. Mode de d\u00e9signation pr\u00e9f\u00e9r\u00e9 \u00e0 des primaires jug\u00e9es \u00e0 l\u2019\u00e9vidence trop casse-gueule \u00e0 organiser au regard du poids respectif des formations impliqu\u00e9es. Du passif en la mati\u00e8re sans doute aussi. \u00ab\u00a0Chaque parti composant cet arc, du moins, s\u2019il le souhaite, d\u00e9signera une personne pour participer \u00e0 ce sondage. Au regard des incertitudes qui touchent le pays avec encore des possibilit\u00e9s de motion de censure, de dissolution et parce que nous voulons avant cela d\u00e9finir notre programme\u00a0commun, nous effectuerons ce sondage cet automne.\u00a0\u00bb<\/p>\n<p>\u00ab\u00a0Notre ville est isol\u00e9e\u00a0\u00bb<\/p>\n<p>\u00ab\u00a0Entre les mois de septembre et de novembre 2025 \u00bb, dit exactement la charte qui engage \u00e0 \u00ab\u00a0respecter, accepter les r\u00e9sultats ainsi qu\u2019\u00e0 travailler avec celle ou celui qui sera d\u00e9sign\u00e9 (e) comme chef de file, \u00e0 la constitution d\u2019une liste repr\u00e9sentative des diff\u00e9rents courants\u00a0\u00bb. Vendredi, seul Eric Le Jaou\u00ebn dans la continuit\u00e9 d\u2019une campagne qu\u2019il a d\u00e9j\u00e0 lanc\u00e9e a annonc\u00e9 qu\u2019il serait de ce sondage au nom d\u2019Horizons. En attendant, la campagne de chaque associ\u00e9, si elle a d\u00e9j\u00e0 lieu, doit d\u00e9sormais se mener sous le tampon \u00ab\u00a0Saint-Etienne Ensemble 2026\u00a0\u00bb au logo et trac\u00e9 d\u2019arc retourn\u00e9 colori\u00e9s en vert comme en r\u00e9f\u00e8re Saint-Etienne \u00e0 d\u00e9faut d\u2019un code couleur suffisamment commun pour ne pas effacer l\u2019une ou l\u2019autre des formations regroup\u00e9es. Il s\u2019agira donc, au moins dans ces premi\u00e8res semaines d\u2019annoncer, expliquer cette union visant \u00e0 \u00ab\u00a0d\u00e9passer les clivages partisans pour placer Saint-Etienne au c\u0153ur des priorit\u00e9s\u00a0\u00bb puisque le projet commun n\u2019est pas d\u00e9fini. Si ce n\u2019est \u00ab\u00a0faire rena\u00eetre notre ville \u00e0 travers une dynamique collective, responsable et unie\u00a0\u00bb.<\/p>\n<p><img loading=\"lazy\" decoding=\"async\" width=\"1024\" height=\"578\" src=\"https:\/\/www.europesays.com\/fr\/wp-content\/uploads\/2025\/05\/b-1024x578.jpg\" alt=\"\" class=\"wp-image-79372\"  \/>Photo plus large de cette famille recompos\u00e9e. \u00a9If Saint-Etienne \/ XA<\/p>\n<p>\u00ab\u00a0Nous voulons redonner \u00e0 Saint-Etienne le souffle dont elle a besoin. Car le constat est clair. Notre ville est isol\u00e9e, en perte de cr\u00e9dibilit\u00e9 et souffre d\u2019une image d\u00e9grad\u00e9e.\u00a0\u00bb La capacit\u00e9 induite et donc pr\u00eat\u00e9e par ce constat \u00e0 des ex\u00e9cutifs de collectivit\u00e9s issus des urnes (R\u00e9gion, D\u00e9partement\u2026) mais aussi des gouvernements et leurs agences quant \u00e0 l\u2019\u00e9coute et le co-financement des projets Ville et m\u00e9tropole, et donc avec de hauts fonctionnaires d\u2019Etat non issus des urnes, \u00e0 ainsi sanctionner 400\u00a0000 st\u00e9phano-m\u00e9tropolitains en raison de l\u2019affaire, interroge tr\u00e8s lourdement sur la conception de l\u2019int\u00e9r\u00eat g\u00e9n\u00e9ral que se feraient alors ces m\u00eames \u00ab\u00a0d\u00e9cideurs\u00a0\u00bb (s\u2019ajoute l\u2019argument d\u2019un effet \u00e9pouvantail c\u00f4t\u00e9 priv\u00e9 aussi mais l\u00e0, il ne s\u2019agit pas de l\u2019argent appartenant aux citoyens fran\u00e7ais et \u00e0 eux seuls). Reste que la droite, le centre, et une petite part du centre gauche avec le PRG consid\u00e8rent Saint-Etienne en plein marasme depuis et en raison de l\u2019\u00e9clatement de l\u2019affaire.<\/p>\n<p>Ga\u00ebl Perdriau sera-t-il en mesure d\u2019\u00eatre concurrent\u00a0?<\/p>\n<p>\u00ab\u00a0A situation exceptionnelle, mesure exceptionnelle. Il est urgent de se d\u00e9barrasser d\u2019un pouvoir malsain\u00a0\u00bb, veut r\u00e9sumer Zahra Bencharif. Mais au-del\u00e0\u00a0? Si chaque parti dit de toute fa\u00e7on constater, avant m\u00eame de les croiser et synth\u00e9tiser pour de bon, que leurs analyses et rem\u00e8des respectifs \u00e0 la situation sont d\u00e9j\u00e0 tr\u00e8s proches, quid de la politique men\u00e9e par la majorit\u00e9 de droite et centre droit de Perdriau de 2014 \u00e0 2022 ? S\u00e9curit\u00e9, urbanisme, commerces,\u00a0transports, environnement : fallait-il que ce qui fut leur propre camp, au moins pour une grande part des acteurs dans la salle vendredi, fasse en r\u00e9alit\u00e9 autrement\u00a0? Alors m\u00eame que des membres de cette m\u00eame majorit\u00e9 sont de Saint-Etienne Ensemble 2026\u00a0? A d\u00e9faut d\u2019une r\u00e9ponse de la part des dirigeants de partis \u2013 \u00ab\u00a0ce n\u2019est pas le sujet aujourd\u2019hui\u00a0! \u00bb, c\u2019est un de ceux directement \u00e9vinc\u00e9s par Ga\u00ebl Perdriau, Claude Liogier qui nous r\u00e9pond\u00a0:<\/p>\n<p>\u00ab Oui, nous avons adh\u00e9r\u00e9 au projet et pour beaucoup d\u00e9cid\u00e9 d\u2019\u00eatre de sa continuit\u00e9 en 2020. Et bien s\u00fbr que du bon travail a aussi \u00e9t\u00e9 fait, comme nous le d\u00e9fendions encore il y a un peu plus d\u2019un an. Mais il faut faire la diff\u00e9rence entre le d\u00e9roulement du premier et du second mandat. Au niveau de la gouvernance du maire, toujours plus autocratique, avec des adjoints au maire et non pas les maires adjoints que nous promettons d\u2019avoir cette fois. D\u2019autre part, nous estimons que ces deux, trois derni\u00e8res ann\u00e9es, le centre-ville a \u00e9t\u00e9 de plus en plus d\u00e9laiss\u00e9 \u00e0 tous points de vue et que les derni\u00e8res orientations prises ne vont plus dans le sens de ce \u00e0 quoi nous adh\u00e9rions.\u00a0\u00bb Un peu plus t\u00f4t, Dino Cinieri avait attaqu\u00e9 plus frontalement : \u00ab\u00a0C\u2019est facile d\u2019augmenter les imp\u00f4ts en se disant en danger pour finalement constater 12 M\u20ac d\u2019exc\u00e9dents et faire d\u00e9j\u00e0 campagne \u00e0 tout va, en faisant la tourn\u00e9e des quartiers, en distribuant l\u2019argent, en disant oui \u00e0 tout brusquement.\u00a0\u00bb \u00a0\u00a0\u00a0<\/p>\n<blockquote>\n<p>Il faut faire la diff\u00e9rence entre le d\u00e9roulement du premier et du second mandat. Au niveau de la gouvernance mais pas que. <\/p>\n<p>Claude Liogier, \u00e9lu d\u2019opposition, ex adjoint au maire de 2014 \u00e0 2024<\/p><\/blockquote>\n<p>En <a href=\"https:\/\/www.archives-resultats-elections.interieur.gouv.fr\/resultats\/municipales-2020\/042\/042218.php\" target=\"_blank\" rel=\"noreferrer noopener\">2020<\/a>, la liste Perdriau (adoub\u00e9e LR \/ UDI et autres centre droit) avait r\u00e9alis\u00e9 pr\u00e8s de 47 % des voix exprim\u00e9s d\u00e8s le 1er tour \u00e0 Saint-Etienne. Le candidat d\u2019En Marche 4,7 %. Il <a href=\"https:\/\/www.vie-publique.fr\/fiches\/20204-municipales-quel-mode-de-scrutin-dans-les-communes-de-1000-hab-et-plus\" target=\"_blank\" rel=\"noreferrer noopener\">faudra<\/a> r\u00e9aliser 10 % des voix exprim\u00e9s pour \u00eatre du second tour. Certes mars 2020 et mai 2025 sont s\u00e9par\u00e9s par une \u00e9ternit\u00e9 de faits nationaux et locaux, parfois crois\u00e9s, et souvent bouleversants. Physionomie \u00e9lectorale de la ville compris\u00a0? Les donn\u00e9es de l\u2019\u00e9quation restent de toute fa\u00e7on en grande partie \u00e0 d\u00e9terminer. A commencer par l\u2019union compl\u00e8te ou non de la gauche. Mais aussi, la candidature de Ga\u00ebl Perdriau \u00e0 sa succession, \u00e0 l\u2019\u00e9vidence attendue mais potentiellement emp\u00each\u00e9e techniquement. Si le maire de Saint-Etienne fait l\u2019objet d\u2019un <a href=\"https:\/\/www.if-saint-etienne.fr\/immobilier-vie-juridique\/affaire-de-chantage-le-parquet-requiert-un-proces-cela-ne-changera-rien-au-delai\" target=\"_blank\" rel=\"noreferrer noopener\">proc\u00e8s<\/a> cet automne avec conclusion d\u2019in\u00e9ligibilit\u00e9 avant les \u00e9lections et qu\u2019un appel ne pourra plus forc\u00e9ment parer. A moins que le passage au tribunal soit fix\u00e9 \u00e0 l\u2019hiver\u00a0? Peu probable puisqu\u2019encore plus \u00ab\u00a0t\u00e9l\u00e9scopable\u00a0\u00bb avec la campagne des Municipales ? Alors apr\u00e8s l\u2019\u00e9lection\u00a0? Pas plus satisfaisant quant au risque imm\u00e9diat encouru pour la vie publique si l\u2019\u00e9ventuel accus\u00e9 \u00e9tait juste avant r\u00e9\u00e9lu. Le d\u00e9p\u00f4t officiel de candidatures devrait, comme \u00e0 l\u2019accoutum\u00e9e, se situer entre fin janvier et fin f\u00e9vrier 2026. De quoi laisser du terrain \u00e0 d\u2019autres bouleversements.<\/p>\n<p>Maurice Vincent et la Convention sollicit\u00e9s\u00a0? \u00ab\u00a0A ce stade, c\u2019est pr\u00e9cipit\u00e9\u00a0\u00bb<\/p>\n<p>Si le PRG repr\u00e9sente maigrement au sein de cette union son c\u00f4t\u00e9 centre gauche, il peut se voir potentiellement garnir  par le mouvement socio-d\u00e9mocrate lanc\u00e9 par l\u2019ex PS Bernard Cazeneuve, la Convention, <a href=\"https:\/\/www.if-saint-etienne.fr\/politique\/maurice-vincent-une-social-democratie-renovee-est-la-seule-voie-possible\" target=\"_blank\" rel=\"noreferrer noopener\">repr\u00e9sent\u00e9e<\/a> dans la Loire par l\u2019ex PS aussi et maire de Saint-Etienne de 2008 \u00e0 2014. Un appel du pied lui a \u00e9t\u00e9 fait vendredi, son ancien adversaire Michel Thiolli\u00e8re compris lors d\u2019une vid\u00e9o. Contact\u00e9 par If Saint-Etienne ce matin, Maurice Vincent confirme la sollicitation et des \u00e9changes\u00a0mais estime que donner une r\u00e9ponse \u00e0 \u00ab\u00a0ce stade, serait pr\u00e9cipit\u00e9e. Nous d\u00e9ciderons probablement \u00e0 la rentr\u00e9e \u00e0 la suite d\u2019une r\u00e9flexion, j\u2019insiste, collective et pas de mon seul fait. Notre mouvement attend d\u00e9j\u00e0 de conna\u00eetre la ligne des socialistes vis-\u00e0-vis de LFI \u00e0 la suite de leur congr\u00e8s (ce 27 main Ndlr) mais il y a d\u2019autres incertitudes comme le risque d\u2019une motion de censure du gouvernement, voire de dissolution. C\u2019est trop t\u00f4t.\u00a0Saint-Etienne est une grande ville et ce qui passe au niveau national a forc\u00e9ment un impact sur ce type de d\u00e9cisions. Or, s\u2019ajoute localement l\u2019\u00e9ventualit\u00e9 du proc\u00e8s\u2026\u00bb \u00a0<\/p>\n","protected":false},"excerpt":{"rendered":"LR, UDI, Modem, Renaissance, Horizons, Parti radical et Parti radical de gauche (PRG) sont depuis vendredi officiellement engag\u00e9s&hellip;\n","protected":false},"author":2,"featured_media":129733,"comment_status":"","ping_status":"","sticky":false,"template":"","format":"standard","meta":{"footnotes":""},"categories":[9653],"tags":[1111,11,2430,3335,6592,15916,2761,15917,1777,674,1011,27,25379,3434,12,25380,25,4001,25381],"class_list":{"0":"post-129732","1":"post","2":"type-post","3":"status-publish","4":"format-standard","5":"has-post-thumbnail","7":"category-saint-etienne","8":"tag-actu","9":"tag-actualites","10":"tag-auvergne-rhone-alpes","11":"tag-centre","12":"tag-droite","13":"tag-electif","14":"tag-elections-municipales-2026","15":"tag-elections-municipales-saint-etienne","16":"tag-eu","17":"tag-europe","18":"tag-fr","19":"tag-france","20":"tag-liste-dunion","21":"tag-municipales-2026","22":"tag-news","23":"tag-partis-politiques","24":"tag-republique-francaise","25":"tag-saint-etienne","26":"tag-saint-etienne-ensemble-2026"},"share_on_mastodon":{"url":"https:\/\/pubeurope.com\/@fr\/114575211531523599","error":""},"_links":{"self":[{"href":"https:\/\/www.europesays.com\/fr\/wp-json\/wp\/v2\/posts\/129732","targetHints":{"allow":["GET"]}}],"collection":[{"href":"https:\/\/www.europesays.com\/fr\/wp-json\/wp\/v2\/posts"}],"about":[{"href":"https:\/\/www.europesays.com\/fr\/wp-json\/wp\/v2\/types\/post"}],"author":[{"embeddable":true,"href":"https:\/\/www.europesays.com\/fr\/wp-json\/wp\/v2\/users\/2"}],"replies":[{"embeddable":true,"href":"https:\/\/www.europesays.com\/fr\/wp-json\/wp\/v2\/comments?post=129732"}],"version-history":[{"count":0,"href":"https:\/\/www.europesays.com\/fr\/wp-json\/wp\/v2\/posts\/129732\/revisions"}],"wp:featuredmedia":[{"embeddable":true,"href":"https:\/\/www.europesays.com\/fr\/wp-json\/wp\/v2\/media\/129733"}],"wp:attachment":[{"href":"https:\/\/www.europesays.com\/fr\/wp-json\/wp\/v2\/media?parent=129732"}],"wp:term":[{"taxonomy":"category","embeddable":true,"href":"https:\/\/www.europesays.com\/fr\/wp-json\/wp\/v2\/categories?post=129732"},{"taxonomy":"post_tag","embeddable":true,"href":"https:\/\/www.europesays.com\/fr\/wp-json\/wp\/v2\/tags?post=129732"}],"curies":[{"name":"wp","href":"https:\/\/api.w.org\/{rel}","templated":true}]}}