{"id":129734,"date":"2025-05-26T17:02:09","date_gmt":"2025-05-26T17:02:09","guid":{"rendered":"https:\/\/www.europesays.com\/fr\/129734\/"},"modified":"2025-05-26T17:02:09","modified_gmt":"2025-05-26T17:02:09","slug":"nancy-bloque-a-laeroport-william-boyle-est-contraint-dannuler-ses-rencontres-avec-nicolas-mathieu","status":"publish","type":"post","link":"https:\/\/www.europesays.com\/fr\/129734\/","title":{"rendered":"Nancy. Bloqu\u00e9 \u00e0 l\u2019a\u00e9roport, William Boyle est contraint d\u2019annuler ses rencontres avec Nicolas Mathieu"},"content":{"rendered":"<p><a href=\"https:\/\/www.estrepublicain.fr\/culture-loisirs\/2024\/10\/31\/j-ai-ete-tres-emu-nicolas-mathieu-reagit-a-l-adaptation-de-leurs-enfants-apres-eux-avant-l-avant-premiere-du-film-a-epinal\" target=\"_blank\" rel=\"noopener\">Nicolas Mathieu<\/a> se r\u00e9jouissait ce week-end sur ses r\u00e9seaux sociaux de recevoir l\u2019\u00e9crivain am\u00e9ricain William Boyle \u00e0 Nancy. Preuve qu\u2019il n\u2019avait aucune raison de ne pas y croire\u00a0!<\/p>\n<p>C\u2019\u00e9tait sans compter sur les al\u00e9as m\u00e9t\u00e9o. Les deux hommes devaient introduire ensemble une projection exceptionnelle du film Atlantic City de Louis Malle au cin\u00e9ma Cam\u00e9o ce mardi 27\u00a0mai. Ils devaient \u00e9galement \u00e9changer sur leurs inspirations communes ce mercredi\u00a028 sur la sc\u00e8ne de la salle Poirel. Mais les deux rendez-vous viennent d\u2019\u00eatre annul\u00e9s ce lundi apr\u00e8s-midi.<\/p>\n<p>Si le ciel \u00e9tait relativement d\u00e9gag\u00e9 et cl\u00e9ment au-dessus de l\u2019Hexagone, il en a \u00e9t\u00e9 tout autrement de l\u2019autre c\u00f4t\u00e9 de l\u2019Atlantique. L\u2019avion de William Boyle, invit\u00e9 du Cam\u00e9o et des Grandes Rencontres du <a href=\"https:\/\/www.estrepublicain.fr\/culture-loisirs\/2023\/09\/01\/auteurs-programme-dedicaces-l-indispensable-guide-pratique-du-livre-sur-la-place-de-nancy\" target=\"_blank\" rel=\"noopener\">Livre sur la Place,<\/a> n\u2019a pas pu d\u00e9coller en raison de mauvaises conditions climatiques. Et malgr\u00e9 \u00ab\u00a0huit heures d\u2019attente \u00e0 l\u2019a\u00e9roport pour tenter de trouver une solution et honorer ses engagements, la r\u00e9alit\u00e9 climatique a \u00e9t\u00e9 plus forte\u00a0\u00bb, indiquent les organisateurs qui soulignent \u00ab\u00a0mettre tout en \u0153uvre pour reporter cet \u00e9v\u00e9nement en 2026\u00a0\u00bb.<\/p>\n<p>La projection du film Atlantic City est maintenue mais sous forme d\u2019une s\u00e9ance ordinaire.<\/p>\n","protected":false},"excerpt":{"rendered":"Nicolas Mathieu se r\u00e9jouissait ce week-end sur ses r\u00e9seaux sociaux de recevoir l\u2019\u00e9crivain am\u00e9ricain William Boyle \u00e0 Nancy.&hellip;\n","protected":false},"author":2,"featured_media":129735,"comment_status":"","ping_status":"","sticky":false,"template":"","format":"standard","meta":{"footnotes":""},"categories":[9635],"tags":[1111,11,1687,1704,1777,674,1011,27,775,1702,1703,12,25],"class_list":{"0":"post-129734","1":"post","2":"type-post","3":"status-publish","4":"format-standard","5":"has-post-thumbnail","7":"category-nancy","8":"tag-actu","9":"tag-actualites","10":"tag-culture-loisirs","11":"tag-edition-nancy-et-agglomeration","12":"tag-eu","13":"tag-europe","14":"tag-fr","15":"tag-france","16":"tag-grand-est","17":"tag-nancy","18":"tag-nancy-ville-54b","19":"tag-news","20":"tag-republique-francaise"},"share_on_mastodon":{"url":"","error":""},"_links":{"self":[{"href":"https:\/\/www.europesays.com\/fr\/wp-json\/wp\/v2\/posts\/129734","targetHints":{"allow":["GET"]}}],"collection":[{"href":"https:\/\/www.europesays.com\/fr\/wp-json\/wp\/v2\/posts"}],"about":[{"href":"https:\/\/www.europesays.com\/fr\/wp-json\/wp\/v2\/types\/post"}],"author":[{"embeddable":true,"href":"https:\/\/www.europesays.com\/fr\/wp-json\/wp\/v2\/users\/2"}],"replies":[{"embeddable":true,"href":"https:\/\/www.europesays.com\/fr\/wp-json\/wp\/v2\/comments?post=129734"}],"version-history":[{"count":0,"href":"https:\/\/www.europesays.com\/fr\/wp-json\/wp\/v2\/posts\/129734\/revisions"}],"wp:featuredmedia":[{"embeddable":true,"href":"https:\/\/www.europesays.com\/fr\/wp-json\/wp\/v2\/media\/129735"}],"wp:attachment":[{"href":"https:\/\/www.europesays.com\/fr\/wp-json\/wp\/v2\/media?parent=129734"}],"wp:term":[{"taxonomy":"category","embeddable":true,"href":"https:\/\/www.europesays.com\/fr\/wp-json\/wp\/v2\/categories?post=129734"},{"taxonomy":"post_tag","embeddable":true,"href":"https:\/\/www.europesays.com\/fr\/wp-json\/wp\/v2\/tags?post=129734"}],"curies":[{"name":"wp","href":"https:\/\/api.w.org\/{rel}","templated":true}]}}