{"id":129750,"date":"2025-05-26T17:11:13","date_gmt":"2025-05-26T17:11:13","guid":{"rendered":"https:\/\/www.europesays.com\/fr\/129750\/"},"modified":"2025-05-26T17:11:13","modified_gmt":"2025-05-26T17:11:13","slug":"pourquoi-glenat-va-comparaitre-cette-semaine-au-tribunal","status":"publish","type":"post","link":"https:\/\/www.europesays.com\/fr\/129750\/","title":{"rendered":"pourquoi Gl\u00e9nat va comparaitre cette semaine au tribunal"},"content":{"rendered":"<p>D\u00e9fendre la libert\u00e9 d\u2019expression\u00a0: tel va \u00eatre le mot d\u2019ordre de <a href=\"https:\/\/www.ledauphine.com\/isere-sud\/2019\/01\/28\/grenoble-glenat-50-ans-pour-que-la-bd-accede-au-rang-d-art\" target=\"_blank\" rel=\"nofollow noopener\">Gl\u00e9nat<\/a> ces mardi 27 et mercredi 28 mai. La maison d\u2019\u00e9dition, dont le si\u00e8ge est \u00e0 Grenoble, compara\u00eet en effet cette semaine au tribunal de Nanterre dans le cadre de <a href=\"https:\/\/www.ledauphine.com\/culture-loisirs\/2025\/05\/26\/proces-bastien-vives-atteinte-a-la-liberte-de-creation-ou-promotion-de-la-pedopornographie\" target=\"_blank\" rel=\"nofollow noopener\">l\u2019affaire Bastien Viv\u00e8s<\/a>.<\/p>\n<p>Pour rappel, l\u2019auteur de bandes dessin\u00e9es est jug\u00e9 pour \u00ab\u00a0fixation d\u2019une image \u00e0 caract\u00e8re pornographique d\u2019un mineur de 15 ans\u00a0\u00bb et de sa \u00ab\u00a0diffusion en vue de sa transmission\u00a0\u00bb. Sont en cause ses \u0153uvres Petit Paul et La d\u00e9charge mentale, toutes deux accus\u00e9es de promouvoir une vision sexualis\u00e9e des mineurs. La premi\u00e8re est \u00e9dit\u00e9e par Gl\u00e9nat, la seconde par Requins Marteaux, maison d\u2019\u00e9dition bordelaise elle aussi pr\u00e9sente sur le banc des accus\u00e9s.<\/p>\n<p>\u00ab\u00a0On peut comprendre que cet album [Petit Paul] ait pu choquer, interroger, poser des questions aupr\u00e8s des lecteurs\u00a0\u00bb, a admis Marion Gl\u00e9nat-Corveler, <a href=\"https:\/\/www.ledauphine.com\/isere-sud\/2019\/01\/29\/grenoble-jacques-glenat-va-passer-la-main-a-sa-fille-marion-glenat-corveler\" target=\"_blank\" rel=\"nofollow noopener\">pr\u00e9sidente du directoire<\/a> depuis 2021 de la maison d\u2019\u00e9dition is\u00e9roise, lors d&rsquo;un entretien accord\u00e9 il y a quelques jours \u00e0 l\u2019AFP. Dans l&rsquo;album incrimin\u00e9, on y voyait notamment une relation sexuelle entre un enfant et sa ma\u00eetresse.<\/p>\n<p>  \u00ab\u00a0On est assez serein\u00a0\u00bb<\/p>\n<p>Pour d\u00e9fendre la libert\u00e9 d&rsquo;expression, \u00ab\u00a0une des valeurs fondamentales de notre m\u00e9tier d&rsquo;\u00e9diteur\u00a0\u00bb, Gl\u00e9nat\u00a0sera\u00a0d\u00e9fendu lors du proc\u00e8s par l&rsquo;avocat Richard Malka. \u00ab\u00a0On est assez serein, poursuit \u00e0 l&rsquo;AFP la num\u00e9ro un de la maison d&rsquo;\u00e9dition grenobloise. Ce ne sera pas un moment sympathique \u00e0 vivre, mais on d\u00e9fendra cette valeur-l\u00e0 [&#8230;] Elle est menac\u00e9e, clairement.\u00a0Vous l&rsquo;avez bien vu dans le proc\u00e8s de Charlie qui a eu lieu l&rsquo;ann\u00e9e derni\u00e8re. Et puis, l&rsquo;\u00e9poque a chang\u00e9. On ne s&rsquo;autorise plus les m\u00eames choses. On s&rsquo;autocensure, c&rsquo;est vrai, de nous-m\u00eames un peu.\u00a0\u00bb<\/p>\n","protected":false},"excerpt":{"rendered":"D\u00e9fendre la libert\u00e9 d\u2019expression\u00a0: tel va \u00eatre le mot d\u2019ordre de Gl\u00e9nat ces mardi 27 et mercredi 28&hellip;\n","protected":false},"author":2,"featured_media":129751,"comment_status":"","ping_status":"","sticky":false,"template":"","format":"standard","meta":{"footnotes":""},"categories":[9566],"tags":[1111,11,2430,112,1777,674,274,107,1011,27,2731,108,12,25,273],"class_list":{"0":"post-129750","1":"post","2":"type-post","3":"status-publish","4":"format-standard","5":"has-post-thumbnail","7":"category-grenoble","8":"tag-actu","9":"tag-actualites","10":"tag-auvergne-rhone-alpes","11":"tag-edition-grenoble-agglomeration","12":"tag-eu","13":"tag-europe","14":"tag-faits-divers-justice","15":"tag-fil-info","16":"tag-fr","17":"tag-france","18":"tag-grenoble","19":"tag-isere","20":"tag-news","21":"tag-republique-francaise","22":"tag-selection-de-la-redaction"},"share_on_mastodon":{"url":"https:\/\/pubeurope.com\/@fr\/114575250787423670","error":""},"_links":{"self":[{"href":"https:\/\/www.europesays.com\/fr\/wp-json\/wp\/v2\/posts\/129750","targetHints":{"allow":["GET"]}}],"collection":[{"href":"https:\/\/www.europesays.com\/fr\/wp-json\/wp\/v2\/posts"}],"about":[{"href":"https:\/\/www.europesays.com\/fr\/wp-json\/wp\/v2\/types\/post"}],"author":[{"embeddable":true,"href":"https:\/\/www.europesays.com\/fr\/wp-json\/wp\/v2\/users\/2"}],"replies":[{"embeddable":true,"href":"https:\/\/www.europesays.com\/fr\/wp-json\/wp\/v2\/comments?post=129750"}],"version-history":[{"count":0,"href":"https:\/\/www.europesays.com\/fr\/wp-json\/wp\/v2\/posts\/129750\/revisions"}],"wp:featuredmedia":[{"embeddable":true,"href":"https:\/\/www.europesays.com\/fr\/wp-json\/wp\/v2\/media\/129751"}],"wp:attachment":[{"href":"https:\/\/www.europesays.com\/fr\/wp-json\/wp\/v2\/media?parent=129750"}],"wp:term":[{"taxonomy":"category","embeddable":true,"href":"https:\/\/www.europesays.com\/fr\/wp-json\/wp\/v2\/categories?post=129750"},{"taxonomy":"post_tag","embeddable":true,"href":"https:\/\/www.europesays.com\/fr\/wp-json\/wp\/v2\/tags?post=129750"}],"curies":[{"name":"wp","href":"https:\/\/api.w.org\/{rel}","templated":true}]}}